{"id":2744,"date":"2018-07-09T16:51:41","date_gmt":"2018-07-09T16:51:41","guid":{"rendered":"https:\/\/traduzca.com\/?p=2744"},"modified":"2026-02-13T18:24:05","modified_gmt":"2026-02-13T18:24:05","slug":"europa-cria-minivisto-para-turistas-de-outros-paises-inclusive-brasileiros","status":"publish","type":"post","link":"https:\/\/traduzca.com\/de\/europa-cria-minivisto-para-turistas-de-outros-paises-inclusive-brasileiros\/","title":{"rendered":"Europa cria \u201cminivisto\u201d para turistas de outros pa\u00edses, inclusive brasileiros"},"content":{"rendered":"<figure id=\"attachment_24821\" aria-describedby=\"caption-attachment-24821\" style=\"width: 500px\" class=\"wp-caption alignleft\"><img fetchpriority=\"high\" decoding=\"async\" class=\"Chamado de &quot;minivisto&quot;, o Etias visa aumentar a seguran\u00e7a na Europa. As informa\u00e7\u00f5es cadastradas no sistema ser\u00e3o analisadas em bancos de dados da Uni\u00e3o Europeia e de \u00f3rg\u00e3os internacionais, para determinar se h\u00e1 raz\u00f5es para o n\u00e3o ingresso do visitante em um pa\u00eds. wp-image-24821\" title=\"Chamado de &quot;minivisto&quot;, o Etias visa aumentar a seguran\u00e7a na Europa. As informa\u00e7\u00f5es cadastradas no sistema ser\u00e3o analisadas em bancos de dados da Uni\u00e3o Europeia e de \u00f3rg\u00e3os internacionais, para determinar se h\u00e1 raz\u00f5es para o n\u00e3o ingresso do visitante em um pa\u00eds.\" src=\"https:\/\/www.traduzca.com\/wp-content\/\/uploads\/2018\/07\/europa-cria-minivisto-para-turistas-de-outros-paises-inclusive-brasileiros-1024x683.jpg\" alt=\"Chamado de &quot;minivisto&quot;, o Etias visa aumentar a seguran\u00e7a na Europa. As informa\u00e7\u00f5es cadastradas no sistema ser\u00e3o analisadas em bancos de dados da Uni\u00e3o Europeia e de \u00f3rg\u00e3os internacionais, para determinar se h\u00e1 raz\u00f5es para o n\u00e3o ingresso do visitante em um pa\u00eds.\" width=\"500\" height=\"333\" \/><figcaption id=\"caption-attachment-24821\" class=\"wp-caption-text\">Chamado de &#8220;minivisto&#8221;, o Etias visa aumentar a seguran\u00e7a na Europa. As informa\u00e7\u00f5es cadastradas no sistema ser\u00e3o analisadas em bancos de dados da Uni\u00e3o Europeia e de \u00f3rg\u00e3os internacionais, para determinar se h\u00e1 raz\u00f5es para o n\u00e3o ingresso do visitante em um pa\u00eds.<\/figcaption><\/figure>\n<p style=\"text-align: justify;\">Viajar para a Europa ficar\u00e1 um pouco mais caro e burocr\u00e1tico nos pr\u00f3ximos anos. Uma medida aprovada pelo Parlamento da Europa na \u00faltima semana autorizou a cria\u00e7\u00e3o do Etias, sigla para Sistema Europeu de Informa\u00e7\u00e3o e Autoriza\u00e7\u00e3o de Viagem em ingl\u00eas, que visa controlar o ingresso de cidad\u00e3os de pa\u00edses que n\u00e3o necessitam de visto para entrada nos pa\u00edses da Uni\u00e3o Europeia. Hoje o blog da Traduzca explica o que isso significa.<\/p>\n<p style=\"text-align: justify;\">O Etias, que entra em vigor em 2021, funcionar\u00e1 como um banco de dados para cidad\u00e3os de pa\u00edses que n\u00e3o necessitam de visto para ingressar em na\u00e7\u00f5es da Uni\u00e3o Europeia, como Brasil, Estados Unidos, Canad\u00e1, Austr\u00e1lia, Jap\u00e3o, Nova Zel\u00e2ndia, Israel e Argentina. O turista preencher\u00e1 um formul\u00e1rio virtual com dados pessoais, informa\u00e7\u00f5es do passaporte e hist\u00f3rico de viagens anteriores, al\u00e9m de pagar uma taxa de 7,00 \u20ac no prazo de 96 horas antes do embarque independentemente de a autoriza\u00e7\u00e3o ser concedida ou n\u00e3o.<\/p>\n<p style=\"text-align: justify;\">Atualmente, os turistas dos pa\u00edses citados anteriormente s\u00f3 precisam apresentar o passaporte v\u00e1lido na chegada ao aeroporto, responder algumas perguntas sobre o motivo da viagem e apresentar o comprovante de seguro-viagem e de garantias financeiras para a estadia. Se tudo estiver correto, \u00e9 concedido um visto de entrada v\u00e1lido por at\u00e9 90 dias, permitindo a livre circula\u00e7\u00e3o pelas na\u00e7\u00f5es membros do Espa\u00e7o de Schengen.<\/p>\n<p style=\"text-align: justify;\">Chamado de &#8220;minivisto&#8221;, o Etias visa aumentar a seguran\u00e7a do bloco europeu. As informa\u00e7\u00f5es cadastradas no sistema ser\u00e3o analisadas em bancos de dados da Uni\u00e3o Europeia e de \u00f3rg\u00e3os internacionais, como a Interpol, para determinar se h\u00e1 raz\u00f5es para o n\u00e3o ingresso do visitante em um pa\u00eds. Entre os motivos que podem vetar a entrada, est\u00e3o a presen\u00e7a do nome em uma \u201cno fly list\u201d, lista de pessoas impedidas de voar por envolvimento com terrorismo ou outro crime, suspeitos de atividades criminosas ou terroristas, cidad\u00e3os com viola\u00e7\u00f5es anteriores de imigra\u00e7\u00e3o na Europa, pessoas que tenham trabalhado sem autoriza\u00e7\u00e3o, permanecido no continente ilegalmente ou que tenham sido deportadas por algum pa\u00eds do Espa\u00e7o Schengen anteriormente.<\/p>\n<p style=\"text-align: justify;\">O Etias entrar\u00e1 em vigor a partir de 2021, e cidad\u00e3os com nacionalidade de um pa\u00eds da Uni\u00e3o Europeia est\u00e3o isentos do preenchimento do formul\u00e1rio e do pagamento da taxa.<\/p>","protected":false},"excerpt":{"rendered":"<p>Viajar para a Europa ficar\u00e1 um pouco mais caro e burocr\u00e1tico nos pr\u00f3ximos anos. Uma medida aprovada pelo Parlamento da Europa na \u00faltima semana autorizou a cria\u00e7\u00e3o do Etias, sigla para Sistema Europeu de Informa\u00e7\u00e3o e Autoriza\u00e7\u00e3o de Viagem em ingl\u00eas, que visa controlar o ingresso de cidad\u00e3os de pa\u00edses que n\u00e3o necessitam de visto para entrada nos pa\u00edses da Uni\u00e3o Europeia. Hoje o blog da Traduzca explica o que isso significa.<\/p>","protected":false},"author":1,"featured_media":0,"comment_status":"closed","ping_status":"closed","sticky":false,"template":"","format":"standard","meta":{"_acf_changed":false,"footnotes":""},"categories":[34,33],"tags":[35,9],"class_list":["post-2744","post","type-post","status-publish","format-standard","hentry","category-blog","category-noticias","tag-blog","tag-noticias"],"acf":[],"yoast_head":"<!-- This site is optimized with the Yoast SEO plugin v26.9 - https:\/\/yoast.com\/product\/yoast-seo-wordpress\/ -->\n<title>Europa cria \u201cminivisto\u201d para turistas de outros pa\u00edses, inclusive brasileiros - Traduzca<\/title>\n<meta name=\"robots\" content=\"index, follow, max-snippet:-1, max-image-preview:large, max-video-preview:-1\" \/>\n<link rel=\"canonical\" href=\"https:\/\/traduzca.com\/de\/europa-cria-minivisto-para-turistas-de-outros-paises-inclusive-brasileiros\/\" \/>\n<meta property=\"og:locale\" content=\"de_DE\" \/>\n<meta property=\"og:type\" content=\"article\" \/>\n<meta property=\"og:title\" content=\"Europa cria \u201cminivisto\u201d para turistas de outros pa\u00edses, inclusive brasileiros - Traduzca\" \/>\n<meta property=\"og:description\" content=\"Viajar para a Europa ficar\u00e1 um pouco mais caro e burocr\u00e1tico nos pr\u00f3ximos anos. Uma medida aprovada pelo Parlamento da Europa na \u00faltima semana autorizou a cria\u00e7\u00e3o do Etias, sigla para Sistema Europeu de Informa\u00e7\u00e3o e Autoriza\u00e7\u00e3o de Viagem em ingl\u00eas, que visa controlar o ingresso de cidad\u00e3os de pa\u00edses que n\u00e3o necessitam de visto para entrada nos pa\u00edses da Uni\u00e3o Europeia. Hoje o blog da Traduzca explica o que isso significa.\" \/>\n<meta property=\"og:url\" content=\"https:\/\/traduzca.com\/de\/europa-cria-minivisto-para-turistas-de-outros-paises-inclusive-brasileiros\/\" \/>\n<meta property=\"og:site_name\" content=\"Traduzca\" \/>\n<meta property=\"article:publisher\" content=\"https:\/\/www.facebook.com\/traduzca\" \/>\n<meta property=\"article:published_time\" content=\"2018-07-09T16:51:41+00:00\" \/>\n<meta property=\"article:modified_time\" content=\"2026-02-13T18:24:05+00:00\" \/>\n<meta name=\"author\" content=\"traduzca_admin\" \/>\n<meta name=\"twitter:card\" content=\"summary_large_image\" \/>\n<meta name=\"twitter:label1\" content=\"Written by\" \/>\n\t<meta name=\"twitter:data1\" content=\"traduzca_admin\" \/>\n\t<meta name=\"twitter:label2\" content=\"Est. reading time\" \/>\n\t<meta name=\"twitter:data2\" content=\"2 minutes\" \/>\n<script type=\"application\/ld+json\" class=\"yoast-schema-graph\">{\"@context\":\"https:\/\/schema.org\",\"@graph\":[{\"@type\":\"Article\",\"@id\":\"https:\/\/traduzca.com\/europa-cria-minivisto-para-turistas-de-outros-paises-inclusive-brasileiros\/#article\",\"isPartOf\":{\"@id\":\"https:\/\/traduzca.com\/europa-cria-minivisto-para-turistas-de-outros-paises-inclusive-brasileiros\/\"},\"author\":{\"name\":\"traduzca_admin\",\"@id\":\"https:\/\/traduzca.com\/#\/schema\/person\/b4689f634b68236dfb176043283b2ae8\"},\"headline\":\"Europa cria \u201cminivisto\u201d para turistas de outros pa\u00edses, inclusive brasileiros\",\"datePublished\":\"2018-07-09T16:51:41+00:00\",\"dateModified\":\"2026-02-13T18:24:05+00:00\",\"mainEntityOfPage\":{\"@id\":\"https:\/\/traduzca.com\/europa-cria-minivisto-para-turistas-de-outros-paises-inclusive-brasileiros\/\"},\"wordCount\":477,\"publisher\":{\"@id\":\"https:\/\/traduzca.com\/#organization\"},\"image\":{\"@id\":\"https:\/\/traduzca.com\/europa-cria-minivisto-para-turistas-de-outros-paises-inclusive-brasileiros\/#primaryimage\"},\"thumbnailUrl\":\"https:\/\/www.traduzca.com\/wp-content\/\/uploads\/2018\/07\/europa-cria-minivisto-para-turistas-de-outros-paises-inclusive-brasileiros-1024x683.jpg\",\"keywords\":[\"Blog\",\"NOT\u00cdCIAS\"],\"articleSection\":[\"Blog\",\"Not\u00edcias\"],\"inLanguage\":\"de-DE\"},{\"@type\":\"WebPage\",\"@id\":\"https:\/\/traduzca.com\/europa-cria-minivisto-para-turistas-de-outros-paises-inclusive-brasileiros\/\",\"url\":\"https:\/\/traduzca.com\/europa-cria-minivisto-para-turistas-de-outros-paises-inclusive-brasileiros\/\",\"name\":\"Europa cria \u201cminivisto\u201d para turistas de outros pa\u00edses, inclusive brasileiros - Traduzca\",\"isPartOf\":{\"@id\":\"https:\/\/traduzca.com\/#website\"},\"primaryImageOfPage\":{\"@id\":\"https:\/\/traduzca.com\/europa-cria-minivisto-para-turistas-de-outros-paises-inclusive-brasileiros\/#primaryimage\"},\"image\":{\"@id\":\"https:\/\/traduzca.com\/europa-cria-minivisto-para-turistas-de-outros-paises-inclusive-brasileiros\/#primaryimage\"},\"thumbnailUrl\":\"https:\/\/www.traduzca.com\/wp-content\/\/uploads\/2018\/07\/europa-cria-minivisto-para-turistas-de-outros-paises-inclusive-brasileiros-1024x683.jpg\",\"datePublished\":\"2018-07-09T16:51:41+00:00\",\"dateModified\":\"2026-02-13T18:24:05+00:00\",\"breadcrumb\":{\"@id\":\"https:\/\/traduzca.com\/europa-cria-minivisto-para-turistas-de-outros-paises-inclusive-brasileiros\/#breadcrumb\"},\"inLanguage\":\"de-DE\",\"potentialAction\":[{\"@type\":\"ReadAction\",\"target\":[\"https:\/\/traduzca.com\/europa-cria-minivisto-para-turistas-de-outros-paises-inclusive-brasileiros\/\"]}]},{\"@type\":\"ImageObject\",\"inLanguage\":\"de-DE\",\"@id\":\"https:\/\/traduzca.com\/europa-cria-minivisto-para-turistas-de-outros-paises-inclusive-brasileiros\/#primaryimage\",\"url\":\"https:\/\/www.traduzca.com\/wp-content\/\/uploads\/2018\/07\/europa-cria-minivisto-para-turistas-de-outros-paises-inclusive-brasileiros-1024x683.jpg\",\"contentUrl\":\"https:\/\/www.traduzca.com\/wp-content\/\/uploads\/2018\/07\/europa-cria-minivisto-para-turistas-de-outros-paises-inclusive-brasileiros-1024x683.jpg\"},{\"@type\":\"BreadcrumbList\",\"@id\":\"https:\/\/traduzca.com\/europa-cria-minivisto-para-turistas-de-outros-paises-inclusive-brasileiros\/#breadcrumb\",\"itemListElement\":[{\"@type\":\"ListItem\",\"position\":1,\"name\":\"Home\",\"item\":\"https:\/\/traduzca.com\/\"},{\"@type\":\"ListItem\",\"position\":2,\"name\":\"Europa cria \u201cminivisto\u201d para turistas de outros pa\u00edses, inclusive brasileiros\"}]},{\"@type\":\"WebSite\",\"@id\":\"https:\/\/traduzca.com\/#website\",\"url\":\"https:\/\/traduzca.com\/\",\"name\":\"Traduzca\",\"description\":\"A Traduzca conecta voc\u00ea a tradutores nativos com expertise t\u00e9cnica. Qualidade, sigilo e pontualidade para romper as barreiras do seu neg\u00f3cio.\",\"publisher\":{\"@id\":\"https:\/\/traduzca.com\/#organization\"},\"potentialAction\":[{\"@type\":\"SearchAction\",\"target\":{\"@type\":\"EntryPoint\",\"urlTemplate\":\"https:\/\/traduzca.com\/?s={search_term_string}\"},\"query-input\":{\"@type\":\"PropertyValueSpecification\",\"valueRequired\":true,\"valueName\":\"search_term_string\"}}],\"inLanguage\":\"de-DE\"},{\"@type\":\"Organization\",\"@id\":\"https:\/\/traduzca.com\/#organization\",\"name\":\"Traduzca\",\"url\":\"https:\/\/traduzca.com\/\",\"logo\":{\"@type\":\"ImageObject\",\"inLanguage\":\"de-DE\",\"@id\":\"https:\/\/traduzca.com\/#\/schema\/logo\/image\/\",\"url\":\"https:\/\/traduzca.com\/wp-content\/uploads\/2026\/02\/cropped-favicon.png\",\"contentUrl\":\"https:\/\/traduzca.com\/wp-content\/uploads\/2026\/02\/cropped-favicon.png\",\"width\":97,\"height\":94,\"caption\":\"Traduzca\"},\"image\":{\"@id\":\"https:\/\/traduzca.com\/#\/schema\/logo\/image\/\"},\"sameAs\":[\"https:\/\/www.facebook.com\/traduzca\"]},{\"@type\":\"Person\",\"@id\":\"https:\/\/traduzca.com\/#\/schema\/person\/b4689f634b68236dfb176043283b2ae8\",\"name\":\"traduzca_admin\",\"image\":{\"@type\":\"ImageObject\",\"inLanguage\":\"de-DE\",\"@id\":\"https:\/\/traduzca.com\/#\/schema\/person\/image\/\",\"url\":\"https:\/\/secure.gravatar.com\/avatar\/3e977bbac939cc66d785e2b0963953e99cf6fed540960c0ef0a9e984e569dd2f?s=96&d=mm&r=g\",\"contentUrl\":\"https:\/\/secure.gravatar.com\/avatar\/3e977bbac939cc66d785e2b0963953e99cf6fed540960c0ef0a9e984e569dd2f?s=96&d=mm&r=g\",\"caption\":\"traduzca_admin\"},\"sameAs\":[\"https:\/\/traduzca.com\"],\"url\":\"https:\/\/traduzca.com\/de\/author\/traduzca_admin\/\"}]}<\/script>\n<!-- \/ Yoast SEO plugin. -->","yoast_head_json":{"title":"Europa cria \u201cminivisto\u201d para turistas de outros pa\u00edses, inclusive brasileiros - Traduzca","robots":{"index":"index","follow":"follow","max-snippet":"max-snippet:-1","max-image-preview":"max-image-preview:large","max-video-preview":"max-video-preview:-1"},"canonical":"https:\/\/traduzca.com\/de\/europa-cria-minivisto-para-turistas-de-outros-paises-inclusive-brasileiros\/","og_locale":"de_DE","og_type":"article","og_title":"Europa cria \u201cminivisto\u201d para turistas de outros pa\u00edses, inclusive brasileiros - Traduzca","og_description":"Viajar para a Europa ficar\u00e1 um pouco mais caro e burocr\u00e1tico nos pr\u00f3ximos anos. Uma medida aprovada pelo Parlamento da Europa na \u00faltima semana autorizou a cria\u00e7\u00e3o do Etias, sigla para Sistema Europeu de Informa\u00e7\u00e3o e Autoriza\u00e7\u00e3o de Viagem em ingl\u00eas, que visa controlar o ingresso de cidad\u00e3os de pa\u00edses que n\u00e3o necessitam de visto para entrada nos pa\u00edses da Uni\u00e3o Europeia. Hoje o blog da Traduzca explica o que isso significa.","og_url":"https:\/\/traduzca.com\/de\/europa-cria-minivisto-para-turistas-de-outros-paises-inclusive-brasileiros\/","og_site_name":"Traduzca","article_publisher":"https:\/\/www.facebook.com\/traduzca","article_published_time":"2018-07-09T16:51:41+00:00","article_modified_time":"2026-02-13T18:24:05+00:00","author":"traduzca_admin","twitter_card":"summary_large_image","twitter_misc":{"Written by":"traduzca_admin","Est. reading time":"2 minutes"},"schema":{"@context":"https:\/\/schema.org","@graph":[{"@type":"Article","@id":"https:\/\/traduzca.com\/europa-cria-minivisto-para-turistas-de-outros-paises-inclusive-brasileiros\/#article","isPartOf":{"@id":"https:\/\/traduzca.com\/europa-cria-minivisto-para-turistas-de-outros-paises-inclusive-brasileiros\/"},"author":{"name":"traduzca_admin","@id":"https:\/\/traduzca.com\/#\/schema\/person\/b4689f634b68236dfb176043283b2ae8"},"headline":"Europa cria \u201cminivisto\u201d para turistas de outros pa\u00edses, inclusive brasileiros","datePublished":"2018-07-09T16:51:41+00:00","dateModified":"2026-02-13T18:24:05+00:00","mainEntityOfPage":{"@id":"https:\/\/traduzca.com\/europa-cria-minivisto-para-turistas-de-outros-paises-inclusive-brasileiros\/"},"wordCount":477,"publisher":{"@id":"https:\/\/traduzca.com\/#organization"},"image":{"@id":"https:\/\/traduzca.com\/europa-cria-minivisto-para-turistas-de-outros-paises-inclusive-brasileiros\/#primaryimage"},"thumbnailUrl":"https:\/\/www.traduzca.com\/wp-content\/\/uploads\/2018\/07\/europa-cria-minivisto-para-turistas-de-outros-paises-inclusive-brasileiros-1024x683.jpg","keywords":["Blog","NOT\u00cdCIAS"],"articleSection":["Blog","Not\u00edcias"],"inLanguage":"de-DE"},{"@type":"WebPage","@id":"https:\/\/traduzca.com\/europa-cria-minivisto-para-turistas-de-outros-paises-inclusive-brasileiros\/","url":"https:\/\/traduzca.com\/europa-cria-minivisto-para-turistas-de-outros-paises-inclusive-brasileiros\/","name":"Europa cria \u201cminivisto\u201d para turistas de outros pa\u00edses, inclusive brasileiros - Traduzca","isPartOf":{"@id":"https:\/\/traduzca.com\/#website"},"primaryImageOfPage":{"@id":"https:\/\/traduzca.com\/europa-cria-minivisto-para-turistas-de-outros-paises-inclusive-brasileiros\/#primaryimage"},"image":{"@id":"https:\/\/traduzca.com\/europa-cria-minivisto-para-turistas-de-outros-paises-inclusive-brasileiros\/#primaryimage"},"thumbnailUrl":"https:\/\/www.traduzca.com\/wp-content\/\/uploads\/2018\/07\/europa-cria-minivisto-para-turistas-de-outros-paises-inclusive-brasileiros-1024x683.jpg","datePublished":"2018-07-09T16:51:41+00:00","dateModified":"2026-02-13T18:24:05+00:00","breadcrumb":{"@id":"https:\/\/traduzca.com\/europa-cria-minivisto-para-turistas-de-outros-paises-inclusive-brasileiros\/#breadcrumb"},"inLanguage":"de-DE","potentialAction":[{"@type":"ReadAction","target":["https:\/\/traduzca.com\/europa-cria-minivisto-para-turistas-de-outros-paises-inclusive-brasileiros\/"]}]},{"@type":"ImageObject","inLanguage":"de-DE","@id":"https:\/\/traduzca.com\/europa-cria-minivisto-para-turistas-de-outros-paises-inclusive-brasileiros\/#primaryimage","url":"https:\/\/www.traduzca.com\/wp-content\/\/uploads\/2018\/07\/europa-cria-minivisto-para-turistas-de-outros-paises-inclusive-brasileiros-1024x683.jpg","contentUrl":"https:\/\/www.traduzca.com\/wp-content\/\/uploads\/2018\/07\/europa-cria-minivisto-para-turistas-de-outros-paises-inclusive-brasileiros-1024x683.jpg"},{"@type":"BreadcrumbList","@id":"https:\/\/traduzca.com\/europa-cria-minivisto-para-turistas-de-outros-paises-inclusive-brasileiros\/#breadcrumb","itemListElement":[{"@type":"ListItem","position":1,"name":"Home","item":"https:\/\/traduzca.com\/"},{"@type":"ListItem","position":2,"name":"Europa cria \u201cminivisto\u201d para turistas de outros pa\u00edses, inclusive brasileiros"}]},{"@type":"WebSite","@id":"https:\/\/traduzca.com\/#website","url":"https:\/\/traduzca.com\/","name":"Traduzca","description":"Traduzca verbindet Sie mit muttersprachlichen \u00dcbersetzern mit ausgewiesener Fachexpertise. Qualit\u00e4t, Vertraulichkeit und Termintreue \u2013 damit Ihr Unternehmen Sprachbarrieren \u00fcberwindet.","publisher":{"@id":"https:\/\/traduzca.com\/#organization"},"potentialAction":[{"@type":"SearchAction","target":{"@type":"EntryPoint","urlTemplate":"https:\/\/traduzca.com\/?s={search_term_string}"},"query-input":{"@type":"PropertyValueSpecification","valueRequired":true,"valueName":"search_term_string"}}],"inLanguage":"de-DE"},{"@type":"Organization","@id":"https:\/\/traduzca.com\/#organization","name":"Traduzca","url":"https:\/\/traduzca.com\/","logo":{"@type":"ImageObject","inLanguage":"de-DE","@id":"https:\/\/traduzca.com\/#\/schema\/logo\/image\/","url":"https:\/\/traduzca.com\/wp-content\/uploads\/2026\/02\/cropped-favicon.png","contentUrl":"https:\/\/traduzca.com\/wp-content\/uploads\/2026\/02\/cropped-favicon.png","width":97,"height":94,"caption":"Traduzca"},"image":{"@id":"https:\/\/traduzca.com\/#\/schema\/logo\/image\/"},"sameAs":["https:\/\/www.facebook.com\/traduzca"]},{"@type":"Person","@id":"https:\/\/traduzca.com\/#\/schema\/person\/b4689f634b68236dfb176043283b2ae8","name":"traduzca_admin","image":{"@type":"ImageObject","inLanguage":"de-DE","@id":"https:\/\/traduzca.com\/#\/schema\/person\/image\/","url":"https:\/\/secure.gravatar.com\/avatar\/3e977bbac939cc66d785e2b0963953e99cf6fed540960c0ef0a9e984e569dd2f?s=96&d=mm&r=g","contentUrl":"https:\/\/secure.gravatar.com\/avatar\/3e977bbac939cc66d785e2b0963953e99cf6fed540960c0ef0a9e984e569dd2f?s=96&d=mm&r=g","caption":"traduzca_admin"},"sameAs":["https:\/\/traduzca.com"],"url":"https:\/\/traduzca.com\/de\/author\/traduzca_admin\/"}]}},"_links":{"self":[{"href":"https:\/\/traduzca.com\/de\/wp-json\/wp\/v2\/posts\/2744","targetHints":{"allow":["GET"]}}],"collection":[{"href":"https:\/\/traduzca.com\/de\/wp-json\/wp\/v2\/posts"}],"about":[{"href":"https:\/\/traduzca.com\/de\/wp-json\/wp\/v2\/types\/post"}],"author":[{"embeddable":true,"href":"https:\/\/traduzca.com\/de\/wp-json\/wp\/v2\/users\/1"}],"replies":[{"embeddable":true,"href":"https:\/\/traduzca.com\/de\/wp-json\/wp\/v2\/comments?post=2744"}],"version-history":[{"count":1,"href":"https:\/\/traduzca.com\/de\/wp-json\/wp\/v2\/posts\/2744\/revisions"}],"predecessor-version":[{"id":2745,"href":"https:\/\/traduzca.com\/de\/wp-json\/wp\/v2\/posts\/2744\/revisions\/2745"}],"wp:attachment":[{"href":"https:\/\/traduzca.com\/de\/wp-json\/wp\/v2\/media?parent=2744"}],"wp:term":[{"taxonomy":"category","embeddable":true,"href":"https:\/\/traduzca.com\/de\/wp-json\/wp\/v2\/categories?post=2744"},{"taxonomy":"post_tag","embeddable":true,"href":"https:\/\/traduzca.com\/de\/wp-json\/wp\/v2\/tags?post=2744"}],"curies":[{"name":"wp","href":"https:\/\/api.w.org\/{rel}","templated":true}]}}