{"id":2750,"date":"2018-07-25T16:28:56","date_gmt":"2018-07-25T16:28:56","guid":{"rendered":"https:\/\/traduzca.com\/?p=2750"},"modified":"2026-02-13T18:24:27","modified_gmt":"2026-02-13T18:24:27","slug":"descendentes-luxemburgo-cidadania","status":"publish","type":"post","link":"https:\/\/traduzca.com\/de\/descendentes-luxemburgo-cidadania\/","title":{"rendered":"Descendentes de Luxemburgo t\u00eam direito \u00e0 cidadania"},"content":{"rendered":"<figure id=\"attachment_25237\" aria-describedby=\"caption-attachment-25237\" style=\"width: 501px\" class=\"wp-caption alignleft\"><img fetchpriority=\"high\" decoding=\"async\" class=\"O Consulado de Luxemburgo no Brasil informou recentemente que a lei sobre a aquisi\u00e7\u00e3o da cidadania do pa\u00eds n\u00e3o ser\u00e1 renovada e que os documentos para a primeira fase do processo devem ser apresentados at\u00e9 dezembro deste ano. wp-image-25237\" title=\"O Consulado de Luxemburgo no Brasil informou recentemente que a lei sobre a aquisi\u00e7\u00e3o da cidadania do pa\u00eds n\u00e3o ser\u00e1 renovada e que os documentos para a primeira fase do processo devem ser apresentados at\u00e9 dezembro deste ano.\" src=\"https:\/\/www.traduzca.com\/wp-content\/\/uploads\/2018\/07\/descendentes-de-luxemburgo-tem-direito-a-cidadania.jpg\" alt=\"O Consulado de Luxemburgo no Brasil informou recentemente que a lei sobre a aquisi\u00e7\u00e3o da cidadania do pa\u00eds n\u00e3o ser\u00e1 renovada e que os documentos para a primeira fase do processo devem ser apresentados at\u00e9 dezembro deste ano.\" width=\"501\" height=\"334\" \/><figcaption id=\"caption-attachment-25237\" class=\"wp-caption-text\">O Consulado de Luxemburgo no Brasil informou recentemente que a lei sobre a aquisi\u00e7\u00e3o da cidadania do pa\u00eds n\u00e3o ser\u00e1 renovada e que os documentos para a primeira fase do processo devem ser apresentados at\u00e9 dezembro deste ano.<\/figcaption><\/figure>\n<p style=\"text-align: justify;\">O t\u00e3o sonhado passaporte europeu pode estar mais pr\u00f3ximo do que voc\u00ea imagina. Estimativas recentes apontam que quase 50.000 brasileiros s\u00e3o descendentes de imigrantes luxemburgueses que come\u00e7aram a desembarcar no Brasil no in\u00edcio do s\u00e9culo XIX e se espalharam pelos estados do Esp\u00edrito Santo, Rio de Janeiro, Paran\u00e1, Santa Catarina e Rio Grande do Sul. Se voc\u00ea \u00e9 um deles, \u00e9 melhor correr. O Gr\u00e3o Ducado de Luxemburgo est\u00e1 \u00e0 procura de &#8220;cidad\u00e3os perdidos pelo mundo&#8221;, e o prazo para requerer a dupla nacionalidade encerra em dezembro deste ano, desde que alguns requisitos sejam cumpridos.<\/p>\n<p style=\"text-align: justify;\">\u00danico Gr\u00e3o Ducado do mundo, Luxemburgo \u00e9 uma das seis na\u00e7\u00f5es fundadoras da Uni\u00e3o Europeia. Situado entre a Alemanha, B\u00e9lgica e Fran\u00e7a, o pa\u00eds tem o luxemburgu\u00eas, o franc\u00eas e o alem\u00e3o como idiomas oficiais. Por isso, quando os primeiros imigrantes chegaram ao Brasil, foram confundidos com imigrantes germ\u00e2nicos e enviados para col\u00f4nias alem\u00e3s, principalmente nos estados da regi\u00e3o sul.<\/p>\n<p style=\"text-align: justify;\">O Consulado de Luxemburgo no Brasil informou recentemente que a lei sobre a aquisi\u00e7\u00e3o da cidadania do pa\u00eds n\u00e3o ser\u00e1 renovada e que os documentos para a primeira fase do processo devem ser apresentados at\u00e9 dezembro deste ano. O descendente precisa levantar todos os documentos desde o luxemburgu\u00eas que chegou ao Brasil at\u00e9 a gera\u00e7\u00e3o do requerente. Todos os pap\u00e9is devem ter tradu\u00e7\u00e3o juramentada para o franc\u00eas com firma do tradutor reconhecida em cart\u00f3rio, e n\u00e3o h\u00e1 a necessidade de apostilamento. A pr\u00f3xima etapa do processo, por\u00e9m, pode levar at\u00e9 dois anos para ser conclu\u00eddo.<\/p>\n<p style=\"text-align: justify;\">Para saber mais sobre o processo de obten\u00e7\u00e3o da dupla nacionalidade, o site do <a href=\"http:\/\/consuladoluxemburgo.com.br\/\">Consulado de Luxemburgo<\/a> disponibilizou uma se\u00e7\u00e3o com todas as informa\u00e7\u00f5es e documentos necess\u00e1rios. Se voc\u00ea \u00e9 um descendente e deseja iniciar a busca pela cidadania, saiba que a Traduzca oferece o servi\u00e7o de tradu\u00e7\u00e3o juramentada de documentos para o franc\u00eas e mais trinta idiomas. Conhe\u00e7a este e todos os nossos <a href=\"https:\/\/traduzca.com\/de\/dienstleistungen\/\">servi\u00e7os aqui<\/a>.<\/p>","protected":false},"excerpt":{"rendered":"<p>O t\u00e3o sonhado passaporte europeu pode estar mais pr\u00f3ximo do que voc\u00ea imagina. Estimativas recentes apontam que quase 50.000 brasileiros s\u00e3o descendentes de imigrantes luxemburgueses que come\u00e7aram a desembarcar no Brasil no in\u00edcio do s\u00e9culo XIX e se espalharam pelos estados do Esp\u00edrito Santo, Rio de Janeiro, Paran\u00e1, Santa Catarina e Rio Grande do Sul. Se voc\u00ea \u00e9 um deles, \u00e9 melhor correr. O Gr\u00e3o Ducado de Luxemburgo est\u00e1 \u00e0 procura de &#8220;cidad\u00e3os perdidos pelo mundo&#8221;, e o prazo para requerer a dupla nacionalidade encerra em dezembro deste ano, desde que alguns requisitos sejam cumpridos.<\/p>","protected":false},"author":1,"featured_media":0,"comment_status":"closed","ping_status":"closed","sticky":false,"template":"","format":"standard","meta":{"_acf_changed":false,"footnotes":""},"categories":[34,33],"tags":[35,9],"class_list":["post-2750","post","type-post","status-publish","format-standard","hentry","category-blog","category-noticias","tag-blog","tag-noticias"],"acf":[],"yoast_head":"<!-- This site is optimized with the Yoast SEO plugin v26.9 - https:\/\/yoast.com\/product\/yoast-seo-wordpress\/ -->\n<title>Descendentes de Luxemburgo t\u00eam direito \u00e0 cidadania - Traduzca<\/title>\n<meta name=\"robots\" content=\"index, follow, max-snippet:-1, max-image-preview:large, max-video-preview:-1\" \/>\n<link rel=\"canonical\" href=\"https:\/\/traduzca.com\/de\/descendentes-luxemburgo-cidadania\/\" \/>\n<meta property=\"og:locale\" content=\"de_DE\" \/>\n<meta property=\"og:type\" content=\"article\" \/>\n<meta property=\"og:title\" content=\"Descendentes de Luxemburgo t\u00eam direito \u00e0 cidadania - Traduzca\" \/>\n<meta property=\"og:description\" content=\"O t\u00e3o sonhado passaporte europeu pode estar mais pr\u00f3ximo do que voc\u00ea imagina. Estimativas recentes apontam que quase 50.000 brasileiros s\u00e3o descendentes de imigrantes luxemburgueses que come\u00e7aram a desembarcar no Brasil no in\u00edcio do s\u00e9culo XIX e se espalharam pelos estados do Esp\u00edrito Santo, Rio de Janeiro, Paran\u00e1, Santa Catarina e Rio Grande do Sul. Se voc\u00ea \u00e9 um deles, \u00e9 melhor correr. O Gr\u00e3o Ducado de Luxemburgo est\u00e1 \u00e0 procura de &quot;cidad\u00e3os perdidos pelo mundo&quot;, e o prazo para requerer a dupla nacionalidade encerra em dezembro deste ano, desde que alguns requisitos sejam cumpridos.\" \/>\n<meta property=\"og:url\" content=\"https:\/\/traduzca.com\/de\/descendentes-luxemburgo-cidadania\/\" \/>\n<meta property=\"og:site_name\" content=\"Traduzca\" \/>\n<meta property=\"article:publisher\" content=\"https:\/\/www.facebook.com\/traduzca\" \/>\n<meta property=\"article:published_time\" content=\"2018-07-25T16:28:56+00:00\" \/>\n<meta property=\"article:modified_time\" content=\"2026-02-13T18:24:27+00:00\" \/>\n<meta name=\"author\" content=\"traduzca_admin\" \/>\n<meta name=\"twitter:card\" content=\"summary_large_image\" \/>\n<meta name=\"twitter:label1\" content=\"Written by\" \/>\n\t<meta name=\"twitter:data1\" content=\"traduzca_admin\" \/>\n\t<meta name=\"twitter:label2\" content=\"Est. reading time\" \/>\n\t<meta name=\"twitter:data2\" content=\"2 minutes\" \/>\n<script type=\"application\/ld+json\" class=\"yoast-schema-graph\">{\"@context\":\"https:\/\/schema.org\",\"@graph\":[{\"@type\":\"Article\",\"@id\":\"https:\/\/traduzca.com\/descendentes-luxemburgo-cidadania\/#article\",\"isPartOf\":{\"@id\":\"https:\/\/traduzca.com\/descendentes-luxemburgo-cidadania\/\"},\"author\":{\"name\":\"traduzca_admin\",\"@id\":\"https:\/\/traduzca.com\/#\/schema\/person\/b4689f634b68236dfb176043283b2ae8\"},\"headline\":\"Descendentes de Luxemburgo t\u00eam direito \u00e0 cidadania\",\"datePublished\":\"2018-07-25T16:28:56+00:00\",\"dateModified\":\"2026-02-13T18:24:27+00:00\",\"mainEntityOfPage\":{\"@id\":\"https:\/\/traduzca.com\/descendentes-luxemburgo-cidadania\/\"},\"wordCount\":409,\"publisher\":{\"@id\":\"https:\/\/traduzca.com\/#organization\"},\"image\":{\"@id\":\"https:\/\/traduzca.com\/descendentes-luxemburgo-cidadania\/#primaryimage\"},\"thumbnailUrl\":\"https:\/\/www.traduzca.com\/wp-content\/\/uploads\/2018\/07\/descendentes-de-luxemburgo-tem-direito-a-cidadania.jpg\",\"keywords\":[\"Blog\",\"NOT\u00cdCIAS\"],\"articleSection\":[\"Blog\",\"Not\u00edcias\"],\"inLanguage\":\"de-DE\"},{\"@type\":\"WebPage\",\"@id\":\"https:\/\/traduzca.com\/descendentes-luxemburgo-cidadania\/\",\"url\":\"https:\/\/traduzca.com\/descendentes-luxemburgo-cidadania\/\",\"name\":\"Descendentes de Luxemburgo t\u00eam direito \u00e0 cidadania - Traduzca\",\"isPartOf\":{\"@id\":\"https:\/\/traduzca.com\/#website\"},\"primaryImageOfPage\":{\"@id\":\"https:\/\/traduzca.com\/descendentes-luxemburgo-cidadania\/#primaryimage\"},\"image\":{\"@id\":\"https:\/\/traduzca.com\/descendentes-luxemburgo-cidadania\/#primaryimage\"},\"thumbnailUrl\":\"https:\/\/www.traduzca.com\/wp-content\/\/uploads\/2018\/07\/descendentes-de-luxemburgo-tem-direito-a-cidadania.jpg\",\"datePublished\":\"2018-07-25T16:28:56+00:00\",\"dateModified\":\"2026-02-13T18:24:27+00:00\",\"breadcrumb\":{\"@id\":\"https:\/\/traduzca.com\/descendentes-luxemburgo-cidadania\/#breadcrumb\"},\"inLanguage\":\"de-DE\",\"potentialAction\":[{\"@type\":\"ReadAction\",\"target\":[\"https:\/\/traduzca.com\/descendentes-luxemburgo-cidadania\/\"]}]},{\"@type\":\"ImageObject\",\"inLanguage\":\"de-DE\",\"@id\":\"https:\/\/traduzca.com\/descendentes-luxemburgo-cidadania\/#primaryimage\",\"url\":\"https:\/\/www.traduzca.com\/wp-content\/\/uploads\/2018\/07\/descendentes-de-luxemburgo-tem-direito-a-cidadania.jpg\",\"contentUrl\":\"https:\/\/www.traduzca.com\/wp-content\/\/uploads\/2018\/07\/descendentes-de-luxemburgo-tem-direito-a-cidadania.jpg\"},{\"@type\":\"BreadcrumbList\",\"@id\":\"https:\/\/traduzca.com\/descendentes-luxemburgo-cidadania\/#breadcrumb\",\"itemListElement\":[{\"@type\":\"ListItem\",\"position\":1,\"name\":\"Home\",\"item\":\"https:\/\/traduzca.com\/\"},{\"@type\":\"ListItem\",\"position\":2,\"name\":\"Descendentes de Luxemburgo t\u00eam direito \u00e0 cidadania\"}]},{\"@type\":\"WebSite\",\"@id\":\"https:\/\/traduzca.com\/#website\",\"url\":\"https:\/\/traduzca.com\/\",\"name\":\"Traduzca\",\"description\":\"A Traduzca conecta voc\u00ea a tradutores nativos com expertise t\u00e9cnica. Qualidade, sigilo e pontualidade para romper as barreiras do seu neg\u00f3cio.\",\"publisher\":{\"@id\":\"https:\/\/traduzca.com\/#organization\"},\"potentialAction\":[{\"@type\":\"SearchAction\",\"target\":{\"@type\":\"EntryPoint\",\"urlTemplate\":\"https:\/\/traduzca.com\/?s={search_term_string}\"},\"query-input\":{\"@type\":\"PropertyValueSpecification\",\"valueRequired\":true,\"valueName\":\"search_term_string\"}}],\"inLanguage\":\"de-DE\"},{\"@type\":\"Organization\",\"@id\":\"https:\/\/traduzca.com\/#organization\",\"name\":\"Traduzca\",\"url\":\"https:\/\/traduzca.com\/\",\"logo\":{\"@type\":\"ImageObject\",\"inLanguage\":\"de-DE\",\"@id\":\"https:\/\/traduzca.com\/#\/schema\/logo\/image\/\",\"url\":\"https:\/\/traduzca.com\/wp-content\/uploads\/2026\/02\/cropped-favicon.png\",\"contentUrl\":\"https:\/\/traduzca.com\/wp-content\/uploads\/2026\/02\/cropped-favicon.png\",\"width\":97,\"height\":94,\"caption\":\"Traduzca\"},\"image\":{\"@id\":\"https:\/\/traduzca.com\/#\/schema\/logo\/image\/\"},\"sameAs\":[\"https:\/\/www.facebook.com\/traduzca\"]},{\"@type\":\"Person\",\"@id\":\"https:\/\/traduzca.com\/#\/schema\/person\/b4689f634b68236dfb176043283b2ae8\",\"name\":\"traduzca_admin\",\"image\":{\"@type\":\"ImageObject\",\"inLanguage\":\"de-DE\",\"@id\":\"https:\/\/traduzca.com\/#\/schema\/person\/image\/\",\"url\":\"https:\/\/secure.gravatar.com\/avatar\/3e977bbac939cc66d785e2b0963953e99cf6fed540960c0ef0a9e984e569dd2f?s=96&d=mm&r=g\",\"contentUrl\":\"https:\/\/secure.gravatar.com\/avatar\/3e977bbac939cc66d785e2b0963953e99cf6fed540960c0ef0a9e984e569dd2f?s=96&d=mm&r=g\",\"caption\":\"traduzca_admin\"},\"sameAs\":[\"https:\/\/traduzca.com\"],\"url\":\"https:\/\/traduzca.com\/de\/author\/traduzca_admin\/\"}]}<\/script>\n<!-- \/ Yoast SEO plugin. -->","yoast_head_json":{"title":"Descendentes de Luxemburgo t\u00eam direito \u00e0 cidadania - Traduzca","robots":{"index":"index","follow":"follow","max-snippet":"max-snippet:-1","max-image-preview":"max-image-preview:large","max-video-preview":"max-video-preview:-1"},"canonical":"https:\/\/traduzca.com\/de\/descendentes-luxemburgo-cidadania\/","og_locale":"de_DE","og_type":"article","og_title":"Descendentes de Luxemburgo t\u00eam direito \u00e0 cidadania - Traduzca","og_description":"O t\u00e3o sonhado passaporte europeu pode estar mais pr\u00f3ximo do que voc\u00ea imagina. Estimativas recentes apontam que quase 50.000 brasileiros s\u00e3o descendentes de imigrantes luxemburgueses que come\u00e7aram a desembarcar no Brasil no in\u00edcio do s\u00e9culo XIX e se espalharam pelos estados do Esp\u00edrito Santo, Rio de Janeiro, Paran\u00e1, Santa Catarina e Rio Grande do Sul. Se voc\u00ea \u00e9 um deles, \u00e9 melhor correr. O Gr\u00e3o Ducado de Luxemburgo est\u00e1 \u00e0 procura de \"cidad\u00e3os perdidos pelo mundo\", e o prazo para requerer a dupla nacionalidade encerra em dezembro deste ano, desde que alguns requisitos sejam cumpridos.","og_url":"https:\/\/traduzca.com\/de\/descendentes-luxemburgo-cidadania\/","og_site_name":"Traduzca","article_publisher":"https:\/\/www.facebook.com\/traduzca","article_published_time":"2018-07-25T16:28:56+00:00","article_modified_time":"2026-02-13T18:24:27+00:00","author":"traduzca_admin","twitter_card":"summary_large_image","twitter_misc":{"Written by":"traduzca_admin","Est. reading time":"2 minutes"},"schema":{"@context":"https:\/\/schema.org","@graph":[{"@type":"Article","@id":"https:\/\/traduzca.com\/descendentes-luxemburgo-cidadania\/#article","isPartOf":{"@id":"https:\/\/traduzca.com\/descendentes-luxemburgo-cidadania\/"},"author":{"name":"traduzca_admin","@id":"https:\/\/traduzca.com\/#\/schema\/person\/b4689f634b68236dfb176043283b2ae8"},"headline":"Descendentes de Luxemburgo t\u00eam direito \u00e0 cidadania","datePublished":"2018-07-25T16:28:56+00:00","dateModified":"2026-02-13T18:24:27+00:00","mainEntityOfPage":{"@id":"https:\/\/traduzca.com\/descendentes-luxemburgo-cidadania\/"},"wordCount":409,"publisher":{"@id":"https:\/\/traduzca.com\/#organization"},"image":{"@id":"https:\/\/traduzca.com\/descendentes-luxemburgo-cidadania\/#primaryimage"},"thumbnailUrl":"https:\/\/www.traduzca.com\/wp-content\/\/uploads\/2018\/07\/descendentes-de-luxemburgo-tem-direito-a-cidadania.jpg","keywords":["Blog","NOT\u00cdCIAS"],"articleSection":["Blog","Not\u00edcias"],"inLanguage":"de-DE"},{"@type":"WebPage","@id":"https:\/\/traduzca.com\/descendentes-luxemburgo-cidadania\/","url":"https:\/\/traduzca.com\/descendentes-luxemburgo-cidadania\/","name":"Descendentes de Luxemburgo t\u00eam direito \u00e0 cidadania - Traduzca","isPartOf":{"@id":"https:\/\/traduzca.com\/#website"},"primaryImageOfPage":{"@id":"https:\/\/traduzca.com\/descendentes-luxemburgo-cidadania\/#primaryimage"},"image":{"@id":"https:\/\/traduzca.com\/descendentes-luxemburgo-cidadania\/#primaryimage"},"thumbnailUrl":"https:\/\/www.traduzca.com\/wp-content\/\/uploads\/2018\/07\/descendentes-de-luxemburgo-tem-direito-a-cidadania.jpg","datePublished":"2018-07-25T16:28:56+00:00","dateModified":"2026-02-13T18:24:27+00:00","breadcrumb":{"@id":"https:\/\/traduzca.com\/descendentes-luxemburgo-cidadania\/#breadcrumb"},"inLanguage":"de-DE","potentialAction":[{"@type":"ReadAction","target":["https:\/\/traduzca.com\/descendentes-luxemburgo-cidadania\/"]}]},{"@type":"ImageObject","inLanguage":"de-DE","@id":"https:\/\/traduzca.com\/descendentes-luxemburgo-cidadania\/#primaryimage","url":"https:\/\/www.traduzca.com\/wp-content\/\/uploads\/2018\/07\/descendentes-de-luxemburgo-tem-direito-a-cidadania.jpg","contentUrl":"https:\/\/www.traduzca.com\/wp-content\/\/uploads\/2018\/07\/descendentes-de-luxemburgo-tem-direito-a-cidadania.jpg"},{"@type":"BreadcrumbList","@id":"https:\/\/traduzca.com\/descendentes-luxemburgo-cidadania\/#breadcrumb","itemListElement":[{"@type":"ListItem","position":1,"name":"Home","item":"https:\/\/traduzca.com\/"},{"@type":"ListItem","position":2,"name":"Descendentes de Luxemburgo t\u00eam direito \u00e0 cidadania"}]},{"@type":"WebSite","@id":"https:\/\/traduzca.com\/#website","url":"https:\/\/traduzca.com\/","name":"Traduzca","description":"Traduzca verbindet Sie mit muttersprachlichen \u00dcbersetzern mit ausgewiesener Fachexpertise. Qualit\u00e4t, Vertraulichkeit und Termintreue \u2013 damit Ihr Unternehmen Sprachbarrieren \u00fcberwindet.","publisher":{"@id":"https:\/\/traduzca.com\/#organization"},"potentialAction":[{"@type":"SearchAction","target":{"@type":"EntryPoint","urlTemplate":"https:\/\/traduzca.com\/?s={search_term_string}"},"query-input":{"@type":"PropertyValueSpecification","valueRequired":true,"valueName":"search_term_string"}}],"inLanguage":"de-DE"},{"@type":"Organization","@id":"https:\/\/traduzca.com\/#organization","name":"Traduzca","url":"https:\/\/traduzca.com\/","logo":{"@type":"ImageObject","inLanguage":"de-DE","@id":"https:\/\/traduzca.com\/#\/schema\/logo\/image\/","url":"https:\/\/traduzca.com\/wp-content\/uploads\/2026\/02\/cropped-favicon.png","contentUrl":"https:\/\/traduzca.com\/wp-content\/uploads\/2026\/02\/cropped-favicon.png","width":97,"height":94,"caption":"Traduzca"},"image":{"@id":"https:\/\/traduzca.com\/#\/schema\/logo\/image\/"},"sameAs":["https:\/\/www.facebook.com\/traduzca"]},{"@type":"Person","@id":"https:\/\/traduzca.com\/#\/schema\/person\/b4689f634b68236dfb176043283b2ae8","name":"traduzca_admin","image":{"@type":"ImageObject","inLanguage":"de-DE","@id":"https:\/\/traduzca.com\/#\/schema\/person\/image\/","url":"https:\/\/secure.gravatar.com\/avatar\/3e977bbac939cc66d785e2b0963953e99cf6fed540960c0ef0a9e984e569dd2f?s=96&d=mm&r=g","contentUrl":"https:\/\/secure.gravatar.com\/avatar\/3e977bbac939cc66d785e2b0963953e99cf6fed540960c0ef0a9e984e569dd2f?s=96&d=mm&r=g","caption":"traduzca_admin"},"sameAs":["https:\/\/traduzca.com"],"url":"https:\/\/traduzca.com\/de\/author\/traduzca_admin\/"}]}},"_links":{"self":[{"href":"https:\/\/traduzca.com\/de\/wp-json\/wp\/v2\/posts\/2750","targetHints":{"allow":["GET"]}}],"collection":[{"href":"https:\/\/traduzca.com\/de\/wp-json\/wp\/v2\/posts"}],"about":[{"href":"https:\/\/traduzca.com\/de\/wp-json\/wp\/v2\/types\/post"}],"author":[{"embeddable":true,"href":"https:\/\/traduzca.com\/de\/wp-json\/wp\/v2\/users\/1"}],"replies":[{"embeddable":true,"href":"https:\/\/traduzca.com\/de\/wp-json\/wp\/v2\/comments?post=2750"}],"version-history":[{"count":1,"href":"https:\/\/traduzca.com\/de\/wp-json\/wp\/v2\/posts\/2750\/revisions"}],"predecessor-version":[{"id":2751,"href":"https:\/\/traduzca.com\/de\/wp-json\/wp\/v2\/posts\/2750\/revisions\/2751"}],"wp:attachment":[{"href":"https:\/\/traduzca.com\/de\/wp-json\/wp\/v2\/media?parent=2750"}],"wp:term":[{"taxonomy":"category","embeddable":true,"href":"https:\/\/traduzca.com\/de\/wp-json\/wp\/v2\/categories?post=2750"},{"taxonomy":"post_tag","embeddable":true,"href":"https:\/\/traduzca.com\/de\/wp-json\/wp\/v2\/tags?post=2750"}],"curies":[{"name":"wp","href":"https:\/\/api.w.org\/{rel}","templated":true}]}}