{"id":2760,"date":"2018-08-29T16:47:59","date_gmt":"2018-08-29T16:47:59","guid":{"rendered":"https:\/\/traduzca.com\/?p=2760"},"modified":"2026-02-13T18:25:15","modified_gmt":"2026-02-13T18:25:15","slug":"fundacao-ibere-camargo-novo-site","status":"publish","type":"post","link":"https:\/\/traduzca.com\/de\/fundacao-ibere-camargo-novo-site\/","title":{"rendered":"Funda\u00e7\u00e3o Iber\u00ea Camargo ganha novo site institucional"},"content":{"rendered":"<figure id=\"attachment_26205\" aria-describedby=\"caption-attachment-26205\" style=\"width: 500px\" class=\"wp-caption alignleft\"><img fetchpriority=\"high\" decoding=\"async\" class=\"Localizado \u00e0s margens do Gua\u00edba, na zona sul de Porto Alegre, o atual pr\u00e9dio da Funda\u00e7\u00e3o Iber\u00ea Camargo completa 10 anos em 2018. A Traduzca \u00e9 uma das parceiras da institui\u00e7\u00e3o. wp-image-26205\" title=\"Localizado \u00e0s margens do Gua\u00edba, na zona sul de Porto Alegre, o atual pr\u00e9dio da Funda\u00e7\u00e3o Iber\u00ea Camargo completa 10 anos em 2018. A Traduzca \u00e9 uma das parceiras da institui\u00e7\u00e3o.\" src=\"https:\/\/www.traduzca.com\/wp-content\/\/uploads\/2018\/08\/fundacao-ibere-camargo-ganha-novo-site-institucional-1024x768.jpg\" alt=\"Localizado \u00e0s margens do Gua\u00edba, na zona sul de Porto Alegre, o atual pr\u00e9dio da Funda\u00e7\u00e3o Iber\u00ea Camargo completa 10 anos em 2018. A Traduzca \u00e9 uma das parceiras da institui\u00e7\u00e3o.\" width=\"500\" height=\"375\" \/><figcaption id=\"caption-attachment-26205\" class=\"wp-caption-text\">Localizado \u00e0s margens do Gua\u00edba, na zona sul de Porto Alegre, o atual pr\u00e9dio da Funda\u00e7\u00e3o Iber\u00ea Camargo completa 10 anos em 2018. A Traduzca \u00e9 uma das parceiras da institui\u00e7\u00e3o.<\/figcaption><\/figure>\n<p style=\"text-align: justify;\">Um dos principais cart\u00f5es postais de Porto Alegre ganhou novo endere\u00e7o na internet. A Funda\u00e7\u00e3o Iber\u00ea Camargo, que completa 23 anos em 2018, foi criada para preservar, investigar e divulgar a obra do artista Iber\u00ea Camargo, falecido em 1994. Entre os objetivos da entidade est\u00e1 estimular a reflex\u00e3o sobre arte, cultura e educa\u00e7\u00e3o da sociedade, por meio de programas transdisciplinares. A Traduzca \u00e9 uma das parceiras da Funda\u00e7\u00e3o Iber\u00ea Camargo.<\/p>\n<p style=\"text-align: justify;\">Localizado \u00e0s margens do Gua\u00edba, na zona sul de Porto Alegre, o atual pr\u00e9dio da entidade comemora uma d\u00e9cada de inaugura\u00e7\u00e3o este ano e j\u00e1 est\u00e1 marcado como um dos mais visitados locais da capital do Rio Grande do Sul. Cursos, oficinas, exposi\u00e7\u00f5es, semin\u00e1rios e encontros com artistas fazem parte da rotina do pr\u00e9dio que abriga a obra do artista.<\/p>\n<p style=\"text-align: justify;\">Imponente e \u00fanico, o pr\u00e9dio da Funda\u00e7\u00e3o Iber\u00ea Camargo foi desenhado pelo portugu\u00eas \u00c1lvaro Siza, primeiro projeto do arquiteto no Brasil. A obra \u00e9 considerada um referencial arquitet\u00f4nico internacional e j\u00e1 foi premiada com o Trof\u00e9u Le\u00e3o de Ouro da 8\u00aa Bienal de Arquitetura de Veneza em 2002 e o Mies Crown Hall Americas Prize em 2014.<\/p>\n<p style=\"text-align: justify;\">As visitas ao pr\u00e9dio da Funda\u00e7\u00e3o Iber\u00ea Camargo s\u00e3o realizadas aos s\u00e1bados e domingos, das 14h \u00e0s 19h, com \u00faltimo acesso \u00e0s 18h45min. A media\u00e7\u00e3o para grupos acontecem de quartas a sextas-feiras, \u00e0s 14h e 16h, e \u00e0s quintas, \u00e0s 10h. Para acessar o novo site, <a href=\"http:\/\/iberecamargo.org.br\/\">clique aqui<\/a>.<\/p>","protected":false},"excerpt":{"rendered":"<p>Um dos principais cart\u00f5es postais de Porto Alegre ganhou novo endere\u00e7o na internet. A Funda\u00e7\u00e3o Iber\u00ea Camargo, que completa 23 anos em 2018, foi criada para preservar, investigar e divulgar a obra do artista Iber\u00ea Camargo, falecido em 1994. Entre os objetivos da entidade est\u00e1 estimular a reflex\u00e3o sobre arte, cultura e educa\u00e7\u00e3o da sociedade, por meio de programas transdisciplinares. A Traduzca \u00e9 uma das parceiras da Funda\u00e7\u00e3o Iber\u00ea Camargo.<\/p>","protected":false},"author":1,"featured_media":0,"comment_status":"closed","ping_status":"closed","sticky":false,"template":"","format":"standard","meta":{"_acf_changed":false,"footnotes":""},"categories":[34,33],"tags":[35,9],"class_list":["post-2760","post","type-post","status-publish","format-standard","hentry","category-blog","category-noticias","tag-blog","tag-noticias"],"acf":[],"yoast_head":"<!-- This site is optimized with the Yoast SEO plugin v26.9 - https:\/\/yoast.com\/product\/yoast-seo-wordpress\/ -->\n<title>Funda\u00e7\u00e3o Iber\u00ea Camargo ganha novo site institucional - Traduzca<\/title>\n<meta name=\"robots\" content=\"index, follow, max-snippet:-1, max-image-preview:large, max-video-preview:-1\" \/>\n<link rel=\"canonical\" href=\"https:\/\/traduzca.com\/de\/fundacao-ibere-camargo-novo-site\/\" \/>\n<meta property=\"og:locale\" content=\"de_DE\" \/>\n<meta property=\"og:type\" content=\"article\" \/>\n<meta property=\"og:title\" content=\"Funda\u00e7\u00e3o Iber\u00ea Camargo ganha novo site institucional - Traduzca\" \/>\n<meta property=\"og:description\" content=\"Um dos principais cart\u00f5es postais de Porto Alegre ganhou novo endere\u00e7o na internet. A Funda\u00e7\u00e3o Iber\u00ea Camargo, que completa 23 anos em 2018, foi criada para preservar, investigar e divulgar a obra do artista Iber\u00ea Camargo, falecido em 1994. Entre os objetivos da entidade est\u00e1 estimular a reflex\u00e3o sobre arte, cultura e educa\u00e7\u00e3o da sociedade, por meio de programas transdisciplinares. A Traduzca \u00e9 uma das parceiras da Funda\u00e7\u00e3o Iber\u00ea Camargo.\" \/>\n<meta property=\"og:url\" content=\"https:\/\/traduzca.com\/de\/fundacao-ibere-camargo-novo-site\/\" \/>\n<meta property=\"og:site_name\" content=\"Traduzca\" \/>\n<meta property=\"article:publisher\" content=\"https:\/\/www.facebook.com\/traduzca\" \/>\n<meta property=\"article:published_time\" content=\"2018-08-29T16:47:59+00:00\" \/>\n<meta property=\"article:modified_time\" content=\"2026-02-13T18:25:15+00:00\" \/>\n<meta name=\"author\" content=\"traduzca_admin\" \/>\n<meta name=\"twitter:card\" content=\"summary_large_image\" \/>\n<meta name=\"twitter:label1\" content=\"Written by\" \/>\n\t<meta name=\"twitter:data1\" content=\"traduzca_admin\" \/>\n\t<meta name=\"twitter:label2\" content=\"Est. reading time\" \/>\n\t<meta name=\"twitter:data2\" content=\"1 minute\" \/>\n<script type=\"application\/ld+json\" class=\"yoast-schema-graph\">{\"@context\":\"https:\/\/schema.org\",\"@graph\":[{\"@type\":\"Article\",\"@id\":\"https:\/\/traduzca.com\/fundacao-ibere-camargo-novo-site\/#article\",\"isPartOf\":{\"@id\":\"https:\/\/traduzca.com\/fundacao-ibere-camargo-novo-site\/\"},\"author\":{\"name\":\"traduzca_admin\",\"@id\":\"https:\/\/traduzca.com\/#\/schema\/person\/b4689f634b68236dfb176043283b2ae8\"},\"headline\":\"Funda\u00e7\u00e3o Iber\u00ea Camargo ganha novo site institucional\",\"datePublished\":\"2018-08-29T16:47:59+00:00\",\"dateModified\":\"2026-02-13T18:25:15+00:00\",\"mainEntityOfPage\":{\"@id\":\"https:\/\/traduzca.com\/fundacao-ibere-camargo-novo-site\/\"},\"wordCount\":299,\"publisher\":{\"@id\":\"https:\/\/traduzca.com\/#organization\"},\"image\":{\"@id\":\"https:\/\/traduzca.com\/fundacao-ibere-camargo-novo-site\/#primaryimage\"},\"thumbnailUrl\":\"https:\/\/www.traduzca.com\/wp-content\/\/uploads\/2018\/08\/fundacao-ibere-camargo-ganha-novo-site-institucional-1024x768.jpg\",\"keywords\":[\"Blog\",\"NOT\u00cdCIAS\"],\"articleSection\":[\"Blog\",\"Not\u00edcias\"],\"inLanguage\":\"de-DE\"},{\"@type\":\"WebPage\",\"@id\":\"https:\/\/traduzca.com\/fundacao-ibere-camargo-novo-site\/\",\"url\":\"https:\/\/traduzca.com\/fundacao-ibere-camargo-novo-site\/\",\"name\":\"Funda\u00e7\u00e3o Iber\u00ea Camargo ganha novo site institucional - Traduzca\",\"isPartOf\":{\"@id\":\"https:\/\/traduzca.com\/#website\"},\"primaryImageOfPage\":{\"@id\":\"https:\/\/traduzca.com\/fundacao-ibere-camargo-novo-site\/#primaryimage\"},\"image\":{\"@id\":\"https:\/\/traduzca.com\/fundacao-ibere-camargo-novo-site\/#primaryimage\"},\"thumbnailUrl\":\"https:\/\/www.traduzca.com\/wp-content\/\/uploads\/2018\/08\/fundacao-ibere-camargo-ganha-novo-site-institucional-1024x768.jpg\",\"datePublished\":\"2018-08-29T16:47:59+00:00\",\"dateModified\":\"2026-02-13T18:25:15+00:00\",\"breadcrumb\":{\"@id\":\"https:\/\/traduzca.com\/fundacao-ibere-camargo-novo-site\/#breadcrumb\"},\"inLanguage\":\"de-DE\",\"potentialAction\":[{\"@type\":\"ReadAction\",\"target\":[\"https:\/\/traduzca.com\/fundacao-ibere-camargo-novo-site\/\"]}]},{\"@type\":\"ImageObject\",\"inLanguage\":\"de-DE\",\"@id\":\"https:\/\/traduzca.com\/fundacao-ibere-camargo-novo-site\/#primaryimage\",\"url\":\"https:\/\/www.traduzca.com\/wp-content\/\/uploads\/2018\/08\/fundacao-ibere-camargo-ganha-novo-site-institucional-1024x768.jpg\",\"contentUrl\":\"https:\/\/www.traduzca.com\/wp-content\/\/uploads\/2018\/08\/fundacao-ibere-camargo-ganha-novo-site-institucional-1024x768.jpg\"},{\"@type\":\"BreadcrumbList\",\"@id\":\"https:\/\/traduzca.com\/fundacao-ibere-camargo-novo-site\/#breadcrumb\",\"itemListElement\":[{\"@type\":\"ListItem\",\"position\":1,\"name\":\"Home\",\"item\":\"https:\/\/traduzca.com\/\"},{\"@type\":\"ListItem\",\"position\":2,\"name\":\"Funda\u00e7\u00e3o Iber\u00ea Camargo ganha novo site institucional\"}]},{\"@type\":\"WebSite\",\"@id\":\"https:\/\/traduzca.com\/#website\",\"url\":\"https:\/\/traduzca.com\/\",\"name\":\"Traduzca\",\"description\":\"A Traduzca conecta voc\u00ea a tradutores nativos com expertise t\u00e9cnica. Qualidade, sigilo e pontualidade para romper as barreiras do seu neg\u00f3cio.\",\"publisher\":{\"@id\":\"https:\/\/traduzca.com\/#organization\"},\"potentialAction\":[{\"@type\":\"SearchAction\",\"target\":{\"@type\":\"EntryPoint\",\"urlTemplate\":\"https:\/\/traduzca.com\/?s={search_term_string}\"},\"query-input\":{\"@type\":\"PropertyValueSpecification\",\"valueRequired\":true,\"valueName\":\"search_term_string\"}}],\"inLanguage\":\"de-DE\"},{\"@type\":\"Organization\",\"@id\":\"https:\/\/traduzca.com\/#organization\",\"name\":\"Traduzca\",\"url\":\"https:\/\/traduzca.com\/\",\"logo\":{\"@type\":\"ImageObject\",\"inLanguage\":\"de-DE\",\"@id\":\"https:\/\/traduzca.com\/#\/schema\/logo\/image\/\",\"url\":\"https:\/\/traduzca.com\/wp-content\/uploads\/2026\/02\/cropped-favicon.png\",\"contentUrl\":\"https:\/\/traduzca.com\/wp-content\/uploads\/2026\/02\/cropped-favicon.png\",\"width\":97,\"height\":94,\"caption\":\"Traduzca\"},\"image\":{\"@id\":\"https:\/\/traduzca.com\/#\/schema\/logo\/image\/\"},\"sameAs\":[\"https:\/\/www.facebook.com\/traduzca\"]},{\"@type\":\"Person\",\"@id\":\"https:\/\/traduzca.com\/#\/schema\/person\/b4689f634b68236dfb176043283b2ae8\",\"name\":\"traduzca_admin\",\"image\":{\"@type\":\"ImageObject\",\"inLanguage\":\"de-DE\",\"@id\":\"https:\/\/traduzca.com\/#\/schema\/person\/image\/\",\"url\":\"https:\/\/secure.gravatar.com\/avatar\/3e977bbac939cc66d785e2b0963953e99cf6fed540960c0ef0a9e984e569dd2f?s=96&d=mm&r=g\",\"contentUrl\":\"https:\/\/secure.gravatar.com\/avatar\/3e977bbac939cc66d785e2b0963953e99cf6fed540960c0ef0a9e984e569dd2f?s=96&d=mm&r=g\",\"caption\":\"traduzca_admin\"},\"sameAs\":[\"https:\/\/traduzca.com\"],\"url\":\"https:\/\/traduzca.com\/de\/author\/traduzca_admin\/\"}]}<\/script>\n<!-- \/ Yoast SEO plugin. -->","yoast_head_json":{"title":"Funda\u00e7\u00e3o Iber\u00ea Camargo ganha novo site institucional - Traduzca","robots":{"index":"index","follow":"follow","max-snippet":"max-snippet:-1","max-image-preview":"max-image-preview:large","max-video-preview":"max-video-preview:-1"},"canonical":"https:\/\/traduzca.com\/de\/fundacao-ibere-camargo-novo-site\/","og_locale":"de_DE","og_type":"article","og_title":"Funda\u00e7\u00e3o Iber\u00ea Camargo ganha novo site institucional - Traduzca","og_description":"Um dos principais cart\u00f5es postais de Porto Alegre ganhou novo endere\u00e7o na internet. A Funda\u00e7\u00e3o Iber\u00ea Camargo, que completa 23 anos em 2018, foi criada para preservar, investigar e divulgar a obra do artista Iber\u00ea Camargo, falecido em 1994. Entre os objetivos da entidade est\u00e1 estimular a reflex\u00e3o sobre arte, cultura e educa\u00e7\u00e3o da sociedade, por meio de programas transdisciplinares. A Traduzca \u00e9 uma das parceiras da Funda\u00e7\u00e3o Iber\u00ea Camargo.","og_url":"https:\/\/traduzca.com\/de\/fundacao-ibere-camargo-novo-site\/","og_site_name":"Traduzca","article_publisher":"https:\/\/www.facebook.com\/traduzca","article_published_time":"2018-08-29T16:47:59+00:00","article_modified_time":"2026-02-13T18:25:15+00:00","author":"traduzca_admin","twitter_card":"summary_large_image","twitter_misc":{"Written by":"traduzca_admin","Est. reading time":"1 minute"},"schema":{"@context":"https:\/\/schema.org","@graph":[{"@type":"Article","@id":"https:\/\/traduzca.com\/fundacao-ibere-camargo-novo-site\/#article","isPartOf":{"@id":"https:\/\/traduzca.com\/fundacao-ibere-camargo-novo-site\/"},"author":{"name":"traduzca_admin","@id":"https:\/\/traduzca.com\/#\/schema\/person\/b4689f634b68236dfb176043283b2ae8"},"headline":"Funda\u00e7\u00e3o Iber\u00ea Camargo ganha novo site institucional","datePublished":"2018-08-29T16:47:59+00:00","dateModified":"2026-02-13T18:25:15+00:00","mainEntityOfPage":{"@id":"https:\/\/traduzca.com\/fundacao-ibere-camargo-novo-site\/"},"wordCount":299,"publisher":{"@id":"https:\/\/traduzca.com\/#organization"},"image":{"@id":"https:\/\/traduzca.com\/fundacao-ibere-camargo-novo-site\/#primaryimage"},"thumbnailUrl":"https:\/\/www.traduzca.com\/wp-content\/\/uploads\/2018\/08\/fundacao-ibere-camargo-ganha-novo-site-institucional-1024x768.jpg","keywords":["Blog","NOT\u00cdCIAS"],"articleSection":["Blog","Not\u00edcias"],"inLanguage":"de-DE"},{"@type":"WebPage","@id":"https:\/\/traduzca.com\/fundacao-ibere-camargo-novo-site\/","url":"https:\/\/traduzca.com\/fundacao-ibere-camargo-novo-site\/","name":"Funda\u00e7\u00e3o Iber\u00ea Camargo ganha novo site institucional - Traduzca","isPartOf":{"@id":"https:\/\/traduzca.com\/#website"},"primaryImageOfPage":{"@id":"https:\/\/traduzca.com\/fundacao-ibere-camargo-novo-site\/#primaryimage"},"image":{"@id":"https:\/\/traduzca.com\/fundacao-ibere-camargo-novo-site\/#primaryimage"},"thumbnailUrl":"https:\/\/www.traduzca.com\/wp-content\/\/uploads\/2018\/08\/fundacao-ibere-camargo-ganha-novo-site-institucional-1024x768.jpg","datePublished":"2018-08-29T16:47:59+00:00","dateModified":"2026-02-13T18:25:15+00:00","breadcrumb":{"@id":"https:\/\/traduzca.com\/fundacao-ibere-camargo-novo-site\/#breadcrumb"},"inLanguage":"de-DE","potentialAction":[{"@type":"ReadAction","target":["https:\/\/traduzca.com\/fundacao-ibere-camargo-novo-site\/"]}]},{"@type":"ImageObject","inLanguage":"de-DE","@id":"https:\/\/traduzca.com\/fundacao-ibere-camargo-novo-site\/#primaryimage","url":"https:\/\/www.traduzca.com\/wp-content\/\/uploads\/2018\/08\/fundacao-ibere-camargo-ganha-novo-site-institucional-1024x768.jpg","contentUrl":"https:\/\/www.traduzca.com\/wp-content\/\/uploads\/2018\/08\/fundacao-ibere-camargo-ganha-novo-site-institucional-1024x768.jpg"},{"@type":"BreadcrumbList","@id":"https:\/\/traduzca.com\/fundacao-ibere-camargo-novo-site\/#breadcrumb","itemListElement":[{"@type":"ListItem","position":1,"name":"Home","item":"https:\/\/traduzca.com\/"},{"@type":"ListItem","position":2,"name":"Funda\u00e7\u00e3o Iber\u00ea Camargo ganha novo site institucional"}]},{"@type":"WebSite","@id":"https:\/\/traduzca.com\/#website","url":"https:\/\/traduzca.com\/","name":"Traduzca","description":"Traduzca verbindet Sie mit muttersprachlichen \u00dcbersetzern mit ausgewiesener Fachexpertise. Qualit\u00e4t, Vertraulichkeit und Termintreue \u2013 damit Ihr Unternehmen Sprachbarrieren \u00fcberwindet.","publisher":{"@id":"https:\/\/traduzca.com\/#organization"},"potentialAction":[{"@type":"SearchAction","target":{"@type":"EntryPoint","urlTemplate":"https:\/\/traduzca.com\/?s={search_term_string}"},"query-input":{"@type":"PropertyValueSpecification","valueRequired":true,"valueName":"search_term_string"}}],"inLanguage":"de-DE"},{"@type":"Organization","@id":"https:\/\/traduzca.com\/#organization","name":"Traduzca","url":"https:\/\/traduzca.com\/","logo":{"@type":"ImageObject","inLanguage":"de-DE","@id":"https:\/\/traduzca.com\/#\/schema\/logo\/image\/","url":"https:\/\/traduzca.com\/wp-content\/uploads\/2026\/02\/cropped-favicon.png","contentUrl":"https:\/\/traduzca.com\/wp-content\/uploads\/2026\/02\/cropped-favicon.png","width":97,"height":94,"caption":"Traduzca"},"image":{"@id":"https:\/\/traduzca.com\/#\/schema\/logo\/image\/"},"sameAs":["https:\/\/www.facebook.com\/traduzca"]},{"@type":"Person","@id":"https:\/\/traduzca.com\/#\/schema\/person\/b4689f634b68236dfb176043283b2ae8","name":"traduzca_admin","image":{"@type":"ImageObject","inLanguage":"de-DE","@id":"https:\/\/traduzca.com\/#\/schema\/person\/image\/","url":"https:\/\/secure.gravatar.com\/avatar\/3e977bbac939cc66d785e2b0963953e99cf6fed540960c0ef0a9e984e569dd2f?s=96&d=mm&r=g","contentUrl":"https:\/\/secure.gravatar.com\/avatar\/3e977bbac939cc66d785e2b0963953e99cf6fed540960c0ef0a9e984e569dd2f?s=96&d=mm&r=g","caption":"traduzca_admin"},"sameAs":["https:\/\/traduzca.com"],"url":"https:\/\/traduzca.com\/de\/author\/traduzca_admin\/"}]}},"_links":{"self":[{"href":"https:\/\/traduzca.com\/de\/wp-json\/wp\/v2\/posts\/2760","targetHints":{"allow":["GET"]}}],"collection":[{"href":"https:\/\/traduzca.com\/de\/wp-json\/wp\/v2\/posts"}],"about":[{"href":"https:\/\/traduzca.com\/de\/wp-json\/wp\/v2\/types\/post"}],"author":[{"embeddable":true,"href":"https:\/\/traduzca.com\/de\/wp-json\/wp\/v2\/users\/1"}],"replies":[{"embeddable":true,"href":"https:\/\/traduzca.com\/de\/wp-json\/wp\/v2\/comments?post=2760"}],"version-history":[{"count":1,"href":"https:\/\/traduzca.com\/de\/wp-json\/wp\/v2\/posts\/2760\/revisions"}],"predecessor-version":[{"id":2761,"href":"https:\/\/traduzca.com\/de\/wp-json\/wp\/v2\/posts\/2760\/revisions\/2761"}],"wp:attachment":[{"href":"https:\/\/traduzca.com\/de\/wp-json\/wp\/v2\/media?parent=2760"}],"wp:term":[{"taxonomy":"category","embeddable":true,"href":"https:\/\/traduzca.com\/de\/wp-json\/wp\/v2\/categories?post=2760"},{"taxonomy":"post_tag","embeddable":true,"href":"https:\/\/traduzca.com\/de\/wp-json\/wp\/v2\/tags?post=2760"}],"curies":[{"name":"wp","href":"https:\/\/api.w.org\/{rel}","templated":true}]}}