{"id":2900,"date":"2020-09-18T16:01:49","date_gmt":"2020-09-18T16:01:49","guid":{"rendered":"https:\/\/traduzca.com\/?p=2900"},"modified":"2026-02-13T18:32:00","modified_gmt":"2026-02-13T18:32:00","slug":"etias-o-minivisto-indispensavel-para-entrar-na-europa-a-partir-de-2022","status":"publish","type":"post","link":"https:\/\/traduzca.com\/de\/etias-o-minivisto-indispensavel-para-entrar-na-europa-a-partir-de-2022\/","title":{"rendered":"Etias, o &#8220;minivisto&#8221; indispens\u00e1vel para entrar na Europa a partir de 2022"},"content":{"rendered":"<p>Mesmo com muitas restri\u00e7\u00f5es para viagens internacionais, brasileiros com interesse em visitar a Europa nos pr\u00f3ximos meses precisam ficar atentos a um novo documento necess\u00e1rio para o ingresso no Velho Continente. O Sistema Europeu de Informa\u00e7\u00e3o e Autoriza\u00e7\u00e3o de Viagem (Etias, na sigla em ingl\u00eas) tem como objetivo controlar o ingresso de cidad\u00e3os de pa\u00edses que n\u00e3o necessitam de visto para entrada nos pa\u00edses da Uni\u00e3o Europeia, como os brasileiros.<\/p>\n<div class=\"wp-block-image\">\n<figure class=\"aligncenter size-large\"><img decoding=\"async\" src=\"https:\/\/www.traduzca.com\/wp-content\/uploads\/2020\/09\/etias-o-minivisto-indispensavel-para-entrar-na-europa-a-partir-de-2022-2-1.jpg\" alt=\"Mesmo com muitas restri\u00e7\u00f5es para viagens internacionais, brasileiros com interesse em visitar a Europa nos pr\u00f3ximos meses precisam ficar atentos a um novo documento necess\u00e1rio para o ingresso no Velho Continente. O Sistema Europeu de Informa\u00e7\u00e3o e Autoriza\u00e7\u00e3o de Viagem (Etias, na sigla em ingl\u00eas) tem como objetivo controlar o ingresso de cidad\u00e3os de pa\u00edses que n\u00e3o necessitam de visto para entrada nos pa\u00edses da Uni\u00e3o Europeia, como os brasileiros.\" class=\"wp-image-45855\"\/><\/figure>\n<\/div>\n<p>O <strong><a href=\"https:\/\/www.etiasvisa.com\/\" target=\"_blank\" rel=\"noreferrer noopener\">Etias<\/a> <\/strong>ser\u00e1 adotado por 26 dos 28 pa\u00edses-membros da Uni\u00e3o Europeia, al\u00e9m de quatro pa\u00edses que n\u00e3o fazem parte do bloco e tr\u00eas que n\u00e3o fazem parte do <strong><a href=\"https:\/\/www.schengenvisainfo.com\/etias\/\" target=\"_blank\" rel=\"noreferrer noopener\">Espa\u00e7o Schengen<\/a><\/strong>, acordo europeu de abertura e livre circula\u00e7\u00e3o de pessoas. Os pa\u00edses que solicitar\u00e3o o \u201cminivisto\u201d s\u00e3o Alemanha, \u00c1ustria, B\u00e9lgica, Dinamarca, Eslov\u00e1quia, Eslov\u00eania, Espanha, Est\u00f4nia, Finl\u00e2ndia, Fran\u00e7a, Gr\u00e9cia, Hungria, Holanda, It\u00e1lia, Isl\u00e2ndia, Let\u00f4nia, Liechtenstein, Litu\u00e2nia, Luxemburgo, Malta, M\u00f4naco, Noruega, Pol\u00f4nia, Portugal, Rep\u00fablica Checa, San Marino, Su\u00e9cia, Su\u00ed\u00e7a e Vaticano.<\/p>\n<p>Com a pandemia do novo coronav\u00edrus, a exig\u00eancia do Etias foi adiada para o fim de 2022. O documento funcionar\u00e1 como um &#8220;minivisto&#8221;, fornecendo informa\u00e7\u00f5es preenchidas pelo turista, como dados pessoais, informa\u00e7\u00f5es do passaporte e hist\u00f3rico de viagens anteriores. Al\u00e9m dos dados, os interessados em ingressar nos pa\u00edses da Uni\u00e3o Europeia precisar\u00e3o pagar uma taxa de 7,00 \u20ac no prazo de 96 horas antes do embarque, independentemente de a autoriza\u00e7\u00e3o ser concedida ou n\u00e3o.<\/p>\n<h4><strong>Informa\u00e7\u00f5es analisadas junto a banco de dados<\/strong><\/h4>\n<p>O Etias n\u00e3o altera o tr\u00e2nsito livre entre os pa\u00edses da Uni\u00e3o Europeia e as informa\u00e7\u00f5es cadastradas no sistema ser\u00e3o analisadas junto a bancos de dados da Uni\u00e3o Europeia e de \u00f3rg\u00e3os internacionais, como a Interpol, para determinar se h\u00e1 raz\u00f5es para o n\u00e3o ingresso do visitante em um pa\u00eds. Se tudo estiver correto, \u00e9 concedido um visto de entrada v\u00e1lido por at\u00e9 90 dias a livre circula\u00e7\u00e3o pelos estados-membros do Espa\u00e7o Schengen.<\/p>","protected":false},"excerpt":{"rendered":"<p>Mesmo com muitas restri\u00e7\u00f5es para viagens internacionais, brasileiros com interesse em visitar a Europa nos pr\u00f3ximos meses precisam ficar atentos a um novo documento necess\u00e1rio para o ingresso no Velh&#8230;<\/p>","protected":false},"author":1,"featured_media":0,"comment_status":"closed","ping_status":"closed","sticky":false,"template":"","format":"standard","meta":{"_acf_changed":false,"footnotes":""},"categories":[34,33],"tags":[35,9],"class_list":["post-2900","post","type-post","status-publish","format-standard","hentry","category-blog","category-noticias","tag-blog","tag-noticias"],"acf":[],"yoast_head":"<!-- This site is optimized with the Yoast SEO plugin v26.9 - https:\/\/yoast.com\/product\/yoast-seo-wordpress\/ -->\n<title>Etias, o &quot;minivisto&quot; indispens\u00e1vel para entrar na Europa a partir de 2022 - Traduzca<\/title>\n<meta name=\"robots\" content=\"index, follow, max-snippet:-1, max-image-preview:large, max-video-preview:-1\" \/>\n<link rel=\"canonical\" href=\"https:\/\/traduzca.com\/de\/etias-o-minivisto-indispensavel-para-entrar-na-europa-a-partir-de-2022\/\" \/>\n<meta property=\"og:locale\" content=\"de_DE\" \/>\n<meta property=\"og:type\" content=\"article\" \/>\n<meta property=\"og:title\" content=\"Etias, o &quot;minivisto&quot; indispens\u00e1vel para entrar na Europa a partir de 2022 - Traduzca\" \/>\n<meta property=\"og:description\" content=\"Mesmo com muitas restri\u00e7\u00f5es para viagens internacionais, brasileiros com interesse em visitar a Europa nos pr\u00f3ximos meses precisam ficar atentos a um novo documento necess\u00e1rio para o ingresso no Velh...\" \/>\n<meta property=\"og:url\" content=\"https:\/\/traduzca.com\/de\/etias-o-minivisto-indispensavel-para-entrar-na-europa-a-partir-de-2022\/\" \/>\n<meta property=\"og:site_name\" content=\"Traduzca\" \/>\n<meta property=\"article:publisher\" content=\"https:\/\/www.facebook.com\/traduzca\" \/>\n<meta property=\"article:published_time\" content=\"2020-09-18T16:01:49+00:00\" \/>\n<meta property=\"article:modified_time\" content=\"2026-02-13T18:32:00+00:00\" \/>\n<meta name=\"author\" content=\"traduzca_admin\" \/>\n<meta name=\"twitter:card\" content=\"summary_large_image\" \/>\n<meta name=\"twitter:label1\" content=\"Written by\" \/>\n\t<meta name=\"twitter:data1\" content=\"traduzca_admin\" \/>\n\t<meta name=\"twitter:label2\" content=\"Est. reading time\" \/>\n\t<meta name=\"twitter:data2\" content=\"2 minutes\" \/>\n<script type=\"application\/ld+json\" class=\"yoast-schema-graph\">{\"@context\":\"https:\/\/schema.org\",\"@graph\":[{\"@type\":\"Article\",\"@id\":\"https:\/\/traduzca.com\/etias-o-minivisto-indispensavel-para-entrar-na-europa-a-partir-de-2022\/#article\",\"isPartOf\":{\"@id\":\"https:\/\/traduzca.com\/etias-o-minivisto-indispensavel-para-entrar-na-europa-a-partir-de-2022\/\"},\"author\":{\"name\":\"traduzca_admin\",\"@id\":\"https:\/\/traduzca.com\/#\/schema\/person\/b4689f634b68236dfb176043283b2ae8\"},\"headline\":\"Etias, o &#8220;minivisto&#8221; indispens\u00e1vel para entrar na Europa a partir de 2022\",\"datePublished\":\"2020-09-18T16:01:49+00:00\",\"dateModified\":\"2026-02-13T18:32:00+00:00\",\"mainEntityOfPage\":{\"@id\":\"https:\/\/traduzca.com\/etias-o-minivisto-indispensavel-para-entrar-na-europa-a-partir-de-2022\/\"},\"wordCount\":372,\"publisher\":{\"@id\":\"https:\/\/traduzca.com\/#organization\"},\"image\":{\"@id\":\"https:\/\/traduzca.com\/etias-o-minivisto-indispensavel-para-entrar-na-europa-a-partir-de-2022\/#primaryimage\"},\"thumbnailUrl\":\"https:\/\/www.traduzca.com\/wp-content\/uploads\/2020\/09\/etias-o-minivisto-indispensavel-para-entrar-na-europa-a-partir-de-2022-2-1.jpg\",\"keywords\":[\"Blog\",\"NOT\u00cdCIAS\"],\"articleSection\":[\"Blog\",\"Not\u00edcias\"],\"inLanguage\":\"de-DE\"},{\"@type\":\"WebPage\",\"@id\":\"https:\/\/traduzca.com\/etias-o-minivisto-indispensavel-para-entrar-na-europa-a-partir-de-2022\/\",\"url\":\"https:\/\/traduzca.com\/etias-o-minivisto-indispensavel-para-entrar-na-europa-a-partir-de-2022\/\",\"name\":\"Etias, o \\\"minivisto\\\" indispens\u00e1vel para entrar na Europa a partir de 2022 - Traduzca\",\"isPartOf\":{\"@id\":\"https:\/\/traduzca.com\/#website\"},\"primaryImageOfPage\":{\"@id\":\"https:\/\/traduzca.com\/etias-o-minivisto-indispensavel-para-entrar-na-europa-a-partir-de-2022\/#primaryimage\"},\"image\":{\"@id\":\"https:\/\/traduzca.com\/etias-o-minivisto-indispensavel-para-entrar-na-europa-a-partir-de-2022\/#primaryimage\"},\"thumbnailUrl\":\"https:\/\/www.traduzca.com\/wp-content\/uploads\/2020\/09\/etias-o-minivisto-indispensavel-para-entrar-na-europa-a-partir-de-2022-2-1.jpg\",\"datePublished\":\"2020-09-18T16:01:49+00:00\",\"dateModified\":\"2026-02-13T18:32:00+00:00\",\"breadcrumb\":{\"@id\":\"https:\/\/traduzca.com\/etias-o-minivisto-indispensavel-para-entrar-na-europa-a-partir-de-2022\/#breadcrumb\"},\"inLanguage\":\"de-DE\",\"potentialAction\":[{\"@type\":\"ReadAction\",\"target\":[\"https:\/\/traduzca.com\/etias-o-minivisto-indispensavel-para-entrar-na-europa-a-partir-de-2022\/\"]}]},{\"@type\":\"ImageObject\",\"inLanguage\":\"de-DE\",\"@id\":\"https:\/\/traduzca.com\/etias-o-minivisto-indispensavel-para-entrar-na-europa-a-partir-de-2022\/#primaryimage\",\"url\":\"https:\/\/www.traduzca.com\/wp-content\/uploads\/2020\/09\/etias-o-minivisto-indispensavel-para-entrar-na-europa-a-partir-de-2022-2-1.jpg\",\"contentUrl\":\"https:\/\/www.traduzca.com\/wp-content\/uploads\/2020\/09\/etias-o-minivisto-indispensavel-para-entrar-na-europa-a-partir-de-2022-2-1.jpg\"},{\"@type\":\"BreadcrumbList\",\"@id\":\"https:\/\/traduzca.com\/etias-o-minivisto-indispensavel-para-entrar-na-europa-a-partir-de-2022\/#breadcrumb\",\"itemListElement\":[{\"@type\":\"ListItem\",\"position\":1,\"name\":\"Home\",\"item\":\"https:\/\/traduzca.com\/\"},{\"@type\":\"ListItem\",\"position\":2,\"name\":\"Etias, o &#8220;minivisto&#8221; indispens\u00e1vel para entrar na Europa a partir de 2022\"}]},{\"@type\":\"WebSite\",\"@id\":\"https:\/\/traduzca.com\/#website\",\"url\":\"https:\/\/traduzca.com\/\",\"name\":\"Traduzca\",\"description\":\"A Traduzca conecta voc\u00ea a tradutores nativos com expertise t\u00e9cnica. Qualidade, sigilo e pontualidade para romper as barreiras do seu neg\u00f3cio.\",\"publisher\":{\"@id\":\"https:\/\/traduzca.com\/#organization\"},\"potentialAction\":[{\"@type\":\"SearchAction\",\"target\":{\"@type\":\"EntryPoint\",\"urlTemplate\":\"https:\/\/traduzca.com\/?s={search_term_string}\"},\"query-input\":{\"@type\":\"PropertyValueSpecification\",\"valueRequired\":true,\"valueName\":\"search_term_string\"}}],\"inLanguage\":\"de-DE\"},{\"@type\":\"Organization\",\"@id\":\"https:\/\/traduzca.com\/#organization\",\"name\":\"Traduzca\",\"url\":\"https:\/\/traduzca.com\/\",\"logo\":{\"@type\":\"ImageObject\",\"inLanguage\":\"de-DE\",\"@id\":\"https:\/\/traduzca.com\/#\/schema\/logo\/image\/\",\"url\":\"https:\/\/traduzca.com\/wp-content\/uploads\/2026\/02\/cropped-favicon.png\",\"contentUrl\":\"https:\/\/traduzca.com\/wp-content\/uploads\/2026\/02\/cropped-favicon.png\",\"width\":97,\"height\":94,\"caption\":\"Traduzca\"},\"image\":{\"@id\":\"https:\/\/traduzca.com\/#\/schema\/logo\/image\/\"},\"sameAs\":[\"https:\/\/www.facebook.com\/traduzca\"]},{\"@type\":\"Person\",\"@id\":\"https:\/\/traduzca.com\/#\/schema\/person\/b4689f634b68236dfb176043283b2ae8\",\"name\":\"traduzca_admin\",\"image\":{\"@type\":\"ImageObject\",\"inLanguage\":\"de-DE\",\"@id\":\"https:\/\/traduzca.com\/#\/schema\/person\/image\/\",\"url\":\"https:\/\/secure.gravatar.com\/avatar\/3e977bbac939cc66d785e2b0963953e99cf6fed540960c0ef0a9e984e569dd2f?s=96&d=mm&r=g\",\"contentUrl\":\"https:\/\/secure.gravatar.com\/avatar\/3e977bbac939cc66d785e2b0963953e99cf6fed540960c0ef0a9e984e569dd2f?s=96&d=mm&r=g\",\"caption\":\"traduzca_admin\"},\"sameAs\":[\"https:\/\/traduzca.com\"],\"url\":\"https:\/\/traduzca.com\/de\/author\/traduzca_admin\/\"}]}<\/script>\n<!-- \/ Yoast SEO plugin. -->","yoast_head_json":{"title":"Etias, o \"minivisto\" indispens\u00e1vel para entrar na Europa a partir de 2022 - Traduzca","robots":{"index":"index","follow":"follow","max-snippet":"max-snippet:-1","max-image-preview":"max-image-preview:large","max-video-preview":"max-video-preview:-1"},"canonical":"https:\/\/traduzca.com\/de\/etias-o-minivisto-indispensavel-para-entrar-na-europa-a-partir-de-2022\/","og_locale":"de_DE","og_type":"article","og_title":"Etias, o \"minivisto\" indispens\u00e1vel para entrar na Europa a partir de 2022 - Traduzca","og_description":"Mesmo com muitas restri\u00e7\u00f5es para viagens internacionais, brasileiros com interesse em visitar a Europa nos pr\u00f3ximos meses precisam ficar atentos a um novo documento necess\u00e1rio para o ingresso no Velh...","og_url":"https:\/\/traduzca.com\/de\/etias-o-minivisto-indispensavel-para-entrar-na-europa-a-partir-de-2022\/","og_site_name":"Traduzca","article_publisher":"https:\/\/www.facebook.com\/traduzca","article_published_time":"2020-09-18T16:01:49+00:00","article_modified_time":"2026-02-13T18:32:00+00:00","author":"traduzca_admin","twitter_card":"summary_large_image","twitter_misc":{"Written by":"traduzca_admin","Est. reading time":"2 minutes"},"schema":{"@context":"https:\/\/schema.org","@graph":[{"@type":"Article","@id":"https:\/\/traduzca.com\/etias-o-minivisto-indispensavel-para-entrar-na-europa-a-partir-de-2022\/#article","isPartOf":{"@id":"https:\/\/traduzca.com\/etias-o-minivisto-indispensavel-para-entrar-na-europa-a-partir-de-2022\/"},"author":{"name":"traduzca_admin","@id":"https:\/\/traduzca.com\/#\/schema\/person\/b4689f634b68236dfb176043283b2ae8"},"headline":"Etias, o &#8220;minivisto&#8221; indispens\u00e1vel para entrar na Europa a partir de 2022","datePublished":"2020-09-18T16:01:49+00:00","dateModified":"2026-02-13T18:32:00+00:00","mainEntityOfPage":{"@id":"https:\/\/traduzca.com\/etias-o-minivisto-indispensavel-para-entrar-na-europa-a-partir-de-2022\/"},"wordCount":372,"publisher":{"@id":"https:\/\/traduzca.com\/#organization"},"image":{"@id":"https:\/\/traduzca.com\/etias-o-minivisto-indispensavel-para-entrar-na-europa-a-partir-de-2022\/#primaryimage"},"thumbnailUrl":"https:\/\/www.traduzca.com\/wp-content\/uploads\/2020\/09\/etias-o-minivisto-indispensavel-para-entrar-na-europa-a-partir-de-2022-2-1.jpg","keywords":["Blog","NOT\u00cdCIAS"],"articleSection":["Blog","Not\u00edcias"],"inLanguage":"de-DE"},{"@type":"WebPage","@id":"https:\/\/traduzca.com\/etias-o-minivisto-indispensavel-para-entrar-na-europa-a-partir-de-2022\/","url":"https:\/\/traduzca.com\/etias-o-minivisto-indispensavel-para-entrar-na-europa-a-partir-de-2022\/","name":"Etias, o \"minivisto\" indispens\u00e1vel para entrar na Europa a partir de 2022 - Traduzca","isPartOf":{"@id":"https:\/\/traduzca.com\/#website"},"primaryImageOfPage":{"@id":"https:\/\/traduzca.com\/etias-o-minivisto-indispensavel-para-entrar-na-europa-a-partir-de-2022\/#primaryimage"},"image":{"@id":"https:\/\/traduzca.com\/etias-o-minivisto-indispensavel-para-entrar-na-europa-a-partir-de-2022\/#primaryimage"},"thumbnailUrl":"https:\/\/www.traduzca.com\/wp-content\/uploads\/2020\/09\/etias-o-minivisto-indispensavel-para-entrar-na-europa-a-partir-de-2022-2-1.jpg","datePublished":"2020-09-18T16:01:49+00:00","dateModified":"2026-02-13T18:32:00+00:00","breadcrumb":{"@id":"https:\/\/traduzca.com\/etias-o-minivisto-indispensavel-para-entrar-na-europa-a-partir-de-2022\/#breadcrumb"},"inLanguage":"de-DE","potentialAction":[{"@type":"ReadAction","target":["https:\/\/traduzca.com\/etias-o-minivisto-indispensavel-para-entrar-na-europa-a-partir-de-2022\/"]}]},{"@type":"ImageObject","inLanguage":"de-DE","@id":"https:\/\/traduzca.com\/etias-o-minivisto-indispensavel-para-entrar-na-europa-a-partir-de-2022\/#primaryimage","url":"https:\/\/www.traduzca.com\/wp-content\/uploads\/2020\/09\/etias-o-minivisto-indispensavel-para-entrar-na-europa-a-partir-de-2022-2-1.jpg","contentUrl":"https:\/\/www.traduzca.com\/wp-content\/uploads\/2020\/09\/etias-o-minivisto-indispensavel-para-entrar-na-europa-a-partir-de-2022-2-1.jpg"},{"@type":"BreadcrumbList","@id":"https:\/\/traduzca.com\/etias-o-minivisto-indispensavel-para-entrar-na-europa-a-partir-de-2022\/#breadcrumb","itemListElement":[{"@type":"ListItem","position":1,"name":"Home","item":"https:\/\/traduzca.com\/"},{"@type":"ListItem","position":2,"name":"Etias, o &#8220;minivisto&#8221; indispens\u00e1vel para entrar na Europa a partir de 2022"}]},{"@type":"WebSite","@id":"https:\/\/traduzca.com\/#website","url":"https:\/\/traduzca.com\/","name":"Traduzca","description":"Traduzca verbindet Sie mit muttersprachlichen \u00dcbersetzern mit ausgewiesener Fachexpertise. Qualit\u00e4t, Vertraulichkeit und Termintreue \u2013 damit Ihr Unternehmen Sprachbarrieren \u00fcberwindet.","publisher":{"@id":"https:\/\/traduzca.com\/#organization"},"potentialAction":[{"@type":"SearchAction","target":{"@type":"EntryPoint","urlTemplate":"https:\/\/traduzca.com\/?s={search_term_string}"},"query-input":{"@type":"PropertyValueSpecification","valueRequired":true,"valueName":"search_term_string"}}],"inLanguage":"de-DE"},{"@type":"Organization","@id":"https:\/\/traduzca.com\/#organization","name":"Traduzca","url":"https:\/\/traduzca.com\/","logo":{"@type":"ImageObject","inLanguage":"de-DE","@id":"https:\/\/traduzca.com\/#\/schema\/logo\/image\/","url":"https:\/\/traduzca.com\/wp-content\/uploads\/2026\/02\/cropped-favicon.png","contentUrl":"https:\/\/traduzca.com\/wp-content\/uploads\/2026\/02\/cropped-favicon.png","width":97,"height":94,"caption":"Traduzca"},"image":{"@id":"https:\/\/traduzca.com\/#\/schema\/logo\/image\/"},"sameAs":["https:\/\/www.facebook.com\/traduzca"]},{"@type":"Person","@id":"https:\/\/traduzca.com\/#\/schema\/person\/b4689f634b68236dfb176043283b2ae8","name":"traduzca_admin","image":{"@type":"ImageObject","inLanguage":"de-DE","@id":"https:\/\/traduzca.com\/#\/schema\/person\/image\/","url":"https:\/\/secure.gravatar.com\/avatar\/3e977bbac939cc66d785e2b0963953e99cf6fed540960c0ef0a9e984e569dd2f?s=96&d=mm&r=g","contentUrl":"https:\/\/secure.gravatar.com\/avatar\/3e977bbac939cc66d785e2b0963953e99cf6fed540960c0ef0a9e984e569dd2f?s=96&d=mm&r=g","caption":"traduzca_admin"},"sameAs":["https:\/\/traduzca.com"],"url":"https:\/\/traduzca.com\/de\/author\/traduzca_admin\/"}]}},"_links":{"self":[{"href":"https:\/\/traduzca.com\/de\/wp-json\/wp\/v2\/posts\/2900","targetHints":{"allow":["GET"]}}],"collection":[{"href":"https:\/\/traduzca.com\/de\/wp-json\/wp\/v2\/posts"}],"about":[{"href":"https:\/\/traduzca.com\/de\/wp-json\/wp\/v2\/types\/post"}],"author":[{"embeddable":true,"href":"https:\/\/traduzca.com\/de\/wp-json\/wp\/v2\/users\/1"}],"replies":[{"embeddable":true,"href":"https:\/\/traduzca.com\/de\/wp-json\/wp\/v2\/comments?post=2900"}],"version-history":[{"count":2,"href":"https:\/\/traduzca.com\/de\/wp-json\/wp\/v2\/posts\/2900\/revisions"}],"predecessor-version":[{"id":2902,"href":"https:\/\/traduzca.com\/de\/wp-json\/wp\/v2\/posts\/2900\/revisions\/2902"}],"wp:attachment":[{"href":"https:\/\/traduzca.com\/de\/wp-json\/wp\/v2\/media?parent=2900"}],"wp:term":[{"taxonomy":"category","embeddable":true,"href":"https:\/\/traduzca.com\/de\/wp-json\/wp\/v2\/categories?post=2900"},{"taxonomy":"post_tag","embeddable":true,"href":"https:\/\/traduzca.com\/de\/wp-json\/wp\/v2\/tags?post=2900"}],"curies":[{"name":"wp","href":"https:\/\/api.w.org\/{rel}","templated":true}]}}