{"id":3115,"date":"2021-05-12T19:01:58","date_gmt":"2021-05-12T19:01:58","guid":{"rendered":"https:\/\/traduzca.com\/?p=3115"},"modified":"2026-02-13T18:41:47","modified_gmt":"2026-02-13T18:41:47","slug":"quem-foi-oswaldo-cruz-medico-que-revolucionou-a-saude-no-brasil","status":"publish","type":"post","link":"https:\/\/traduzca.com\/de\/quem-foi-oswaldo-cruz-medico-que-revolucionou-a-saude-no-brasil\/","title":{"rendered":"Quem foi Oswaldo Cruz, m\u00e9dico que revolucionou a sa\u00fade no Brasil"},"content":{"rendered":"<p>Uma das principais vacinas contra a Covid-19 usadas atualmente \u00e9 a desenvolvida pela universidade de Oxford em parceria com o laborat\u00f3rio AstraZeneca, duas institui\u00e7\u00f5es brit\u00e2nicas. No Brasil, a vacina \u00e9 produzida pela Funda\u00e7\u00e3o Oswaldo Cruz, conhecida como Fiocruz. Uma das mais importantes institui\u00e7\u00f5es de pesquisa de ci\u00eancia e tecnologia em sa\u00fade do mundo, a Fiocruz foi fundada em 1900 com o nome de Instituto Soroter\u00e1pico Federal, e desde ent\u00e3o ganha, a cada ano, cada vez mais relev\u00e2ncia no cen\u00e1rio cient\u00edfico.<\/p>\n<figure class=\"wp-block-image alignwide size-large\"><img decoding=\"async\" src=\"https:\/\/www.traduzca.com\/wp-content\/uploads\/2021\/05\/oswaldo-cruz.jpeg\" alt=\"\" class=\"wp-image-59667\"\/><figcaption>Foto: Acervo Casa de Oswaldo Cruz<\/figcaption><\/figure>\n<p>Nascido no interior de S\u00e3o Paulo, Oswaldo Cruz se mudou com a fam\u00edlia para o Rio de Janeiro ainda crian\u00e7a, e desde jovem se interessou pro microbiologia. Esse interesse o fez montar um pequeno laborat\u00f3rio no por\u00e3o de sua casa, onde fazia alguns experimentos. Pouco depois, j\u00e1 graduado e doutorado pela Faculdade de Medicina do Rio de Janeiro, passou a trabalhar na Policl\u00ednica Geral do Rio de Janeiro, respons\u00e1vel pela montagem e chefia do laborat\u00f3rio de an\u00e1lises cl\u00ednicas. Anos mais tarde, em 1897, Oswaldo Cruz se mudou para Paris, onde estudou microbiologia, soroterapia e imunologia no Instituto Pasteur, e medicina legal no Instituto de Toxicologia.<\/p>\n<p>De volta ao Brasil em 1900, ajudou a fundar o Instituto Soroter\u00e1pico Federal, constru\u00eddo na Fazenda Manguinhos, no Rio de Janeiro. Na ent\u00e3o capital federal, Oswaldo Cruz viu seu pa\u00eds ser assolado por v\u00e1rios tipos de doen\u00e7as infecciosas, e colocou o instituto rec\u00e9m fundado a combater as pestes, como a febre amarela, a peste bub\u00f4nica e a var\u00edola. \u00c0 \u00e9poca, os recursos adotados para enfrentar as epidemias foram semelhantes aos adotados atualmente contra a Covid-19: isolamento dos doentes, a notifica\u00e7\u00e3o compuls\u00f3ria dos casos positivos, a captura dos vetores, como mosquitos e ratos, e a desinfec\u00e7\u00e3o das moradias em \u00e1reas end\u00eamicas. Em poucos meses, a epidemia de peste bub\u00f4nica diminuiu com o exterm\u00ednio dos ratos, cujas pulgas eram vetores da doen\u00e7a.<\/p>\n<p>J\u00e1 o combate \u00e0 febre amarela foi mais dif\u00edcil. Assim como as not\u00edcias falsas transmitidas rapidamente pelas redes sociais atualmente, a sociedade brasileira de 1904 acreditava que a doen\u00e7a era transmitida pelas roupas, suor ou sangue. Cientista de renome internacional, Oswaldo Cruz acreditava que a febre amarela era transmitida por mosquitos, e criou brigadas sanit\u00e1rias, percorrendo casas com o objetivo de eliminar focos dos insetos.<\/p>\n<p>A opera\u00e7\u00e3o para erradica\u00e7\u00e3o da doen\u00e7a gerou uma revolta popular, que aumentou quando Oswaldo Cruz tentou promover uma vacina\u00e7\u00e3o em massa da popula\u00e7\u00e3o contra a var\u00edola. A ira popular ficou conhecida como a Revolta da Vacina, e a popula\u00e7\u00e3o se recusava a ser vacinada contra qualquer doen\u00e7a. Ap\u00f3s muitos confrontos, a revolta foi superada, e a febre amarela foi erradicada no Rio de Janeiro em 1907. Um ano mais tarde, em 1908, um novo surto de var\u00edola voltou a assolar a capital federal, e a popula\u00e7\u00e3o procurou os postos de vacina\u00e7\u00e3o para superar a doen\u00e7a.<\/p>\n<p>Al\u00e9m do trabalho de preven\u00e7\u00e3o de doen\u00e7as, Oswaldo Cruz foi reconhecido mundo afora pelo trabalho de saneamento do Rio de Janeiro, pela reformula\u00e7\u00e3o do C\u00f3digo Sanit\u00e1rio Brasileiro, pela reestrutura\u00e7\u00e3o de todos os \u00f3rg\u00e3os de sa\u00fade e higiene do pa\u00eds e pelo combate \u00e0 mal\u00e1ria em 1910, durante a constru\u00e7\u00e3o da Estrada de Ferro Madeira-Mamor\u00e9, em Rond\u00f4nia. Seu trabalho pioneiro no Brasil fez com que Oswaldo Cruz fosse reconhecido como her\u00f3i nacional, e em 1909 o Instituto Soroter\u00e1pico Federal passou a se chamar Funda\u00e7\u00e3o Oswaldo Cruz.<\/p>\n<p>Diagnosticado com nefrite, uma doen\u00e7a renal aguda, Oswaldo Cruz se licenciou da Diretoria Geral de Sa\u00fade P\u00fablica em 1909 para cuidar da sa\u00fade. Em 1915, tamb\u00e9m deixou a dire\u00e7\u00e3o do Instituto Oswaldo Cruz e mudou-se para Petr\u00f3polis. Mesmo doente, fora eleito prefeito da cidade no ano seguinte, em 1916, tra\u00e7ando um grande plano de urbaniza\u00e7\u00e3o da cidade&nbsp; e fundando a Academia Brasileira de Ci\u00eancias. Meses ap\u00f3s tomar posse como prefeito, renunciou ao cargo. Oswaldo Cruz faleceu em fevereiro de 1917, aos 44 anos, deixando um legado permanente para a hist\u00f3ria da sa\u00fade p\u00fablica do Rio de Janeiro e do Brasil.<\/p>","protected":false},"excerpt":{"rendered":"<p>Uma das principais vacinas contra a Covid-19 usadas atualmente \u00e9 a desenvolvida pela universidade de Oxford em parceria com o laborat\u00f3rio AstraZeneca, duas institui\u00e7\u00f5es brit\u00e2nicas. No Brasil, a vacin&#8230;<\/p>","protected":false},"author":1,"featured_media":0,"comment_status":"closed","ping_status":"closed","sticky":false,"template":"","format":"standard","meta":{"_acf_changed":false,"footnotes":""},"categories":[34,33],"tags":[35,9],"class_list":["post-3115","post","type-post","status-publish","format-standard","hentry","category-blog","category-noticias","tag-blog","tag-noticias"],"acf":[],"yoast_head":"<!-- This site is optimized with the Yoast SEO plugin v26.9 - https:\/\/yoast.com\/product\/yoast-seo-wordpress\/ -->\n<title>Quem foi Oswaldo Cruz, m\u00e9dico que revolucionou a sa\u00fade no Brasil - Traduzca<\/title>\n<meta name=\"robots\" content=\"index, follow, max-snippet:-1, max-image-preview:large, max-video-preview:-1\" \/>\n<link rel=\"canonical\" href=\"https:\/\/traduzca.com\/de\/quem-foi-oswaldo-cruz-medico-que-revolucionou-a-saude-no-brasil\/\" \/>\n<meta property=\"og:locale\" content=\"de_DE\" \/>\n<meta property=\"og:type\" content=\"article\" \/>\n<meta property=\"og:title\" content=\"Quem foi Oswaldo Cruz, m\u00e9dico que revolucionou a sa\u00fade no Brasil - Traduzca\" \/>\n<meta property=\"og:description\" content=\"Uma das principais vacinas contra a Covid-19 usadas atualmente \u00e9 a desenvolvida pela universidade de Oxford em parceria com o laborat\u00f3rio AstraZeneca, duas institui\u00e7\u00f5es brit\u00e2nicas. No Brasil, a vacin...\" \/>\n<meta property=\"og:url\" content=\"https:\/\/traduzca.com\/de\/quem-foi-oswaldo-cruz-medico-que-revolucionou-a-saude-no-brasil\/\" \/>\n<meta property=\"og:site_name\" content=\"Traduzca\" \/>\n<meta property=\"article:publisher\" content=\"https:\/\/www.facebook.com\/traduzca\" \/>\n<meta property=\"article:published_time\" content=\"2021-05-12T19:01:58+00:00\" \/>\n<meta property=\"article:modified_time\" content=\"2026-02-13T18:41:47+00:00\" \/>\n<meta name=\"author\" content=\"traduzca_admin\" \/>\n<meta name=\"twitter:card\" content=\"summary_large_image\" \/>\n<meta name=\"twitter:label1\" content=\"Written by\" \/>\n\t<meta name=\"twitter:data1\" content=\"traduzca_admin\" \/>\n\t<meta name=\"twitter:label2\" content=\"Est. reading time\" \/>\n\t<meta name=\"twitter:data2\" content=\"4 minutes\" \/>\n<script type=\"application\/ld+json\" class=\"yoast-schema-graph\">{\"@context\":\"https:\/\/schema.org\",\"@graph\":[{\"@type\":\"Article\",\"@id\":\"https:\/\/traduzca.com\/quem-foi-oswaldo-cruz-medico-que-revolucionou-a-saude-no-brasil\/#article\",\"isPartOf\":{\"@id\":\"https:\/\/traduzca.com\/quem-foi-oswaldo-cruz-medico-que-revolucionou-a-saude-no-brasil\/\"},\"author\":{\"name\":\"traduzca_admin\",\"@id\":\"https:\/\/traduzca.com\/#\/schema\/person\/b4689f634b68236dfb176043283b2ae8\"},\"headline\":\"Quem foi Oswaldo Cruz, m\u00e9dico que revolucionou a sa\u00fade no Brasil\",\"datePublished\":\"2021-05-12T19:01:58+00:00\",\"dateModified\":\"2026-02-13T18:41:47+00:00\",\"mainEntityOfPage\":{\"@id\":\"https:\/\/traduzca.com\/quem-foi-oswaldo-cruz-medico-que-revolucionou-a-saude-no-brasil\/\"},\"wordCount\":737,\"publisher\":{\"@id\":\"https:\/\/traduzca.com\/#organization\"},\"image\":{\"@id\":\"https:\/\/traduzca.com\/quem-foi-oswaldo-cruz-medico-que-revolucionou-a-saude-no-brasil\/#primaryimage\"},\"thumbnailUrl\":\"https:\/\/www.traduzca.com\/wp-content\/uploads\/2021\/05\/oswaldo-cruz.jpeg\",\"keywords\":[\"Blog\",\"NOT\u00cdCIAS\"],\"articleSection\":[\"Blog\",\"Not\u00edcias\"],\"inLanguage\":\"de-DE\"},{\"@type\":\"WebPage\",\"@id\":\"https:\/\/traduzca.com\/quem-foi-oswaldo-cruz-medico-que-revolucionou-a-saude-no-brasil\/\",\"url\":\"https:\/\/traduzca.com\/quem-foi-oswaldo-cruz-medico-que-revolucionou-a-saude-no-brasil\/\",\"name\":\"Quem foi Oswaldo Cruz, m\u00e9dico que revolucionou a sa\u00fade no Brasil - Traduzca\",\"isPartOf\":{\"@id\":\"https:\/\/traduzca.com\/#website\"},\"primaryImageOfPage\":{\"@id\":\"https:\/\/traduzca.com\/quem-foi-oswaldo-cruz-medico-que-revolucionou-a-saude-no-brasil\/#primaryimage\"},\"image\":{\"@id\":\"https:\/\/traduzca.com\/quem-foi-oswaldo-cruz-medico-que-revolucionou-a-saude-no-brasil\/#primaryimage\"},\"thumbnailUrl\":\"https:\/\/www.traduzca.com\/wp-content\/uploads\/2021\/05\/oswaldo-cruz.jpeg\",\"datePublished\":\"2021-05-12T19:01:58+00:00\",\"dateModified\":\"2026-02-13T18:41:47+00:00\",\"breadcrumb\":{\"@id\":\"https:\/\/traduzca.com\/quem-foi-oswaldo-cruz-medico-que-revolucionou-a-saude-no-brasil\/#breadcrumb\"},\"inLanguage\":\"de-DE\",\"potentialAction\":[{\"@type\":\"ReadAction\",\"target\":[\"https:\/\/traduzca.com\/quem-foi-oswaldo-cruz-medico-que-revolucionou-a-saude-no-brasil\/\"]}]},{\"@type\":\"ImageObject\",\"inLanguage\":\"de-DE\",\"@id\":\"https:\/\/traduzca.com\/quem-foi-oswaldo-cruz-medico-que-revolucionou-a-saude-no-brasil\/#primaryimage\",\"url\":\"https:\/\/www.traduzca.com\/wp-content\/uploads\/2021\/05\/oswaldo-cruz.jpeg\",\"contentUrl\":\"https:\/\/www.traduzca.com\/wp-content\/uploads\/2021\/05\/oswaldo-cruz.jpeg\"},{\"@type\":\"BreadcrumbList\",\"@id\":\"https:\/\/traduzca.com\/quem-foi-oswaldo-cruz-medico-que-revolucionou-a-saude-no-brasil\/#breadcrumb\",\"itemListElement\":[{\"@type\":\"ListItem\",\"position\":1,\"name\":\"Home\",\"item\":\"https:\/\/traduzca.com\/\"},{\"@type\":\"ListItem\",\"position\":2,\"name\":\"Quem foi Oswaldo Cruz, m\u00e9dico que revolucionou a sa\u00fade no Brasil\"}]},{\"@type\":\"WebSite\",\"@id\":\"https:\/\/traduzca.com\/#website\",\"url\":\"https:\/\/traduzca.com\/\",\"name\":\"Traduzca\",\"description\":\"A Traduzca conecta voc\u00ea a tradutores nativos com expertise t\u00e9cnica. Qualidade, sigilo e pontualidade para romper as barreiras do seu neg\u00f3cio.\",\"publisher\":{\"@id\":\"https:\/\/traduzca.com\/#organization\"},\"potentialAction\":[{\"@type\":\"SearchAction\",\"target\":{\"@type\":\"EntryPoint\",\"urlTemplate\":\"https:\/\/traduzca.com\/?s={search_term_string}\"},\"query-input\":{\"@type\":\"PropertyValueSpecification\",\"valueRequired\":true,\"valueName\":\"search_term_string\"}}],\"inLanguage\":\"de-DE\"},{\"@type\":\"Organization\",\"@id\":\"https:\/\/traduzca.com\/#organization\",\"name\":\"Traduzca\",\"url\":\"https:\/\/traduzca.com\/\",\"logo\":{\"@type\":\"ImageObject\",\"inLanguage\":\"de-DE\",\"@id\":\"https:\/\/traduzca.com\/#\/schema\/logo\/image\/\",\"url\":\"https:\/\/traduzca.com\/wp-content\/uploads\/2026\/02\/cropped-favicon.png\",\"contentUrl\":\"https:\/\/traduzca.com\/wp-content\/uploads\/2026\/02\/cropped-favicon.png\",\"width\":97,\"height\":94,\"caption\":\"Traduzca\"},\"image\":{\"@id\":\"https:\/\/traduzca.com\/#\/schema\/logo\/image\/\"},\"sameAs\":[\"https:\/\/www.facebook.com\/traduzca\"]},{\"@type\":\"Person\",\"@id\":\"https:\/\/traduzca.com\/#\/schema\/person\/b4689f634b68236dfb176043283b2ae8\",\"name\":\"traduzca_admin\",\"image\":{\"@type\":\"ImageObject\",\"inLanguage\":\"de-DE\",\"@id\":\"https:\/\/traduzca.com\/#\/schema\/person\/image\/\",\"url\":\"https:\/\/secure.gravatar.com\/avatar\/3e977bbac939cc66d785e2b0963953e99cf6fed540960c0ef0a9e984e569dd2f?s=96&d=mm&r=g\",\"contentUrl\":\"https:\/\/secure.gravatar.com\/avatar\/3e977bbac939cc66d785e2b0963953e99cf6fed540960c0ef0a9e984e569dd2f?s=96&d=mm&r=g\",\"caption\":\"traduzca_admin\"},\"sameAs\":[\"https:\/\/traduzca.com\"],\"url\":\"https:\/\/traduzca.com\/de\/author\/traduzca_admin\/\"}]}<\/script>\n<!-- \/ Yoast SEO plugin. -->","yoast_head_json":{"title":"Quem foi Oswaldo Cruz, m\u00e9dico que revolucionou a sa\u00fade no Brasil - Traduzca","robots":{"index":"index","follow":"follow","max-snippet":"max-snippet:-1","max-image-preview":"max-image-preview:large","max-video-preview":"max-video-preview:-1"},"canonical":"https:\/\/traduzca.com\/de\/quem-foi-oswaldo-cruz-medico-que-revolucionou-a-saude-no-brasil\/","og_locale":"de_DE","og_type":"article","og_title":"Quem foi Oswaldo Cruz, m\u00e9dico que revolucionou a sa\u00fade no Brasil - Traduzca","og_description":"Uma das principais vacinas contra a Covid-19 usadas atualmente \u00e9 a desenvolvida pela universidade de Oxford em parceria com o laborat\u00f3rio AstraZeneca, duas institui\u00e7\u00f5es brit\u00e2nicas. No Brasil, a vacin...","og_url":"https:\/\/traduzca.com\/de\/quem-foi-oswaldo-cruz-medico-que-revolucionou-a-saude-no-brasil\/","og_site_name":"Traduzca","article_publisher":"https:\/\/www.facebook.com\/traduzca","article_published_time":"2021-05-12T19:01:58+00:00","article_modified_time":"2026-02-13T18:41:47+00:00","author":"traduzca_admin","twitter_card":"summary_large_image","twitter_misc":{"Written by":"traduzca_admin","Est. reading time":"4 minutes"},"schema":{"@context":"https:\/\/schema.org","@graph":[{"@type":"Article","@id":"https:\/\/traduzca.com\/quem-foi-oswaldo-cruz-medico-que-revolucionou-a-saude-no-brasil\/#article","isPartOf":{"@id":"https:\/\/traduzca.com\/quem-foi-oswaldo-cruz-medico-que-revolucionou-a-saude-no-brasil\/"},"author":{"name":"traduzca_admin","@id":"https:\/\/traduzca.com\/#\/schema\/person\/b4689f634b68236dfb176043283b2ae8"},"headline":"Quem foi Oswaldo Cruz, m\u00e9dico que revolucionou a sa\u00fade no Brasil","datePublished":"2021-05-12T19:01:58+00:00","dateModified":"2026-02-13T18:41:47+00:00","mainEntityOfPage":{"@id":"https:\/\/traduzca.com\/quem-foi-oswaldo-cruz-medico-que-revolucionou-a-saude-no-brasil\/"},"wordCount":737,"publisher":{"@id":"https:\/\/traduzca.com\/#organization"},"image":{"@id":"https:\/\/traduzca.com\/quem-foi-oswaldo-cruz-medico-que-revolucionou-a-saude-no-brasil\/#primaryimage"},"thumbnailUrl":"https:\/\/www.traduzca.com\/wp-content\/uploads\/2021\/05\/oswaldo-cruz.jpeg","keywords":["Blog","NOT\u00cdCIAS"],"articleSection":["Blog","Not\u00edcias"],"inLanguage":"de-DE"},{"@type":"WebPage","@id":"https:\/\/traduzca.com\/quem-foi-oswaldo-cruz-medico-que-revolucionou-a-saude-no-brasil\/","url":"https:\/\/traduzca.com\/quem-foi-oswaldo-cruz-medico-que-revolucionou-a-saude-no-brasil\/","name":"Quem foi Oswaldo Cruz, m\u00e9dico que revolucionou a sa\u00fade no Brasil - Traduzca","isPartOf":{"@id":"https:\/\/traduzca.com\/#website"},"primaryImageOfPage":{"@id":"https:\/\/traduzca.com\/quem-foi-oswaldo-cruz-medico-que-revolucionou-a-saude-no-brasil\/#primaryimage"},"image":{"@id":"https:\/\/traduzca.com\/quem-foi-oswaldo-cruz-medico-que-revolucionou-a-saude-no-brasil\/#primaryimage"},"thumbnailUrl":"https:\/\/www.traduzca.com\/wp-content\/uploads\/2021\/05\/oswaldo-cruz.jpeg","datePublished":"2021-05-12T19:01:58+00:00","dateModified":"2026-02-13T18:41:47+00:00","breadcrumb":{"@id":"https:\/\/traduzca.com\/quem-foi-oswaldo-cruz-medico-que-revolucionou-a-saude-no-brasil\/#breadcrumb"},"inLanguage":"de-DE","potentialAction":[{"@type":"ReadAction","target":["https:\/\/traduzca.com\/quem-foi-oswaldo-cruz-medico-que-revolucionou-a-saude-no-brasil\/"]}]},{"@type":"ImageObject","inLanguage":"de-DE","@id":"https:\/\/traduzca.com\/quem-foi-oswaldo-cruz-medico-que-revolucionou-a-saude-no-brasil\/#primaryimage","url":"https:\/\/www.traduzca.com\/wp-content\/uploads\/2021\/05\/oswaldo-cruz.jpeg","contentUrl":"https:\/\/www.traduzca.com\/wp-content\/uploads\/2021\/05\/oswaldo-cruz.jpeg"},{"@type":"BreadcrumbList","@id":"https:\/\/traduzca.com\/quem-foi-oswaldo-cruz-medico-que-revolucionou-a-saude-no-brasil\/#breadcrumb","itemListElement":[{"@type":"ListItem","position":1,"name":"Home","item":"https:\/\/traduzca.com\/"},{"@type":"ListItem","position":2,"name":"Quem foi Oswaldo Cruz, m\u00e9dico que revolucionou a sa\u00fade no Brasil"}]},{"@type":"WebSite","@id":"https:\/\/traduzca.com\/#website","url":"https:\/\/traduzca.com\/","name":"Traduzca","description":"Traduzca verbindet Sie mit muttersprachlichen \u00dcbersetzern mit ausgewiesener Fachexpertise. Qualit\u00e4t, Vertraulichkeit und Termintreue \u2013 damit Ihr Unternehmen Sprachbarrieren \u00fcberwindet.","publisher":{"@id":"https:\/\/traduzca.com\/#organization"},"potentialAction":[{"@type":"SearchAction","target":{"@type":"EntryPoint","urlTemplate":"https:\/\/traduzca.com\/?s={search_term_string}"},"query-input":{"@type":"PropertyValueSpecification","valueRequired":true,"valueName":"search_term_string"}}],"inLanguage":"de-DE"},{"@type":"Organization","@id":"https:\/\/traduzca.com\/#organization","name":"Traduzca","url":"https:\/\/traduzca.com\/","logo":{"@type":"ImageObject","inLanguage":"de-DE","@id":"https:\/\/traduzca.com\/#\/schema\/logo\/image\/","url":"https:\/\/traduzca.com\/wp-content\/uploads\/2026\/02\/cropped-favicon.png","contentUrl":"https:\/\/traduzca.com\/wp-content\/uploads\/2026\/02\/cropped-favicon.png","width":97,"height":94,"caption":"Traduzca"},"image":{"@id":"https:\/\/traduzca.com\/#\/schema\/logo\/image\/"},"sameAs":["https:\/\/www.facebook.com\/traduzca"]},{"@type":"Person","@id":"https:\/\/traduzca.com\/#\/schema\/person\/b4689f634b68236dfb176043283b2ae8","name":"traduzca_admin","image":{"@type":"ImageObject","inLanguage":"de-DE","@id":"https:\/\/traduzca.com\/#\/schema\/person\/image\/","url":"https:\/\/secure.gravatar.com\/avatar\/3e977bbac939cc66d785e2b0963953e99cf6fed540960c0ef0a9e984e569dd2f?s=96&d=mm&r=g","contentUrl":"https:\/\/secure.gravatar.com\/avatar\/3e977bbac939cc66d785e2b0963953e99cf6fed540960c0ef0a9e984e569dd2f?s=96&d=mm&r=g","caption":"traduzca_admin"},"sameAs":["https:\/\/traduzca.com"],"url":"https:\/\/traduzca.com\/de\/author\/traduzca_admin\/"}]}},"_links":{"self":[{"href":"https:\/\/traduzca.com\/de\/wp-json\/wp\/v2\/posts\/3115","targetHints":{"allow":["GET"]}}],"collection":[{"href":"https:\/\/traduzca.com\/de\/wp-json\/wp\/v2\/posts"}],"about":[{"href":"https:\/\/traduzca.com\/de\/wp-json\/wp\/v2\/types\/post"}],"author":[{"embeddable":true,"href":"https:\/\/traduzca.com\/de\/wp-json\/wp\/v2\/users\/1"}],"replies":[{"embeddable":true,"href":"https:\/\/traduzca.com\/de\/wp-json\/wp\/v2\/comments?post=3115"}],"version-history":[{"count":2,"href":"https:\/\/traduzca.com\/de\/wp-json\/wp\/v2\/posts\/3115\/revisions"}],"predecessor-version":[{"id":3117,"href":"https:\/\/traduzca.com\/de\/wp-json\/wp\/v2\/posts\/3115\/revisions\/3117"}],"wp:attachment":[{"href":"https:\/\/traduzca.com\/de\/wp-json\/wp\/v2\/media?parent=3115"}],"wp:term":[{"taxonomy":"category","embeddable":true,"href":"https:\/\/traduzca.com\/de\/wp-json\/wp\/v2\/categories?post=3115"},{"taxonomy":"post_tag","embeddable":true,"href":"https:\/\/traduzca.com\/de\/wp-json\/wp\/v2\/tags?post=3115"}],"curies":[{"name":"wp","href":"https:\/\/api.w.org\/{rel}","templated":true}]}}