{"id":3325,"date":"2021-11-03T18:49:08","date_gmt":"2021-11-03T18:49:08","guid":{"rendered":"https:\/\/traduzca.com\/?p=3325"},"modified":"2026-02-13T18:51:35","modified_gmt":"2026-02-13T18:51:35","slug":"apos-18-meses-argentina-e-uruguai-reabrem-fronteiras-para-estrangeiros","status":"publish","type":"post","link":"https:\/\/traduzca.com\/de\/apos-18-meses-argentina-e-uruguai-reabrem-fronteiras-para-estrangeiros\/","title":{"rendered":"Ap\u00f3s 18 meses, Argentina e Uruguai reabrem fronteiras para estrangeiros"},"content":{"rendered":"<p>De forma progressiva, com o avan\u00e7o da vacina\u00e7\u00e3o, o mundo tem retornado \u00e0 normalidade. Ap\u00f3s 18 meses de restri\u00e7\u00f5es devido a pandemia de Covid 19, Argentina e Uruguai reabriram as fronteiras para estrangeiros em 1\u00ba de novembro. Confira abaixo quais as exig\u00eancias para os viajantes para ingressarem nesses pa\u00edses.&nbsp;<\/p>\n<p>At\u00e9 ent\u00e3o, os dois pa\u00edses vizinhos somente permitiam o ingresso de um n\u00famero reduzido de pessoas. Somente estrangeiros residentes podiam entrar no Uruguai, por exemplo.&nbsp;<\/p>\n<p>Os estrangeiros adultos poder\u00e3o entrar em territ\u00f3rio argentino ou uruguaio desde que estejam com o ciclo completo de vacina\u00e7\u00e3o &#8211; o que precisa ser conclu\u00eddo at\u00e9 duas semanas antes da viagem. Os turistas ainda precisar\u00e3o apresentar um teste do tipo RT-PCR negativo feito at\u00e9 72 horas antes da entrada no pa\u00eds.&nbsp;<\/p>\n<p>No caso do Uruguai, ser\u00e1 preciso fazer um segundo teste no pa\u00eds, feito uma semana ap\u00f3s o primeiro. N\u00e3o \u00e9 necess\u00e1rio fazer quarentena.&nbsp;<\/p>\n<p>Os dois pa\u00edses tamb\u00e9m anunciaram medidas para os turistas. Os dois pa\u00edses se comprometeram a vacinar estrangeiros menores de idade. J\u00e1 a Argentina vacinar\u00e1 estrangeiros em postos nas fronteiras.&nbsp;&nbsp;<\/p>\n<p><strong>Popula\u00e7\u00e3o imunizada<\/strong><\/p>\n<p>Em rela\u00e7\u00e3o a n\u00fameros da pandemia, Uruguai sempre foi considerado um dos pa\u00edses da Am\u00e9rica do Sul com o melhor combate ao v\u00edrus. Tanto que os uruguaios n\u00e3o sofreram com restri\u00e7\u00f5es de outros pa\u00edses. Atualmente, cerca de 75% da popula\u00e7\u00e3o est\u00e1 completamente imunizada.&nbsp;<\/p>\n<p>J\u00e1 a Argentina tem aproximadamente 57% da popula\u00e7\u00e3o imunizada. Recentemente, a Uni\u00e3o Europeia incluiu a na\u00e7\u00e3o na lista dos pa\u00edses considerados seguros.\u00a0<\/p>\n<p>As a\u00e7\u00f5es fazem parte de um pacote de medidas para fomentar o turismo nesses pa\u00edses, ap\u00f3s tanto tempo com port\u00f5es fechados. Confira mais informa\u00e7\u00f5es na <a href=\"http:\/\/www.emburuguai.org.br\/?page_id=793\" target=\"_blank\" rel=\"noreferrer noopener\">Embaixada do Uruguai <\/a>no Brasil e no <a href=\"https:\/\/cpabl.cancilleria.gob.ar\/\" target=\"_blank\" rel=\"noreferrer noopener\">Consulado Geral da Argentina<\/a>.<\/p>","protected":false},"excerpt":{"rendered":"<p>De forma progressiva, com o avan\u00e7o da vacina\u00e7\u00e3o, o mundo tem retornado \u00e0 normalidade. Ap\u00f3s 18 meses de restri\u00e7\u00f5es devido a pandemia de Covid 19, Argentina e Uruguai reabriram as fronteiras para estra&#8230;<\/p>","protected":false},"author":1,"featured_media":0,"comment_status":"closed","ping_status":"closed","sticky":false,"template":"","format":"standard","meta":{"_acf_changed":false,"footnotes":""},"categories":[34,33],"tags":[35,9],"class_list":["post-3325","post","type-post","status-publish","format-standard","hentry","category-blog","category-noticias","tag-blog","tag-noticias"],"acf":[],"yoast_head":"<!-- This site is optimized with the Yoast SEO plugin v26.9 - https:\/\/yoast.com\/product\/yoast-seo-wordpress\/ -->\n<title>Ap\u00f3s 18 meses, Argentina e Uruguai reabrem fronteiras para estrangeiros - Traduzca<\/title>\n<meta name=\"robots\" content=\"index, follow, max-snippet:-1, max-image-preview:large, max-video-preview:-1\" \/>\n<link rel=\"canonical\" href=\"https:\/\/traduzca.com\/de\/apos-18-meses-argentina-e-uruguai-reabrem-fronteiras-para-estrangeiros\/\" \/>\n<meta property=\"og:locale\" content=\"de_DE\" \/>\n<meta property=\"og:type\" content=\"article\" \/>\n<meta property=\"og:title\" content=\"Ap\u00f3s 18 meses, Argentina e Uruguai reabrem fronteiras para estrangeiros - Traduzca\" \/>\n<meta property=\"og:description\" content=\"De forma progressiva, com o avan\u00e7o da vacina\u00e7\u00e3o, o mundo tem retornado \u00e0 normalidade. Ap\u00f3s 18 meses de restri\u00e7\u00f5es devido a pandemia de Covid 19, Argentina e Uruguai reabriram as fronteiras para estra...\" \/>\n<meta property=\"og:url\" content=\"https:\/\/traduzca.com\/de\/apos-18-meses-argentina-e-uruguai-reabrem-fronteiras-para-estrangeiros\/\" \/>\n<meta property=\"og:site_name\" content=\"Traduzca\" \/>\n<meta property=\"article:publisher\" content=\"https:\/\/www.facebook.com\/traduzca\" \/>\n<meta property=\"article:published_time\" content=\"2021-11-03T18:49:08+00:00\" \/>\n<meta property=\"article:modified_time\" content=\"2026-02-13T18:51:35+00:00\" \/>\n<meta name=\"author\" content=\"traduzca_admin\" \/>\n<meta name=\"twitter:card\" content=\"summary_large_image\" \/>\n<meta name=\"twitter:label1\" content=\"Written by\" \/>\n\t<meta name=\"twitter:data1\" content=\"traduzca_admin\" \/>\n\t<meta name=\"twitter:label2\" content=\"Est. reading time\" \/>\n\t<meta name=\"twitter:data2\" content=\"2 minutes\" \/>\n<script type=\"application\/ld+json\" class=\"yoast-schema-graph\">{\"@context\":\"https:\/\/schema.org\",\"@graph\":[{\"@type\":\"Article\",\"@id\":\"https:\/\/traduzca.com\/apos-18-meses-argentina-e-uruguai-reabrem-fronteiras-para-estrangeiros\/#article\",\"isPartOf\":{\"@id\":\"https:\/\/traduzca.com\/apos-18-meses-argentina-e-uruguai-reabrem-fronteiras-para-estrangeiros\/\"},\"author\":{\"name\":\"traduzca_admin\",\"@id\":\"https:\/\/traduzca.com\/#\/schema\/person\/b4689f634b68236dfb176043283b2ae8\"},\"headline\":\"Ap\u00f3s 18 meses, Argentina e Uruguai reabrem fronteiras para estrangeiros\",\"datePublished\":\"2021-11-03T18:49:08+00:00\",\"dateModified\":\"2026-02-13T18:51:35+00:00\",\"mainEntityOfPage\":{\"@id\":\"https:\/\/traduzca.com\/apos-18-meses-argentina-e-uruguai-reabrem-fronteiras-para-estrangeiros\/\"},\"wordCount\":330,\"publisher\":{\"@id\":\"https:\/\/traduzca.com\/#organization\"},\"keywords\":[\"Blog\",\"NOT\u00cdCIAS\"],\"articleSection\":[\"Blog\",\"Not\u00edcias\"],\"inLanguage\":\"de-DE\"},{\"@type\":\"WebPage\",\"@id\":\"https:\/\/traduzca.com\/apos-18-meses-argentina-e-uruguai-reabrem-fronteiras-para-estrangeiros\/\",\"url\":\"https:\/\/traduzca.com\/apos-18-meses-argentina-e-uruguai-reabrem-fronteiras-para-estrangeiros\/\",\"name\":\"Ap\u00f3s 18 meses, Argentina e Uruguai reabrem fronteiras para estrangeiros - Traduzca\",\"isPartOf\":{\"@id\":\"https:\/\/traduzca.com\/#website\"},\"datePublished\":\"2021-11-03T18:49:08+00:00\",\"dateModified\":\"2026-02-13T18:51:35+00:00\",\"breadcrumb\":{\"@id\":\"https:\/\/traduzca.com\/apos-18-meses-argentina-e-uruguai-reabrem-fronteiras-para-estrangeiros\/#breadcrumb\"},\"inLanguage\":\"de-DE\",\"potentialAction\":[{\"@type\":\"ReadAction\",\"target\":[\"https:\/\/traduzca.com\/apos-18-meses-argentina-e-uruguai-reabrem-fronteiras-para-estrangeiros\/\"]}]},{\"@type\":\"BreadcrumbList\",\"@id\":\"https:\/\/traduzca.com\/apos-18-meses-argentina-e-uruguai-reabrem-fronteiras-para-estrangeiros\/#breadcrumb\",\"itemListElement\":[{\"@type\":\"ListItem\",\"position\":1,\"name\":\"Home\",\"item\":\"https:\/\/traduzca.com\/\"},{\"@type\":\"ListItem\",\"position\":2,\"name\":\"Ap\u00f3s 18 meses, Argentina e Uruguai reabrem fronteiras para estrangeiros\"}]},{\"@type\":\"WebSite\",\"@id\":\"https:\/\/traduzca.com\/#website\",\"url\":\"https:\/\/traduzca.com\/\",\"name\":\"Traduzca\",\"description\":\"A Traduzca conecta voc\u00ea a tradutores nativos com expertise t\u00e9cnica. Qualidade, sigilo e pontualidade para romper as barreiras do seu neg\u00f3cio.\",\"publisher\":{\"@id\":\"https:\/\/traduzca.com\/#organization\"},\"potentialAction\":[{\"@type\":\"SearchAction\",\"target\":{\"@type\":\"EntryPoint\",\"urlTemplate\":\"https:\/\/traduzca.com\/?s={search_term_string}\"},\"query-input\":{\"@type\":\"PropertyValueSpecification\",\"valueRequired\":true,\"valueName\":\"search_term_string\"}}],\"inLanguage\":\"de-DE\"},{\"@type\":\"Organization\",\"@id\":\"https:\/\/traduzca.com\/#organization\",\"name\":\"Traduzca\",\"url\":\"https:\/\/traduzca.com\/\",\"logo\":{\"@type\":\"ImageObject\",\"inLanguage\":\"de-DE\",\"@id\":\"https:\/\/traduzca.com\/#\/schema\/logo\/image\/\",\"url\":\"https:\/\/traduzca.com\/wp-content\/uploads\/2026\/02\/cropped-favicon.png\",\"contentUrl\":\"https:\/\/traduzca.com\/wp-content\/uploads\/2026\/02\/cropped-favicon.png\",\"width\":97,\"height\":94,\"caption\":\"Traduzca\"},\"image\":{\"@id\":\"https:\/\/traduzca.com\/#\/schema\/logo\/image\/\"},\"sameAs\":[\"https:\/\/www.facebook.com\/traduzca\"]},{\"@type\":\"Person\",\"@id\":\"https:\/\/traduzca.com\/#\/schema\/person\/b4689f634b68236dfb176043283b2ae8\",\"name\":\"traduzca_admin\",\"image\":{\"@type\":\"ImageObject\",\"inLanguage\":\"de-DE\",\"@id\":\"https:\/\/traduzca.com\/#\/schema\/person\/image\/\",\"url\":\"https:\/\/secure.gravatar.com\/avatar\/3e977bbac939cc66d785e2b0963953e99cf6fed540960c0ef0a9e984e569dd2f?s=96&d=mm&r=g\",\"contentUrl\":\"https:\/\/secure.gravatar.com\/avatar\/3e977bbac939cc66d785e2b0963953e99cf6fed540960c0ef0a9e984e569dd2f?s=96&d=mm&r=g\",\"caption\":\"traduzca_admin\"},\"sameAs\":[\"https:\/\/traduzca.com\"],\"url\":\"https:\/\/traduzca.com\/de\/author\/traduzca_admin\/\"}]}<\/script>\n<!-- \/ Yoast SEO plugin. -->","yoast_head_json":{"title":"Ap\u00f3s 18 meses, Argentina e Uruguai reabrem fronteiras para estrangeiros - Traduzca","robots":{"index":"index","follow":"follow","max-snippet":"max-snippet:-1","max-image-preview":"max-image-preview:large","max-video-preview":"max-video-preview:-1"},"canonical":"https:\/\/traduzca.com\/de\/apos-18-meses-argentina-e-uruguai-reabrem-fronteiras-para-estrangeiros\/","og_locale":"de_DE","og_type":"article","og_title":"Ap\u00f3s 18 meses, Argentina e Uruguai reabrem fronteiras para estrangeiros - Traduzca","og_description":"De forma progressiva, com o avan\u00e7o da vacina\u00e7\u00e3o, o mundo tem retornado \u00e0 normalidade. Ap\u00f3s 18 meses de restri\u00e7\u00f5es devido a pandemia de Covid 19, Argentina e Uruguai reabriram as fronteiras para estra...","og_url":"https:\/\/traduzca.com\/de\/apos-18-meses-argentina-e-uruguai-reabrem-fronteiras-para-estrangeiros\/","og_site_name":"Traduzca","article_publisher":"https:\/\/www.facebook.com\/traduzca","article_published_time":"2021-11-03T18:49:08+00:00","article_modified_time":"2026-02-13T18:51:35+00:00","author":"traduzca_admin","twitter_card":"summary_large_image","twitter_misc":{"Written by":"traduzca_admin","Est. reading time":"2 minutes"},"schema":{"@context":"https:\/\/schema.org","@graph":[{"@type":"Article","@id":"https:\/\/traduzca.com\/apos-18-meses-argentina-e-uruguai-reabrem-fronteiras-para-estrangeiros\/#article","isPartOf":{"@id":"https:\/\/traduzca.com\/apos-18-meses-argentina-e-uruguai-reabrem-fronteiras-para-estrangeiros\/"},"author":{"name":"traduzca_admin","@id":"https:\/\/traduzca.com\/#\/schema\/person\/b4689f634b68236dfb176043283b2ae8"},"headline":"Ap\u00f3s 18 meses, Argentina e Uruguai reabrem fronteiras para estrangeiros","datePublished":"2021-11-03T18:49:08+00:00","dateModified":"2026-02-13T18:51:35+00:00","mainEntityOfPage":{"@id":"https:\/\/traduzca.com\/apos-18-meses-argentina-e-uruguai-reabrem-fronteiras-para-estrangeiros\/"},"wordCount":330,"publisher":{"@id":"https:\/\/traduzca.com\/#organization"},"keywords":["Blog","NOT\u00cdCIAS"],"articleSection":["Blog","Not\u00edcias"],"inLanguage":"de-DE"},{"@type":"WebPage","@id":"https:\/\/traduzca.com\/apos-18-meses-argentina-e-uruguai-reabrem-fronteiras-para-estrangeiros\/","url":"https:\/\/traduzca.com\/apos-18-meses-argentina-e-uruguai-reabrem-fronteiras-para-estrangeiros\/","name":"Ap\u00f3s 18 meses, Argentina e Uruguai reabrem fronteiras para estrangeiros - Traduzca","isPartOf":{"@id":"https:\/\/traduzca.com\/#website"},"datePublished":"2021-11-03T18:49:08+00:00","dateModified":"2026-02-13T18:51:35+00:00","breadcrumb":{"@id":"https:\/\/traduzca.com\/apos-18-meses-argentina-e-uruguai-reabrem-fronteiras-para-estrangeiros\/#breadcrumb"},"inLanguage":"de-DE","potentialAction":[{"@type":"ReadAction","target":["https:\/\/traduzca.com\/apos-18-meses-argentina-e-uruguai-reabrem-fronteiras-para-estrangeiros\/"]}]},{"@type":"BreadcrumbList","@id":"https:\/\/traduzca.com\/apos-18-meses-argentina-e-uruguai-reabrem-fronteiras-para-estrangeiros\/#breadcrumb","itemListElement":[{"@type":"ListItem","position":1,"name":"Home","item":"https:\/\/traduzca.com\/"},{"@type":"ListItem","position":2,"name":"Ap\u00f3s 18 meses, Argentina e Uruguai reabrem fronteiras para estrangeiros"}]},{"@type":"WebSite","@id":"https:\/\/traduzca.com\/#website","url":"https:\/\/traduzca.com\/","name":"Traduzca","description":"Traduzca verbindet Sie mit muttersprachlichen \u00dcbersetzern mit ausgewiesener Fachexpertise. Qualit\u00e4t, Vertraulichkeit und Termintreue \u2013 damit Ihr Unternehmen Sprachbarrieren \u00fcberwindet.","publisher":{"@id":"https:\/\/traduzca.com\/#organization"},"potentialAction":[{"@type":"SearchAction","target":{"@type":"EntryPoint","urlTemplate":"https:\/\/traduzca.com\/?s={search_term_string}"},"query-input":{"@type":"PropertyValueSpecification","valueRequired":true,"valueName":"search_term_string"}}],"inLanguage":"de-DE"},{"@type":"Organization","@id":"https:\/\/traduzca.com\/#organization","name":"Traduzca","url":"https:\/\/traduzca.com\/","logo":{"@type":"ImageObject","inLanguage":"de-DE","@id":"https:\/\/traduzca.com\/#\/schema\/logo\/image\/","url":"https:\/\/traduzca.com\/wp-content\/uploads\/2026\/02\/cropped-favicon.png","contentUrl":"https:\/\/traduzca.com\/wp-content\/uploads\/2026\/02\/cropped-favicon.png","width":97,"height":94,"caption":"Traduzca"},"image":{"@id":"https:\/\/traduzca.com\/#\/schema\/logo\/image\/"},"sameAs":["https:\/\/www.facebook.com\/traduzca"]},{"@type":"Person","@id":"https:\/\/traduzca.com\/#\/schema\/person\/b4689f634b68236dfb176043283b2ae8","name":"traduzca_admin","image":{"@type":"ImageObject","inLanguage":"de-DE","@id":"https:\/\/traduzca.com\/#\/schema\/person\/image\/","url":"https:\/\/secure.gravatar.com\/avatar\/3e977bbac939cc66d785e2b0963953e99cf6fed540960c0ef0a9e984e569dd2f?s=96&d=mm&r=g","contentUrl":"https:\/\/secure.gravatar.com\/avatar\/3e977bbac939cc66d785e2b0963953e99cf6fed540960c0ef0a9e984e569dd2f?s=96&d=mm&r=g","caption":"traduzca_admin"},"sameAs":["https:\/\/traduzca.com"],"url":"https:\/\/traduzca.com\/de\/author\/traduzca_admin\/"}]}},"_links":{"self":[{"href":"https:\/\/traduzca.com\/de\/wp-json\/wp\/v2\/posts\/3325","targetHints":{"allow":["GET"]}}],"collection":[{"href":"https:\/\/traduzca.com\/de\/wp-json\/wp\/v2\/posts"}],"about":[{"href":"https:\/\/traduzca.com\/de\/wp-json\/wp\/v2\/types\/post"}],"author":[{"embeddable":true,"href":"https:\/\/traduzca.com\/de\/wp-json\/wp\/v2\/users\/1"}],"replies":[{"embeddable":true,"href":"https:\/\/traduzca.com\/de\/wp-json\/wp\/v2\/comments?post=3325"}],"version-history":[{"count":2,"href":"https:\/\/traduzca.com\/de\/wp-json\/wp\/v2\/posts\/3325\/revisions"}],"predecessor-version":[{"id":3327,"href":"https:\/\/traduzca.com\/de\/wp-json\/wp\/v2\/posts\/3325\/revisions\/3327"}],"wp:attachment":[{"href":"https:\/\/traduzca.com\/de\/wp-json\/wp\/v2\/media?parent=3325"}],"wp:term":[{"taxonomy":"category","embeddable":true,"href":"https:\/\/traduzca.com\/de\/wp-json\/wp\/v2\/categories?post=3325"},{"taxonomy":"post_tag","embeddable":true,"href":"https:\/\/traduzca.com\/de\/wp-json\/wp\/v2\/tags?post=3325"}],"curies":[{"name":"wp","href":"https:\/\/api.w.org\/{rel}","templated":true}]}}