{"id":3436,"date":"2022-02-23T17:35:40","date_gmt":"2022-02-23T17:35:40","guid":{"rendered":"https:\/\/traduzca.com\/?p=3436"},"modified":"2026-02-13T18:56:40","modified_gmt":"2026-02-13T18:56:40","slug":"brasileiros-poderao-entrar-na-italia-sem-quarentena-a-partir-de-1o-de-marco","status":"publish","type":"post","link":"https:\/\/traduzca.com\/de\/brasileiros-poderao-entrar-na-italia-sem-quarentena-a-partir-de-1o-de-marco\/","title":{"rendered":"Brasileiros poder\u00e3o entrar na It\u00e1lia sem quarentena a partir de 1\u00ba de mar\u00e7o"},"content":{"rendered":"<p>Depois de dois anos de restri\u00e7\u00f5es ao ingresso de estrangeiros devido \u00e0 Covid-19, a It\u00e1lia se prepara para reabrir de vez as fronteiras aos viajantes. A partir de 1\u00ba de mar\u00e7o, o pa\u00eds voltar\u00e1 a permitir a entrada de turistas fora da Uni\u00e3o Europeia sem a necessidade de quarentena. A medida inclui os brasileiros.<\/p>\n<p>Desde o in\u00edcio da pandemia, os brasileiros s\u00f3 podiam ingressar na It\u00e1lia em casos espec\u00edficos, como estudo ou quest\u00f5es familiares. A decis\u00e3o anunciada pelo ministro da Sa\u00fade da It\u00e1lia, Roberto Speranza, prev\u00ea que as pessoas oriundas de outros continentes estar\u00e3o sob as mesmas regras j\u00e1 previstas para os cidad\u00e3os europeus.<\/p>\n<p>Para entrar na It\u00e1lia, portanto, ser\u00e1 necess\u00e1rio apresentar comprova\u00e7\u00e3o de vacina\u00e7\u00e3o completa h\u00e1 pelo menos 14 dias com qualquer imunizante aprovado pela Ag\u00eancia Europeia de Medicamentos (EMA): Pfizer, AstraZeneca, Janssen e Moderna. As autoridades italianas ainda n\u00e3o esclareceram se haver\u00e1 restri\u00e7\u00e3o a quem recebeu doses de vacinas aprovadas pela Organiza\u00e7\u00e3o Mundial de Sa\u00fade, mas n\u00e3o pelo \u00f3rg\u00e3o europeu, como a Coronavac. A tend\u00eancia \u00e9 de que as pessoas sejam aceitas no pa\u00eds mediante apresenta\u00e7\u00e3o de teste negativo de Covid-19.<\/p>\n<p>Gostou da not\u00edcia? Al\u00e9m de come\u00e7ar a buscar destinos e levantar as economias, voc\u00ea precisa ter uma s\u00e9rie de documentos em dia e devidamente certificados. Para evitar dores de cabe\u00e7a, saiba que a Traduzca oferece servi\u00e7os de tradu\u00e7\u00e3o para atender a estas demandas. <a href=\"https:\/\/traduzca.com\/de\/orcamento\/\" target=\"_blank\" rel=\"noreferrer noopener\">Basta clicar aqui para fazer um or\u00e7amento online<\/a>.<\/p>\n<p>Por falar em It\u00e1lia, o blog tamb\u00e9m j\u00e1 se debru\u00e7ou sobre um dos temas preferidos dos brasileiros quando o assunto \u00e9 o pa\u00eds da bota: <a href=\"https:\/\/traduzca.com\/de\/busca-por-cidadania-aumenta-e-faz-comunidade-brasileira-na-italia-quase-dobrar-em-dois-anos\/\" target=\"_blank\" rel=\"noreferrer noopener\">o processo para obten\u00e7\u00e3o da cidadania italiana<\/a>. Est\u00e1 pensando em ir atr\u00e1s de mais esse sonho? A Traduzca pode ajudar voc\u00ea a agilizar a tradu\u00e7\u00e3o dos documentos necess\u00e1rios. <a href=\"https:\/\/traduzca.com\/de\/orcamento\/\" target=\"_blank\" rel=\"noreferrer noopener\">Clique aqui e saiba mais<\/a>.<\/p>","protected":false},"excerpt":{"rendered":"<p>Depois de dois anos de restri\u00e7\u00f5es ao ingresso de estrangeiros devido \u00e0 Covid-19, a It\u00e1lia se prepara para reabrir de vez as fronteiras aos viajantes. A partir de 1\u00ba de mar\u00e7o, o pa\u00eds voltar\u00e1 a permiti&#8230;<\/p>","protected":false},"author":1,"featured_media":0,"comment_status":"closed","ping_status":"closed","sticky":false,"template":"","format":"standard","meta":{"_acf_changed":false,"footnotes":""},"categories":[34,33],"tags":[35,9],"class_list":["post-3436","post","type-post","status-publish","format-standard","hentry","category-blog","category-noticias","tag-blog","tag-noticias"],"acf":[],"yoast_head":"<!-- This site is optimized with the Yoast SEO plugin v26.9 - https:\/\/yoast.com\/product\/yoast-seo-wordpress\/ -->\n<title>Brasileiros poder\u00e3o entrar na It\u00e1lia sem quarentena a partir de 1\u00ba de mar\u00e7o - Traduzca<\/title>\n<meta name=\"robots\" content=\"index, follow, max-snippet:-1, max-image-preview:large, max-video-preview:-1\" \/>\n<link rel=\"canonical\" href=\"https:\/\/traduzca.com\/de\/brasileiros-poderao-entrar-na-italia-sem-quarentena-a-partir-de-1o-de-marco\/\" \/>\n<meta property=\"og:locale\" content=\"de_DE\" \/>\n<meta property=\"og:type\" content=\"article\" \/>\n<meta property=\"og:title\" content=\"Brasileiros poder\u00e3o entrar na It\u00e1lia sem quarentena a partir de 1\u00ba de mar\u00e7o - Traduzca\" \/>\n<meta property=\"og:description\" content=\"Depois de dois anos de restri\u00e7\u00f5es ao ingresso de estrangeiros devido \u00e0 Covid-19, a It\u00e1lia se prepara para reabrir de vez as fronteiras aos viajantes. A partir de 1\u00ba de mar\u00e7o, o pa\u00eds voltar\u00e1 a permiti...\" \/>\n<meta property=\"og:url\" content=\"https:\/\/traduzca.com\/de\/brasileiros-poderao-entrar-na-italia-sem-quarentena-a-partir-de-1o-de-marco\/\" \/>\n<meta property=\"og:site_name\" content=\"Traduzca\" \/>\n<meta property=\"article:publisher\" content=\"https:\/\/www.facebook.com\/traduzca\" \/>\n<meta property=\"article:published_time\" content=\"2022-02-23T17:35:40+00:00\" \/>\n<meta property=\"article:modified_time\" content=\"2026-02-13T18:56:40+00:00\" \/>\n<meta name=\"author\" content=\"traduzca_admin\" \/>\n<meta name=\"twitter:card\" content=\"summary_large_image\" \/>\n<meta name=\"twitter:label1\" content=\"Written by\" \/>\n\t<meta name=\"twitter:data1\" content=\"traduzca_admin\" \/>\n\t<meta name=\"twitter:label2\" content=\"Est. reading time\" \/>\n\t<meta name=\"twitter:data2\" content=\"2 minutes\" \/>\n<script type=\"application\/ld+json\" class=\"yoast-schema-graph\">{\"@context\":\"https:\/\/schema.org\",\"@graph\":[{\"@type\":\"Article\",\"@id\":\"https:\/\/traduzca.com\/brasileiros-poderao-entrar-na-italia-sem-quarentena-a-partir-de-1o-de-marco\/#article\",\"isPartOf\":{\"@id\":\"https:\/\/traduzca.com\/brasileiros-poderao-entrar-na-italia-sem-quarentena-a-partir-de-1o-de-marco\/\"},\"author\":{\"name\":\"traduzca_admin\",\"@id\":\"https:\/\/traduzca.com\/#\/schema\/person\/b4689f634b68236dfb176043283b2ae8\"},\"headline\":\"Brasileiros poder\u00e3o entrar na It\u00e1lia sem quarentena a partir de 1\u00ba de mar\u00e7o\",\"datePublished\":\"2022-02-23T17:35:40+00:00\",\"dateModified\":\"2026-02-13T18:56:40+00:00\",\"mainEntityOfPage\":{\"@id\":\"https:\/\/traduzca.com\/brasileiros-poderao-entrar-na-italia-sem-quarentena-a-partir-de-1o-de-marco\/\"},\"wordCount\":346,\"publisher\":{\"@id\":\"https:\/\/traduzca.com\/#organization\"},\"keywords\":[\"Blog\",\"NOT\u00cdCIAS\"],\"articleSection\":[\"Blog\",\"Not\u00edcias\"],\"inLanguage\":\"de-DE\"},{\"@type\":\"WebPage\",\"@id\":\"https:\/\/traduzca.com\/brasileiros-poderao-entrar-na-italia-sem-quarentena-a-partir-de-1o-de-marco\/\",\"url\":\"https:\/\/traduzca.com\/brasileiros-poderao-entrar-na-italia-sem-quarentena-a-partir-de-1o-de-marco\/\",\"name\":\"Brasileiros poder\u00e3o entrar na It\u00e1lia sem quarentena a partir de 1\u00ba de mar\u00e7o - Traduzca\",\"isPartOf\":{\"@id\":\"https:\/\/traduzca.com\/#website\"},\"datePublished\":\"2022-02-23T17:35:40+00:00\",\"dateModified\":\"2026-02-13T18:56:40+00:00\",\"breadcrumb\":{\"@id\":\"https:\/\/traduzca.com\/brasileiros-poderao-entrar-na-italia-sem-quarentena-a-partir-de-1o-de-marco\/#breadcrumb\"},\"inLanguage\":\"de-DE\",\"potentialAction\":[{\"@type\":\"ReadAction\",\"target\":[\"https:\/\/traduzca.com\/brasileiros-poderao-entrar-na-italia-sem-quarentena-a-partir-de-1o-de-marco\/\"]}]},{\"@type\":\"BreadcrumbList\",\"@id\":\"https:\/\/traduzca.com\/brasileiros-poderao-entrar-na-italia-sem-quarentena-a-partir-de-1o-de-marco\/#breadcrumb\",\"itemListElement\":[{\"@type\":\"ListItem\",\"position\":1,\"name\":\"Home\",\"item\":\"https:\/\/traduzca.com\/\"},{\"@type\":\"ListItem\",\"position\":2,\"name\":\"Brasileiros poder\u00e3o entrar na It\u00e1lia sem quarentena a partir de 1\u00ba de mar\u00e7o\"}]},{\"@type\":\"WebSite\",\"@id\":\"https:\/\/traduzca.com\/#website\",\"url\":\"https:\/\/traduzca.com\/\",\"name\":\"Traduzca\",\"description\":\"A Traduzca conecta voc\u00ea a tradutores nativos com expertise t\u00e9cnica. Qualidade, sigilo e pontualidade para romper as barreiras do seu neg\u00f3cio.\",\"publisher\":{\"@id\":\"https:\/\/traduzca.com\/#organization\"},\"potentialAction\":[{\"@type\":\"SearchAction\",\"target\":{\"@type\":\"EntryPoint\",\"urlTemplate\":\"https:\/\/traduzca.com\/?s={search_term_string}\"},\"query-input\":{\"@type\":\"PropertyValueSpecification\",\"valueRequired\":true,\"valueName\":\"search_term_string\"}}],\"inLanguage\":\"de-DE\"},{\"@type\":\"Organization\",\"@id\":\"https:\/\/traduzca.com\/#organization\",\"name\":\"Traduzca\",\"url\":\"https:\/\/traduzca.com\/\",\"logo\":{\"@type\":\"ImageObject\",\"inLanguage\":\"de-DE\",\"@id\":\"https:\/\/traduzca.com\/#\/schema\/logo\/image\/\",\"url\":\"https:\/\/traduzca.com\/wp-content\/uploads\/2026\/02\/cropped-favicon.png\",\"contentUrl\":\"https:\/\/traduzca.com\/wp-content\/uploads\/2026\/02\/cropped-favicon.png\",\"width\":97,\"height\":94,\"caption\":\"Traduzca\"},\"image\":{\"@id\":\"https:\/\/traduzca.com\/#\/schema\/logo\/image\/\"},\"sameAs\":[\"https:\/\/www.facebook.com\/traduzca\"]},{\"@type\":\"Person\",\"@id\":\"https:\/\/traduzca.com\/#\/schema\/person\/b4689f634b68236dfb176043283b2ae8\",\"name\":\"traduzca_admin\",\"image\":{\"@type\":\"ImageObject\",\"inLanguage\":\"de-DE\",\"@id\":\"https:\/\/traduzca.com\/#\/schema\/person\/image\/\",\"url\":\"https:\/\/secure.gravatar.com\/avatar\/3e977bbac939cc66d785e2b0963953e99cf6fed540960c0ef0a9e984e569dd2f?s=96&d=mm&r=g\",\"contentUrl\":\"https:\/\/secure.gravatar.com\/avatar\/3e977bbac939cc66d785e2b0963953e99cf6fed540960c0ef0a9e984e569dd2f?s=96&d=mm&r=g\",\"caption\":\"traduzca_admin\"},\"sameAs\":[\"https:\/\/traduzca.com\"],\"url\":\"https:\/\/traduzca.com\/de\/author\/traduzca_admin\/\"}]}<\/script>\n<!-- \/ Yoast SEO plugin. -->","yoast_head_json":{"title":"Brasileiros poder\u00e3o entrar na It\u00e1lia sem quarentena a partir de 1\u00ba de mar\u00e7o - Traduzca","robots":{"index":"index","follow":"follow","max-snippet":"max-snippet:-1","max-image-preview":"max-image-preview:large","max-video-preview":"max-video-preview:-1"},"canonical":"https:\/\/traduzca.com\/de\/brasileiros-poderao-entrar-na-italia-sem-quarentena-a-partir-de-1o-de-marco\/","og_locale":"de_DE","og_type":"article","og_title":"Brasileiros poder\u00e3o entrar na It\u00e1lia sem quarentena a partir de 1\u00ba de mar\u00e7o - Traduzca","og_description":"Depois de dois anos de restri\u00e7\u00f5es ao ingresso de estrangeiros devido \u00e0 Covid-19, a It\u00e1lia se prepara para reabrir de vez as fronteiras aos viajantes. A partir de 1\u00ba de mar\u00e7o, o pa\u00eds voltar\u00e1 a permiti...","og_url":"https:\/\/traduzca.com\/de\/brasileiros-poderao-entrar-na-italia-sem-quarentena-a-partir-de-1o-de-marco\/","og_site_name":"Traduzca","article_publisher":"https:\/\/www.facebook.com\/traduzca","article_published_time":"2022-02-23T17:35:40+00:00","article_modified_time":"2026-02-13T18:56:40+00:00","author":"traduzca_admin","twitter_card":"summary_large_image","twitter_misc":{"Written by":"traduzca_admin","Est. reading time":"2 minutes"},"schema":{"@context":"https:\/\/schema.org","@graph":[{"@type":"Article","@id":"https:\/\/traduzca.com\/brasileiros-poderao-entrar-na-italia-sem-quarentena-a-partir-de-1o-de-marco\/#article","isPartOf":{"@id":"https:\/\/traduzca.com\/brasileiros-poderao-entrar-na-italia-sem-quarentena-a-partir-de-1o-de-marco\/"},"author":{"name":"traduzca_admin","@id":"https:\/\/traduzca.com\/#\/schema\/person\/b4689f634b68236dfb176043283b2ae8"},"headline":"Brasileiros poder\u00e3o entrar na It\u00e1lia sem quarentena a partir de 1\u00ba de mar\u00e7o","datePublished":"2022-02-23T17:35:40+00:00","dateModified":"2026-02-13T18:56:40+00:00","mainEntityOfPage":{"@id":"https:\/\/traduzca.com\/brasileiros-poderao-entrar-na-italia-sem-quarentena-a-partir-de-1o-de-marco\/"},"wordCount":346,"publisher":{"@id":"https:\/\/traduzca.com\/#organization"},"keywords":["Blog","NOT\u00cdCIAS"],"articleSection":["Blog","Not\u00edcias"],"inLanguage":"de-DE"},{"@type":"WebPage","@id":"https:\/\/traduzca.com\/brasileiros-poderao-entrar-na-italia-sem-quarentena-a-partir-de-1o-de-marco\/","url":"https:\/\/traduzca.com\/brasileiros-poderao-entrar-na-italia-sem-quarentena-a-partir-de-1o-de-marco\/","name":"Brasileiros poder\u00e3o entrar na It\u00e1lia sem quarentena a partir de 1\u00ba de mar\u00e7o - Traduzca","isPartOf":{"@id":"https:\/\/traduzca.com\/#website"},"datePublished":"2022-02-23T17:35:40+00:00","dateModified":"2026-02-13T18:56:40+00:00","breadcrumb":{"@id":"https:\/\/traduzca.com\/brasileiros-poderao-entrar-na-italia-sem-quarentena-a-partir-de-1o-de-marco\/#breadcrumb"},"inLanguage":"de-DE","potentialAction":[{"@type":"ReadAction","target":["https:\/\/traduzca.com\/brasileiros-poderao-entrar-na-italia-sem-quarentena-a-partir-de-1o-de-marco\/"]}]},{"@type":"BreadcrumbList","@id":"https:\/\/traduzca.com\/brasileiros-poderao-entrar-na-italia-sem-quarentena-a-partir-de-1o-de-marco\/#breadcrumb","itemListElement":[{"@type":"ListItem","position":1,"name":"Home","item":"https:\/\/traduzca.com\/"},{"@type":"ListItem","position":2,"name":"Brasileiros poder\u00e3o entrar na It\u00e1lia sem quarentena a partir de 1\u00ba de mar\u00e7o"}]},{"@type":"WebSite","@id":"https:\/\/traduzca.com\/#website","url":"https:\/\/traduzca.com\/","name":"Traduzca","description":"Traduzca verbindet Sie mit muttersprachlichen \u00dcbersetzern mit ausgewiesener Fachexpertise. Qualit\u00e4t, Vertraulichkeit und Termintreue \u2013 damit Ihr Unternehmen Sprachbarrieren \u00fcberwindet.","publisher":{"@id":"https:\/\/traduzca.com\/#organization"},"potentialAction":[{"@type":"SearchAction","target":{"@type":"EntryPoint","urlTemplate":"https:\/\/traduzca.com\/?s={search_term_string}"},"query-input":{"@type":"PropertyValueSpecification","valueRequired":true,"valueName":"search_term_string"}}],"inLanguage":"de-DE"},{"@type":"Organization","@id":"https:\/\/traduzca.com\/#organization","name":"Traduzca","url":"https:\/\/traduzca.com\/","logo":{"@type":"ImageObject","inLanguage":"de-DE","@id":"https:\/\/traduzca.com\/#\/schema\/logo\/image\/","url":"https:\/\/traduzca.com\/wp-content\/uploads\/2026\/02\/cropped-favicon.png","contentUrl":"https:\/\/traduzca.com\/wp-content\/uploads\/2026\/02\/cropped-favicon.png","width":97,"height":94,"caption":"Traduzca"},"image":{"@id":"https:\/\/traduzca.com\/#\/schema\/logo\/image\/"},"sameAs":["https:\/\/www.facebook.com\/traduzca"]},{"@type":"Person","@id":"https:\/\/traduzca.com\/#\/schema\/person\/b4689f634b68236dfb176043283b2ae8","name":"traduzca_admin","image":{"@type":"ImageObject","inLanguage":"de-DE","@id":"https:\/\/traduzca.com\/#\/schema\/person\/image\/","url":"https:\/\/secure.gravatar.com\/avatar\/3e977bbac939cc66d785e2b0963953e99cf6fed540960c0ef0a9e984e569dd2f?s=96&d=mm&r=g","contentUrl":"https:\/\/secure.gravatar.com\/avatar\/3e977bbac939cc66d785e2b0963953e99cf6fed540960c0ef0a9e984e569dd2f?s=96&d=mm&r=g","caption":"traduzca_admin"},"sameAs":["https:\/\/traduzca.com"],"url":"https:\/\/traduzca.com\/de\/author\/traduzca_admin\/"}]}},"_links":{"self":[{"href":"https:\/\/traduzca.com\/de\/wp-json\/wp\/v2\/posts\/3436","targetHints":{"allow":["GET"]}}],"collection":[{"href":"https:\/\/traduzca.com\/de\/wp-json\/wp\/v2\/posts"}],"about":[{"href":"https:\/\/traduzca.com\/de\/wp-json\/wp\/v2\/types\/post"}],"author":[{"embeddable":true,"href":"https:\/\/traduzca.com\/de\/wp-json\/wp\/v2\/users\/1"}],"replies":[{"embeddable":true,"href":"https:\/\/traduzca.com\/de\/wp-json\/wp\/v2\/comments?post=3436"}],"version-history":[{"count":2,"href":"https:\/\/traduzca.com\/de\/wp-json\/wp\/v2\/posts\/3436\/revisions"}],"predecessor-version":[{"id":3438,"href":"https:\/\/traduzca.com\/de\/wp-json\/wp\/v2\/posts\/3436\/revisions\/3438"}],"wp:attachment":[{"href":"https:\/\/traduzca.com\/de\/wp-json\/wp\/v2\/media?parent=3436"}],"wp:term":[{"taxonomy":"category","embeddable":true,"href":"https:\/\/traduzca.com\/de\/wp-json\/wp\/v2\/categories?post=3436"},{"taxonomy":"post_tag","embeddable":true,"href":"https:\/\/traduzca.com\/de\/wp-json\/wp\/v2\/tags?post=3436"}],"curies":[{"name":"wp","href":"https:\/\/api.w.org\/{rel}","templated":true}]}}