{"id":3709,"date":"2022-10-10T16:41:44","date_gmt":"2022-10-10T16:41:44","guid":{"rendered":"https:\/\/traduzca.com\/?p=3709"},"modified":"2026-02-14T02:38:15","modified_gmt":"2026-02-14T02:38:15","slug":"canada-suspende-restricoes-sanitarias-da-pandemia-para-viajantes-estrangeiros","status":"publish","type":"post","link":"https:\/\/traduzca.com\/de\/canada-suspende-restricoes-sanitarias-da-pandemia-para-viajantes-estrangeiros\/","title":{"rendered":"Canad\u00e1 suspende restri\u00e7\u00f5es sanit\u00e1rias da pandemia para viajantes estrangeiros"},"content":{"rendered":"<p>Est\u00e1 em vigor a nova medida do governo do Canad\u00e1 que elimina todas as restri\u00e7\u00f5es sanit\u00e1rias que haviam sido implementadas para combater a Covid-19 em rela\u00e7\u00e3o ao ingresso de viajantes estrangeiros. A principal altera\u00e7\u00e3o est\u00e1 no fim da obrigatoriedade de comprovar a vacina\u00e7\u00e3o contra o v\u00edrus.<\/p>\n<p>Antes de outubro, para entrar no Canad\u00e1, os viajantes acima de 12 anos tinham de estar vacinados ou passar por um rotina de testes, al\u00e9m de cumprir quarentena de 14 dias. A flexibiliza\u00e7\u00e3o tamb\u00e9m retira a necessidade de uso de m\u00e1scara em avi\u00f5es e trens. Usado para carregar documentos de sa\u00fade, o aplicativo ArriveCan agora se torna opcional.<\/p>\n<p>O Ministro da Sa\u00fade, Jean-Yves Duclos, afirmou que o Canad\u00e1 est\u00e1 &#8220;em uma posi\u00e7\u00e3o muito melhor&#8221; do que no in\u00edcio da pandemia, sobretudo devido \u00e0 disponibilidade de vacinas. A taxa de vacinados no pa\u00eds \u00e9 considerada alta: 82% da popula\u00e7\u00e3o j\u00e1 receberam duas doses da imuniza\u00e7\u00e3o.<\/p>\n<p><strong>Canad\u00e1: documentos em ingl\u00eas e franc\u00eas<br \/><\/strong><br \/>Al\u00e9m do turismo, o Canad\u00e1 \u00e9 um dos destinos mais procurados para interc\u00e2mbio e moradia permanente. Se voc\u00ea planeja residir, estudar ou aprimorar suas habilidades profissionais no pa\u00eds, \u00e9 importante garantir as tradu\u00e7\u00f5es juramentadas dos seus documentos para ingl\u00eas ou franc\u00eas, idiomas oficiais do pa\u00eds norte-americano.<\/p>\n<p>O franc\u00eas \u00e9 exigido oficialmente na regi\u00e3o de Quebec, enquanto os documentos para demais regi\u00f5es dever\u00e3o ser em ingl\u00eas. A Traduzca possui tradutores juramentados em ingl\u00eas e franc\u00eas para atender suas demandas. <a href=\"https:\/\/traduzca.com\/de\/orcamento\/\" target=\"_blank\" rel=\"noreferrer noopener\">Clique, conhe\u00e7a nossos servi\u00e7os e fa\u00e7a um or\u00e7amento.<\/a><\/p>","protected":false},"excerpt":{"rendered":"<p>Est\u00e1 em vigor a nova medida do governo do Canad\u00e1 que elimina todas as restri\u00e7\u00f5es sanit\u00e1rias que haviam sido implementadas para combater a Covid-19 em rela\u00e7\u00e3o ao ingresso de viajantes estrangeiros. A &#8230;<\/p>","protected":false},"author":1,"featured_media":0,"comment_status":"closed","ping_status":"closed","sticky":false,"template":"","format":"standard","meta":{"_acf_changed":false,"footnotes":""},"categories":[34,33],"tags":[35,9],"class_list":["post-3709","post","type-post","status-publish","format-standard","hentry","category-blog","category-noticias","tag-blog","tag-noticias"],"acf":[],"yoast_head":"<!-- This site is optimized with the Yoast SEO plugin v26.9 - https:\/\/yoast.com\/product\/yoast-seo-wordpress\/ -->\n<title>Canad\u00e1 suspende restri\u00e7\u00f5es sanit\u00e1rias da pandemia para viajantes estrangeiros - Traduzca<\/title>\n<meta name=\"robots\" content=\"index, follow, max-snippet:-1, max-image-preview:large, max-video-preview:-1\" \/>\n<link rel=\"canonical\" href=\"https:\/\/traduzca.com\/de\/canada-suspende-restricoes-sanitarias-da-pandemia-para-viajantes-estrangeiros\/\" \/>\n<meta property=\"og:locale\" content=\"de_DE\" \/>\n<meta property=\"og:type\" content=\"article\" \/>\n<meta property=\"og:title\" content=\"Canad\u00e1 suspende restri\u00e7\u00f5es sanit\u00e1rias da pandemia para viajantes estrangeiros - Traduzca\" \/>\n<meta property=\"og:description\" content=\"Est\u00e1 em vigor a nova medida do governo do Canad\u00e1 que elimina todas as restri\u00e7\u00f5es sanit\u00e1rias que haviam sido implementadas para combater a Covid-19 em rela\u00e7\u00e3o ao ingresso de viajantes estrangeiros. A ...\" \/>\n<meta property=\"og:url\" content=\"https:\/\/traduzca.com\/de\/canada-suspende-restricoes-sanitarias-da-pandemia-para-viajantes-estrangeiros\/\" \/>\n<meta property=\"og:site_name\" content=\"Traduzca\" \/>\n<meta property=\"article:publisher\" content=\"https:\/\/www.facebook.com\/traduzca\" \/>\n<meta property=\"article:published_time\" content=\"2022-10-10T16:41:44+00:00\" \/>\n<meta property=\"article:modified_time\" content=\"2026-02-14T02:38:15+00:00\" \/>\n<meta name=\"author\" content=\"traduzca_admin\" \/>\n<meta name=\"twitter:card\" content=\"summary_large_image\" \/>\n<meta name=\"twitter:label1\" content=\"Written by\" \/>\n\t<meta name=\"twitter:data1\" content=\"traduzca_admin\" \/>\n\t<meta name=\"twitter:label2\" content=\"Est. reading time\" \/>\n\t<meta name=\"twitter:data2\" content=\"1 minute\" \/>\n<script type=\"application\/ld+json\" class=\"yoast-schema-graph\">{\"@context\":\"https:\/\/schema.org\",\"@graph\":[{\"@type\":\"Article\",\"@id\":\"https:\/\/traduzca.com\/canada-suspende-restricoes-sanitarias-da-pandemia-para-viajantes-estrangeiros\/#article\",\"isPartOf\":{\"@id\":\"https:\/\/traduzca.com\/canada-suspende-restricoes-sanitarias-da-pandemia-para-viajantes-estrangeiros\/\"},\"author\":{\"name\":\"traduzca_admin\",\"@id\":\"https:\/\/traduzca.com\/#\/schema\/person\/b4689f634b68236dfb176043283b2ae8\"},\"headline\":\"Canad\u00e1 suspende restri\u00e7\u00f5es sanit\u00e1rias da pandemia para viajantes estrangeiros\",\"datePublished\":\"2022-10-10T16:41:44+00:00\",\"dateModified\":\"2026-02-14T02:38:15+00:00\",\"mainEntityOfPage\":{\"@id\":\"https:\/\/traduzca.com\/canada-suspende-restricoes-sanitarias-da-pandemia-para-viajantes-estrangeiros\/\"},\"wordCount\":283,\"publisher\":{\"@id\":\"https:\/\/traduzca.com\/#organization\"},\"keywords\":[\"Blog\",\"NOT\u00cdCIAS\"],\"articleSection\":[\"Blog\",\"Not\u00edcias\"],\"inLanguage\":\"de-DE\"},{\"@type\":\"WebPage\",\"@id\":\"https:\/\/traduzca.com\/canada-suspende-restricoes-sanitarias-da-pandemia-para-viajantes-estrangeiros\/\",\"url\":\"https:\/\/traduzca.com\/canada-suspende-restricoes-sanitarias-da-pandemia-para-viajantes-estrangeiros\/\",\"name\":\"Canad\u00e1 suspende restri\u00e7\u00f5es sanit\u00e1rias da pandemia para viajantes estrangeiros - Traduzca\",\"isPartOf\":{\"@id\":\"https:\/\/traduzca.com\/#website\"},\"datePublished\":\"2022-10-10T16:41:44+00:00\",\"dateModified\":\"2026-02-14T02:38:15+00:00\",\"breadcrumb\":{\"@id\":\"https:\/\/traduzca.com\/canada-suspende-restricoes-sanitarias-da-pandemia-para-viajantes-estrangeiros\/#breadcrumb\"},\"inLanguage\":\"de-DE\",\"potentialAction\":[{\"@type\":\"ReadAction\",\"target\":[\"https:\/\/traduzca.com\/canada-suspende-restricoes-sanitarias-da-pandemia-para-viajantes-estrangeiros\/\"]}]},{\"@type\":\"BreadcrumbList\",\"@id\":\"https:\/\/traduzca.com\/canada-suspende-restricoes-sanitarias-da-pandemia-para-viajantes-estrangeiros\/#breadcrumb\",\"itemListElement\":[{\"@type\":\"ListItem\",\"position\":1,\"name\":\"Home\",\"item\":\"https:\/\/traduzca.com\/\"},{\"@type\":\"ListItem\",\"position\":2,\"name\":\"Canad\u00e1 suspende restri\u00e7\u00f5es sanit\u00e1rias da pandemia para viajantes estrangeiros\"}]},{\"@type\":\"WebSite\",\"@id\":\"https:\/\/traduzca.com\/#website\",\"url\":\"https:\/\/traduzca.com\/\",\"name\":\"Traduzca\",\"description\":\"A Traduzca conecta voc\u00ea a tradutores nativos com expertise t\u00e9cnica. Qualidade, sigilo e pontualidade para romper as barreiras do seu neg\u00f3cio.\",\"publisher\":{\"@id\":\"https:\/\/traduzca.com\/#organization\"},\"potentialAction\":[{\"@type\":\"SearchAction\",\"target\":{\"@type\":\"EntryPoint\",\"urlTemplate\":\"https:\/\/traduzca.com\/?s={search_term_string}\"},\"query-input\":{\"@type\":\"PropertyValueSpecification\",\"valueRequired\":true,\"valueName\":\"search_term_string\"}}],\"inLanguage\":\"de-DE\"},{\"@type\":\"Organization\",\"@id\":\"https:\/\/traduzca.com\/#organization\",\"name\":\"Traduzca\",\"url\":\"https:\/\/traduzca.com\/\",\"logo\":{\"@type\":\"ImageObject\",\"inLanguage\":\"de-DE\",\"@id\":\"https:\/\/traduzca.com\/#\/schema\/logo\/image\/\",\"url\":\"https:\/\/traduzca.com\/wp-content\/uploads\/2026\/02\/cropped-favicon.png\",\"contentUrl\":\"https:\/\/traduzca.com\/wp-content\/uploads\/2026\/02\/cropped-favicon.png\",\"width\":97,\"height\":94,\"caption\":\"Traduzca\"},\"image\":{\"@id\":\"https:\/\/traduzca.com\/#\/schema\/logo\/image\/\"},\"sameAs\":[\"https:\/\/www.facebook.com\/traduzca\"]},{\"@type\":\"Person\",\"@id\":\"https:\/\/traduzca.com\/#\/schema\/person\/b4689f634b68236dfb176043283b2ae8\",\"name\":\"traduzca_admin\",\"image\":{\"@type\":\"ImageObject\",\"inLanguage\":\"de-DE\",\"@id\":\"https:\/\/traduzca.com\/#\/schema\/person\/image\/\",\"url\":\"https:\/\/secure.gravatar.com\/avatar\/3e977bbac939cc66d785e2b0963953e99cf6fed540960c0ef0a9e984e569dd2f?s=96&d=mm&r=g\",\"contentUrl\":\"https:\/\/secure.gravatar.com\/avatar\/3e977bbac939cc66d785e2b0963953e99cf6fed540960c0ef0a9e984e569dd2f?s=96&d=mm&r=g\",\"caption\":\"traduzca_admin\"},\"sameAs\":[\"https:\/\/traduzca.com\"],\"url\":\"https:\/\/traduzca.com\/de\/author\/traduzca_admin\/\"}]}<\/script>\n<!-- \/ Yoast SEO plugin. -->","yoast_head_json":{"title":"Canad\u00e1 suspende restri\u00e7\u00f5es sanit\u00e1rias da pandemia para viajantes estrangeiros - Traduzca","robots":{"index":"index","follow":"follow","max-snippet":"max-snippet:-1","max-image-preview":"max-image-preview:large","max-video-preview":"max-video-preview:-1"},"canonical":"https:\/\/traduzca.com\/de\/canada-suspende-restricoes-sanitarias-da-pandemia-para-viajantes-estrangeiros\/","og_locale":"de_DE","og_type":"article","og_title":"Canad\u00e1 suspende restri\u00e7\u00f5es sanit\u00e1rias da pandemia para viajantes estrangeiros - Traduzca","og_description":"Est\u00e1 em vigor a nova medida do governo do Canad\u00e1 que elimina todas as restri\u00e7\u00f5es sanit\u00e1rias que haviam sido implementadas para combater a Covid-19 em rela\u00e7\u00e3o ao ingresso de viajantes estrangeiros. A ...","og_url":"https:\/\/traduzca.com\/de\/canada-suspende-restricoes-sanitarias-da-pandemia-para-viajantes-estrangeiros\/","og_site_name":"Traduzca","article_publisher":"https:\/\/www.facebook.com\/traduzca","article_published_time":"2022-10-10T16:41:44+00:00","article_modified_time":"2026-02-14T02:38:15+00:00","author":"traduzca_admin","twitter_card":"summary_large_image","twitter_misc":{"Written by":"traduzca_admin","Est. reading time":"1 minute"},"schema":{"@context":"https:\/\/schema.org","@graph":[{"@type":"Article","@id":"https:\/\/traduzca.com\/canada-suspende-restricoes-sanitarias-da-pandemia-para-viajantes-estrangeiros\/#article","isPartOf":{"@id":"https:\/\/traduzca.com\/canada-suspende-restricoes-sanitarias-da-pandemia-para-viajantes-estrangeiros\/"},"author":{"name":"traduzca_admin","@id":"https:\/\/traduzca.com\/#\/schema\/person\/b4689f634b68236dfb176043283b2ae8"},"headline":"Canad\u00e1 suspende restri\u00e7\u00f5es sanit\u00e1rias da pandemia para viajantes estrangeiros","datePublished":"2022-10-10T16:41:44+00:00","dateModified":"2026-02-14T02:38:15+00:00","mainEntityOfPage":{"@id":"https:\/\/traduzca.com\/canada-suspende-restricoes-sanitarias-da-pandemia-para-viajantes-estrangeiros\/"},"wordCount":283,"publisher":{"@id":"https:\/\/traduzca.com\/#organization"},"keywords":["Blog","NOT\u00cdCIAS"],"articleSection":["Blog","Not\u00edcias"],"inLanguage":"de-DE"},{"@type":"WebPage","@id":"https:\/\/traduzca.com\/canada-suspende-restricoes-sanitarias-da-pandemia-para-viajantes-estrangeiros\/","url":"https:\/\/traduzca.com\/canada-suspende-restricoes-sanitarias-da-pandemia-para-viajantes-estrangeiros\/","name":"Canad\u00e1 suspende restri\u00e7\u00f5es sanit\u00e1rias da pandemia para viajantes estrangeiros - Traduzca","isPartOf":{"@id":"https:\/\/traduzca.com\/#website"},"datePublished":"2022-10-10T16:41:44+00:00","dateModified":"2026-02-14T02:38:15+00:00","breadcrumb":{"@id":"https:\/\/traduzca.com\/canada-suspende-restricoes-sanitarias-da-pandemia-para-viajantes-estrangeiros\/#breadcrumb"},"inLanguage":"de-DE","potentialAction":[{"@type":"ReadAction","target":["https:\/\/traduzca.com\/canada-suspende-restricoes-sanitarias-da-pandemia-para-viajantes-estrangeiros\/"]}]},{"@type":"BreadcrumbList","@id":"https:\/\/traduzca.com\/canada-suspende-restricoes-sanitarias-da-pandemia-para-viajantes-estrangeiros\/#breadcrumb","itemListElement":[{"@type":"ListItem","position":1,"name":"Home","item":"https:\/\/traduzca.com\/"},{"@type":"ListItem","position":2,"name":"Canad\u00e1 suspende restri\u00e7\u00f5es sanit\u00e1rias da pandemia para viajantes estrangeiros"}]},{"@type":"WebSite","@id":"https:\/\/traduzca.com\/#website","url":"https:\/\/traduzca.com\/","name":"Traduzca","description":"Traduzca verbindet Sie mit muttersprachlichen \u00dcbersetzern mit ausgewiesener Fachexpertise. Qualit\u00e4t, Vertraulichkeit und Termintreue \u2013 damit Ihr Unternehmen Sprachbarrieren \u00fcberwindet.","publisher":{"@id":"https:\/\/traduzca.com\/#organization"},"potentialAction":[{"@type":"SearchAction","target":{"@type":"EntryPoint","urlTemplate":"https:\/\/traduzca.com\/?s={search_term_string}"},"query-input":{"@type":"PropertyValueSpecification","valueRequired":true,"valueName":"search_term_string"}}],"inLanguage":"de-DE"},{"@type":"Organization","@id":"https:\/\/traduzca.com\/#organization","name":"Traduzca","url":"https:\/\/traduzca.com\/","logo":{"@type":"ImageObject","inLanguage":"de-DE","@id":"https:\/\/traduzca.com\/#\/schema\/logo\/image\/","url":"https:\/\/traduzca.com\/wp-content\/uploads\/2026\/02\/cropped-favicon.png","contentUrl":"https:\/\/traduzca.com\/wp-content\/uploads\/2026\/02\/cropped-favicon.png","width":97,"height":94,"caption":"Traduzca"},"image":{"@id":"https:\/\/traduzca.com\/#\/schema\/logo\/image\/"},"sameAs":["https:\/\/www.facebook.com\/traduzca"]},{"@type":"Person","@id":"https:\/\/traduzca.com\/#\/schema\/person\/b4689f634b68236dfb176043283b2ae8","name":"traduzca_admin","image":{"@type":"ImageObject","inLanguage":"de-DE","@id":"https:\/\/traduzca.com\/#\/schema\/person\/image\/","url":"https:\/\/secure.gravatar.com\/avatar\/3e977bbac939cc66d785e2b0963953e99cf6fed540960c0ef0a9e984e569dd2f?s=96&d=mm&r=g","contentUrl":"https:\/\/secure.gravatar.com\/avatar\/3e977bbac939cc66d785e2b0963953e99cf6fed540960c0ef0a9e984e569dd2f?s=96&d=mm&r=g","caption":"traduzca_admin"},"sameAs":["https:\/\/traduzca.com"],"url":"https:\/\/traduzca.com\/de\/author\/traduzca_admin\/"}]}},"_links":{"self":[{"href":"https:\/\/traduzca.com\/de\/wp-json\/wp\/v2\/posts\/3709","targetHints":{"allow":["GET"]}}],"collection":[{"href":"https:\/\/traduzca.com\/de\/wp-json\/wp\/v2\/posts"}],"about":[{"href":"https:\/\/traduzca.com\/de\/wp-json\/wp\/v2\/types\/post"}],"author":[{"embeddable":true,"href":"https:\/\/traduzca.com\/de\/wp-json\/wp\/v2\/users\/1"}],"replies":[{"embeddable":true,"href":"https:\/\/traduzca.com\/de\/wp-json\/wp\/v2\/comments?post=3709"}],"version-history":[{"count":2,"href":"https:\/\/traduzca.com\/de\/wp-json\/wp\/v2\/posts\/3709\/revisions"}],"predecessor-version":[{"id":3711,"href":"https:\/\/traduzca.com\/de\/wp-json\/wp\/v2\/posts\/3709\/revisions\/3711"}],"wp:attachment":[{"href":"https:\/\/traduzca.com\/de\/wp-json\/wp\/v2\/media?parent=3709"}],"wp:term":[{"taxonomy":"category","embeddable":true,"href":"https:\/\/traduzca.com\/de\/wp-json\/wp\/v2\/categories?post=3709"},{"taxonomy":"post_tag","embeddable":true,"href":"https:\/\/traduzca.com\/de\/wp-json\/wp\/v2\/tags?post=3709"}],"curies":[{"name":"wp","href":"https:\/\/api.w.org\/{rel}","templated":true}]}}