{"id":2709,"date":"2017-11-10T15:59:29","date_gmt":"2017-11-10T15:59:29","guid":{"rendered":"https:\/\/traduzca.com\/?p=2709"},"modified":"2026-02-13T18:18:09","modified_gmt":"2026-02-13T18:18:09","slug":"con-el-apoyo-de-traduzca-la-fundacion-ibere-camargo-recibe-la-muestra-sombras-no-sol-sombras-en-el-sol-partir-de-manana","status":"publish","type":"post","link":"https:\/\/traduzca.com\/en\/con-el-apoyo-de-traduzca-la-fundacion-ibere-camargo-recibe-la-muestra-sombras-no-sol-sombras-en-el-sol-partir-de-manana\/","title":{"rendered":"Con el apoyo de Traduzca, la Fundaci\u00f3n Iber\u00ea Camargo recibe la muestra Sombras no Sol (Sombras en el Sol) a partir de ma\u00f1ana"},"content":{"rendered":"<p>Inicia ma\u00f1ana (11\/11), a las 15:00, la muestra <em>Sombras no Sol<\/em>, en la Fundaci\u00f3n Iber\u00ea Camargo, que cont\u00f3 con el apoyo y la traducci\u00f3n al ingl\u00e9s de Traduzca. El punto de convergencia de la exposici\u00f3n refleja la relaci\u00f3n de Iber\u00ea con R\u00edo de Janeiro, con un lenguaje que expresa toda la subjetividad del artista: \u201cHay muchas sombras en el sol\u201d.<\/p>\n<p>&nbsp;<\/p>\n<p><img fetchpriority=\"high\" decoding=\"async\" class=\"aligncenter size-large wp-image-18718\" src=\"https:\/\/www.traduzca.com\/wp-content\/\/uploads\/2017\/11\/museu_ibere_camargo_0006-1024x768.jpg\" alt=\"\" width=\"1024\" height=\"768\" \/><\/p>\n<p>Los curadores Eduardo Haesbaert y Gustavo Possamai listan cerca de 40 obras entre pinturas, dibujos, grabados y documentos del acervo de FIC que retratan un R\u00edo melanc\u00f3lico. En entrevista a la R\u00e1dio Ga\u00facha, hablaron sobre el concepto de la exposici\u00f3n:<\/p>\n<p>\u2013 A partir de la subjetividad de Iber\u00ea Camargo, un d\u00eda soleado se puede mostrar sombr\u00edo. Eso transcurre por toda la exposici\u00f3n \u2013 dice Possamai, responsable por el acervo de FIC.<\/p>\n<p>Adem\u00e1s de la frase que gui\u00f3 la muestra, el texto Recuerdos de R\u00edo de Janeiro, escrito por Iber\u00ea en 1965, que est\u00e1 entre las obras seleccionadas para la exposici\u00f3n, consiste en una reflexi\u00f3n sobre el per\u00edodo en el que el artista vivi\u00f3 en la ciudad. \u201cMe burl\u00e9 del Pan de Az\u00facar, me re\u00ed de la Bah\u00eda de <em>Guanabara<\/em>, creaci\u00f3n de un Dios acad\u00e9mico, y fui a buscar mi colores en los rincones m\u00e1s humildes, los que no les interesan al turista ni tampoco figuran en las postales\u201d.<\/p>\n<p>\u201cSombras no Sol\u201d empieza con los dibujos que Iber\u00ea hizo del Carnaval de Porto Alegre en 1942 \u2013un s\u00edmbolo tan arraigado a la cultura carioca\u2013 y termina con la pintura Soledad, producida 52 a\u00f1os despu\u00e9s, representando su salida de la Capital <em>ga\u00facha<\/em> y su regreso a ella. La muestra tambi\u00e9n trae los documentos que relatan el ataque conservador a una exposici\u00f3n del Grupo Guignard, en la d\u00e9cada de 1940, del cual Iber\u00ea era uno de los integrantes y la censura a una de sus obras durante el V Sal\u00f3n Nacional de Arte Moderna, en 1956, en R\u00edo de Janeiro.<\/p>\n<p>Con entrada gratis, la muestra, que entra en cartelera el s\u00e1bado, estar\u00e1 abierta para visitas hasta el 14 de enero de 2018, los s\u00e1bados y domingos, de 15:00 a 20:00.<\/p>","protected":false},"excerpt":{"rendered":"<p>Inicia ma\u00f1ana (11\/11), a las 15:00, la muestra Sombras no Sol, en la Fundaci\u00f3n Iber\u00ea Camargo, que cont\u00f3 con el apoyo y la traducci\u00f3n al ingl\u00e9s de Traduzca. El punto de convergencia de la exposici\u00f3n re&#8230;<\/p>","protected":false},"author":1,"featured_media":0,"comment_status":"closed","ping_status":"closed","sticky":false,"template":"","format":"standard","meta":{"_acf_changed":false,"footnotes":""},"categories":[40],"tags":[41],"class_list":["post-2709","post","type-post","status-publish","format-standard","hentry","category-sin-categorizar","tag-sin-categorizar"],"acf":[],"yoast_head":"<!-- This site is optimized with the Yoast SEO plugin v26.9 - https:\/\/yoast.com\/product\/yoast-seo-wordpress\/ -->\n<title>Con el apoyo de Traduzca, la Fundaci\u00f3n Iber\u00ea Camargo recibe la muestra Sombras no Sol (Sombras en el Sol) a partir de ma\u00f1ana - Traduzca<\/title>\n<meta name=\"robots\" content=\"index, follow, max-snippet:-1, max-image-preview:large, max-video-preview:-1\" \/>\n<link rel=\"canonical\" href=\"https:\/\/traduzca.com\/en\/con-el-apoyo-de-traduzca-la-fundacion-ibere-camargo-recibe-la-muestra-sombras-no-sol-sombras-en-el-sol-partir-de-manana\/\" \/>\n<meta property=\"og:locale\" content=\"en_US\" \/>\n<meta property=\"og:type\" content=\"article\" \/>\n<meta property=\"og:title\" content=\"Con el apoyo de Traduzca, la Fundaci\u00f3n Iber\u00ea Camargo recibe la muestra Sombras no Sol (Sombras en el Sol) a partir de ma\u00f1ana - Traduzca\" \/>\n<meta property=\"og:description\" content=\"Inicia ma\u00f1ana (11\/11), a las 15:00, la muestra Sombras no Sol, en la Fundaci\u00f3n Iber\u00ea Camargo, que cont\u00f3 con el apoyo y la traducci\u00f3n al ingl\u00e9s de Traduzca. El punto de convergencia de la exposici\u00f3n re...\" \/>\n<meta property=\"og:url\" content=\"https:\/\/traduzca.com\/en\/con-el-apoyo-de-traduzca-la-fundacion-ibere-camargo-recibe-la-muestra-sombras-no-sol-sombras-en-el-sol-partir-de-manana\/\" \/>\n<meta property=\"og:site_name\" content=\"Traduzca\" \/>\n<meta property=\"article:publisher\" content=\"https:\/\/www.facebook.com\/traduzca\" \/>\n<meta property=\"article:published_time\" content=\"2017-11-10T15:59:29+00:00\" \/>\n<meta property=\"article:modified_time\" content=\"2026-02-13T18:18:09+00:00\" \/>\n<meta name=\"author\" content=\"traduzca_admin\" \/>\n<meta name=\"twitter:card\" content=\"summary_large_image\" \/>\n<meta name=\"twitter:label1\" content=\"Written by\" \/>\n\t<meta name=\"twitter:data1\" content=\"traduzca_admin\" \/>\n\t<meta name=\"twitter:label2\" content=\"Est. reading time\" \/>\n\t<meta name=\"twitter:data2\" content=\"2 minutes\" \/>\n<script type=\"application\/ld+json\" class=\"yoast-schema-graph\">{\"@context\":\"https:\/\/schema.org\",\"@graph\":[{\"@type\":\"Article\",\"@id\":\"https:\/\/traduzca.com\/con-el-apoyo-de-traduzca-la-fundacion-ibere-camargo-recibe-la-muestra-sombras-no-sol-sombras-en-el-sol-partir-de-manana\/#article\",\"isPartOf\":{\"@id\":\"https:\/\/traduzca.com\/con-el-apoyo-de-traduzca-la-fundacion-ibere-camargo-recibe-la-muestra-sombras-no-sol-sombras-en-el-sol-partir-de-manana\/\"},\"author\":{\"name\":\"traduzca_admin\",\"@id\":\"https:\/\/traduzca.com\/#\/schema\/person\/b4689f634b68236dfb176043283b2ae8\"},\"headline\":\"Con el apoyo de Traduzca, la Fundaci\u00f3n Iber\u00ea Camargo recibe la muestra Sombras no Sol (Sombras en el Sol) a partir de ma\u00f1ana\",\"datePublished\":\"2017-11-10T15:59:29+00:00\",\"dateModified\":\"2026-02-13T18:18:09+00:00\",\"mainEntityOfPage\":{\"@id\":\"https:\/\/traduzca.com\/con-el-apoyo-de-traduzca-la-fundacion-ibere-camargo-recibe-la-muestra-sombras-no-sol-sombras-en-el-sol-partir-de-manana\/\"},\"wordCount\":395,\"publisher\":{\"@id\":\"https:\/\/traduzca.com\/#organization\"},\"image\":{\"@id\":\"https:\/\/traduzca.com\/con-el-apoyo-de-traduzca-la-fundacion-ibere-camargo-recibe-la-muestra-sombras-no-sol-sombras-en-el-sol-partir-de-manana\/#primaryimage\"},\"thumbnailUrl\":\"https:\/\/www.traduzca.com\/wp-content\/\/uploads\/2017\/11\/museu_ibere_camargo_0006-1024x768.jpg\",\"keywords\":[\"Sin categorizar\"],\"articleSection\":[\"Sin categorizar\"],\"inLanguage\":\"en-US\"},{\"@type\":\"WebPage\",\"@id\":\"https:\/\/traduzca.com\/con-el-apoyo-de-traduzca-la-fundacion-ibere-camargo-recibe-la-muestra-sombras-no-sol-sombras-en-el-sol-partir-de-manana\/\",\"url\":\"https:\/\/traduzca.com\/con-el-apoyo-de-traduzca-la-fundacion-ibere-camargo-recibe-la-muestra-sombras-no-sol-sombras-en-el-sol-partir-de-manana\/\",\"name\":\"Con el apoyo de Traduzca, la Fundaci\u00f3n Iber\u00ea Camargo recibe la muestra Sombras no Sol (Sombras en el Sol) a partir de ma\u00f1ana - Traduzca\",\"isPartOf\":{\"@id\":\"https:\/\/traduzca.com\/#website\"},\"primaryImageOfPage\":{\"@id\":\"https:\/\/traduzca.com\/con-el-apoyo-de-traduzca-la-fundacion-ibere-camargo-recibe-la-muestra-sombras-no-sol-sombras-en-el-sol-partir-de-manana\/#primaryimage\"},\"image\":{\"@id\":\"https:\/\/traduzca.com\/con-el-apoyo-de-traduzca-la-fundacion-ibere-camargo-recibe-la-muestra-sombras-no-sol-sombras-en-el-sol-partir-de-manana\/#primaryimage\"},\"thumbnailUrl\":\"https:\/\/www.traduzca.com\/wp-content\/\/uploads\/2017\/11\/museu_ibere_camargo_0006-1024x768.jpg\",\"datePublished\":\"2017-11-10T15:59:29+00:00\",\"dateModified\":\"2026-02-13T18:18:09+00:00\",\"breadcrumb\":{\"@id\":\"https:\/\/traduzca.com\/con-el-apoyo-de-traduzca-la-fundacion-ibere-camargo-recibe-la-muestra-sombras-no-sol-sombras-en-el-sol-partir-de-manana\/#breadcrumb\"},\"inLanguage\":\"en-US\",\"potentialAction\":[{\"@type\":\"ReadAction\",\"target\":[\"https:\/\/traduzca.com\/con-el-apoyo-de-traduzca-la-fundacion-ibere-camargo-recibe-la-muestra-sombras-no-sol-sombras-en-el-sol-partir-de-manana\/\"]}]},{\"@type\":\"ImageObject\",\"inLanguage\":\"en-US\",\"@id\":\"https:\/\/traduzca.com\/con-el-apoyo-de-traduzca-la-fundacion-ibere-camargo-recibe-la-muestra-sombras-no-sol-sombras-en-el-sol-partir-de-manana\/#primaryimage\",\"url\":\"https:\/\/www.traduzca.com\/wp-content\/\/uploads\/2017\/11\/museu_ibere_camargo_0006-1024x768.jpg\",\"contentUrl\":\"https:\/\/www.traduzca.com\/wp-content\/\/uploads\/2017\/11\/museu_ibere_camargo_0006-1024x768.jpg\"},{\"@type\":\"BreadcrumbList\",\"@id\":\"https:\/\/traduzca.com\/con-el-apoyo-de-traduzca-la-fundacion-ibere-camargo-recibe-la-muestra-sombras-no-sol-sombras-en-el-sol-partir-de-manana\/#breadcrumb\",\"itemListElement\":[{\"@type\":\"ListItem\",\"position\":1,\"name\":\"Home\",\"item\":\"https:\/\/traduzca.com\/\"},{\"@type\":\"ListItem\",\"position\":2,\"name\":\"Con el apoyo de Traduzca, la Fundaci\u00f3n Iber\u00ea Camargo recibe la muestra Sombras no Sol (Sombras en el Sol) a partir de ma\u00f1ana\"}]},{\"@type\":\"WebSite\",\"@id\":\"https:\/\/traduzca.com\/#website\",\"url\":\"https:\/\/traduzca.com\/\",\"name\":\"Traduzca\",\"description\":\"A Traduzca conecta voc\u00ea a tradutores nativos com expertise t\u00e9cnica. Qualidade, sigilo e pontualidade para romper as barreiras do seu neg\u00f3cio.\",\"publisher\":{\"@id\":\"https:\/\/traduzca.com\/#organization\"},\"potentialAction\":[{\"@type\":\"SearchAction\",\"target\":{\"@type\":\"EntryPoint\",\"urlTemplate\":\"https:\/\/traduzca.com\/?s={search_term_string}\"},\"query-input\":{\"@type\":\"PropertyValueSpecification\",\"valueRequired\":true,\"valueName\":\"search_term_string\"}}],\"inLanguage\":\"en-US\"},{\"@type\":\"Organization\",\"@id\":\"https:\/\/traduzca.com\/#organization\",\"name\":\"Traduzca\",\"url\":\"https:\/\/traduzca.com\/\",\"logo\":{\"@type\":\"ImageObject\",\"inLanguage\":\"en-US\",\"@id\":\"https:\/\/traduzca.com\/#\/schema\/logo\/image\/\",\"url\":\"https:\/\/traduzca.com\/wp-content\/uploads\/2026\/02\/cropped-favicon.png\",\"contentUrl\":\"https:\/\/traduzca.com\/wp-content\/uploads\/2026\/02\/cropped-favicon.png\",\"width\":97,\"height\":94,\"caption\":\"Traduzca\"},\"image\":{\"@id\":\"https:\/\/traduzca.com\/#\/schema\/logo\/image\/\"},\"sameAs\":[\"https:\/\/www.facebook.com\/traduzca\"]},{\"@type\":\"Person\",\"@id\":\"https:\/\/traduzca.com\/#\/schema\/person\/b4689f634b68236dfb176043283b2ae8\",\"name\":\"traduzca_admin\",\"image\":{\"@type\":\"ImageObject\",\"inLanguage\":\"en-US\",\"@id\":\"https:\/\/traduzca.com\/#\/schema\/person\/image\/\",\"url\":\"https:\/\/secure.gravatar.com\/avatar\/3e977bbac939cc66d785e2b0963953e99cf6fed540960c0ef0a9e984e569dd2f?s=96&d=mm&r=g\",\"contentUrl\":\"https:\/\/secure.gravatar.com\/avatar\/3e977bbac939cc66d785e2b0963953e99cf6fed540960c0ef0a9e984e569dd2f?s=96&d=mm&r=g\",\"caption\":\"traduzca_admin\"},\"sameAs\":[\"https:\/\/traduzca.com\"],\"url\":\"https:\/\/traduzca.com\/en\/author\/traduzca_admin\/\"}]}<\/script>\n<!-- \/ Yoast SEO plugin. -->","yoast_head_json":{"title":"Con el apoyo de Traduzca, la Fundaci\u00f3n Iber\u00ea Camargo recibe la muestra Sombras no Sol (Sombras en el Sol) a partir de ma\u00f1ana - Traduzca","robots":{"index":"index","follow":"follow","max-snippet":"max-snippet:-1","max-image-preview":"max-image-preview:large","max-video-preview":"max-video-preview:-1"},"canonical":"https:\/\/traduzca.com\/en\/con-el-apoyo-de-traduzca-la-fundacion-ibere-camargo-recibe-la-muestra-sombras-no-sol-sombras-en-el-sol-partir-de-manana\/","og_locale":"en_US","og_type":"article","og_title":"Con el apoyo de Traduzca, la Fundaci\u00f3n Iber\u00ea Camargo recibe la muestra Sombras no Sol (Sombras en el Sol) a partir de ma\u00f1ana - Traduzca","og_description":"Inicia ma\u00f1ana (11\/11), a las 15:00, la muestra Sombras no Sol, en la Fundaci\u00f3n Iber\u00ea Camargo, que cont\u00f3 con el apoyo y la traducci\u00f3n al ingl\u00e9s de Traduzca. El punto de convergencia de la exposici\u00f3n re...","og_url":"https:\/\/traduzca.com\/en\/con-el-apoyo-de-traduzca-la-fundacion-ibere-camargo-recibe-la-muestra-sombras-no-sol-sombras-en-el-sol-partir-de-manana\/","og_site_name":"Traduzca","article_publisher":"https:\/\/www.facebook.com\/traduzca","article_published_time":"2017-11-10T15:59:29+00:00","article_modified_time":"2026-02-13T18:18:09+00:00","author":"traduzca_admin","twitter_card":"summary_large_image","twitter_misc":{"Written by":"traduzca_admin","Est. reading time":"2 minutes"},"schema":{"@context":"https:\/\/schema.org","@graph":[{"@type":"Article","@id":"https:\/\/traduzca.com\/con-el-apoyo-de-traduzca-la-fundacion-ibere-camargo-recibe-la-muestra-sombras-no-sol-sombras-en-el-sol-partir-de-manana\/#article","isPartOf":{"@id":"https:\/\/traduzca.com\/con-el-apoyo-de-traduzca-la-fundacion-ibere-camargo-recibe-la-muestra-sombras-no-sol-sombras-en-el-sol-partir-de-manana\/"},"author":{"name":"traduzca_admin","@id":"https:\/\/traduzca.com\/#\/schema\/person\/b4689f634b68236dfb176043283b2ae8"},"headline":"Con el apoyo de Traduzca, la Fundaci\u00f3n Iber\u00ea Camargo recibe la muestra Sombras no Sol (Sombras en el Sol) a partir de ma\u00f1ana","datePublished":"2017-11-10T15:59:29+00:00","dateModified":"2026-02-13T18:18:09+00:00","mainEntityOfPage":{"@id":"https:\/\/traduzca.com\/con-el-apoyo-de-traduzca-la-fundacion-ibere-camargo-recibe-la-muestra-sombras-no-sol-sombras-en-el-sol-partir-de-manana\/"},"wordCount":395,"publisher":{"@id":"https:\/\/traduzca.com\/#organization"},"image":{"@id":"https:\/\/traduzca.com\/con-el-apoyo-de-traduzca-la-fundacion-ibere-camargo-recibe-la-muestra-sombras-no-sol-sombras-en-el-sol-partir-de-manana\/#primaryimage"},"thumbnailUrl":"https:\/\/www.traduzca.com\/wp-content\/\/uploads\/2017\/11\/museu_ibere_camargo_0006-1024x768.jpg","keywords":["Sin categorizar"],"articleSection":["Sin categorizar"],"inLanguage":"en-US"},{"@type":"WebPage","@id":"https:\/\/traduzca.com\/con-el-apoyo-de-traduzca-la-fundacion-ibere-camargo-recibe-la-muestra-sombras-no-sol-sombras-en-el-sol-partir-de-manana\/","url":"https:\/\/traduzca.com\/con-el-apoyo-de-traduzca-la-fundacion-ibere-camargo-recibe-la-muestra-sombras-no-sol-sombras-en-el-sol-partir-de-manana\/","name":"Con el apoyo de Traduzca, la Fundaci\u00f3n Iber\u00ea Camargo recibe la muestra Sombras no Sol (Sombras en el Sol) a partir de ma\u00f1ana - Traduzca","isPartOf":{"@id":"https:\/\/traduzca.com\/#website"},"primaryImageOfPage":{"@id":"https:\/\/traduzca.com\/con-el-apoyo-de-traduzca-la-fundacion-ibere-camargo-recibe-la-muestra-sombras-no-sol-sombras-en-el-sol-partir-de-manana\/#primaryimage"},"image":{"@id":"https:\/\/traduzca.com\/con-el-apoyo-de-traduzca-la-fundacion-ibere-camargo-recibe-la-muestra-sombras-no-sol-sombras-en-el-sol-partir-de-manana\/#primaryimage"},"thumbnailUrl":"https:\/\/www.traduzca.com\/wp-content\/\/uploads\/2017\/11\/museu_ibere_camargo_0006-1024x768.jpg","datePublished":"2017-11-10T15:59:29+00:00","dateModified":"2026-02-13T18:18:09+00:00","breadcrumb":{"@id":"https:\/\/traduzca.com\/con-el-apoyo-de-traduzca-la-fundacion-ibere-camargo-recibe-la-muestra-sombras-no-sol-sombras-en-el-sol-partir-de-manana\/#breadcrumb"},"inLanguage":"en-US","potentialAction":[{"@type":"ReadAction","target":["https:\/\/traduzca.com\/con-el-apoyo-de-traduzca-la-fundacion-ibere-camargo-recibe-la-muestra-sombras-no-sol-sombras-en-el-sol-partir-de-manana\/"]}]},{"@type":"ImageObject","inLanguage":"en-US","@id":"https:\/\/traduzca.com\/con-el-apoyo-de-traduzca-la-fundacion-ibere-camargo-recibe-la-muestra-sombras-no-sol-sombras-en-el-sol-partir-de-manana\/#primaryimage","url":"https:\/\/www.traduzca.com\/wp-content\/\/uploads\/2017\/11\/museu_ibere_camargo_0006-1024x768.jpg","contentUrl":"https:\/\/www.traduzca.com\/wp-content\/\/uploads\/2017\/11\/museu_ibere_camargo_0006-1024x768.jpg"},{"@type":"BreadcrumbList","@id":"https:\/\/traduzca.com\/con-el-apoyo-de-traduzca-la-fundacion-ibere-camargo-recibe-la-muestra-sombras-no-sol-sombras-en-el-sol-partir-de-manana\/#breadcrumb","itemListElement":[{"@type":"ListItem","position":1,"name":"Home","item":"https:\/\/traduzca.com\/"},{"@type":"ListItem","position":2,"name":"Con el apoyo de Traduzca, la Fundaci\u00f3n Iber\u00ea Camargo recibe la muestra Sombras no Sol (Sombras en el Sol) a partir de ma\u00f1ana"}]},{"@type":"WebSite","@id":"https:\/\/traduzca.com\/#website","url":"https:\/\/traduzca.com\/","name":"Traduzca","description":"Traduzca connects you with native translators with technical expertise. Quality, confidentiality, and on-time delivery to break down the barriers of your business.","publisher":{"@id":"https:\/\/traduzca.com\/#organization"},"potentialAction":[{"@type":"SearchAction","target":{"@type":"EntryPoint","urlTemplate":"https:\/\/traduzca.com\/?s={search_term_string}"},"query-input":{"@type":"PropertyValueSpecification","valueRequired":true,"valueName":"search_term_string"}}],"inLanguage":"en-US"},{"@type":"Organization","@id":"https:\/\/traduzca.com\/#organization","name":"Traduzca","url":"https:\/\/traduzca.com\/","logo":{"@type":"ImageObject","inLanguage":"en-US","@id":"https:\/\/traduzca.com\/#\/schema\/logo\/image\/","url":"https:\/\/traduzca.com\/wp-content\/uploads\/2026\/02\/cropped-favicon.png","contentUrl":"https:\/\/traduzca.com\/wp-content\/uploads\/2026\/02\/cropped-favicon.png","width":97,"height":94,"caption":"Traduzca"},"image":{"@id":"https:\/\/traduzca.com\/#\/schema\/logo\/image\/"},"sameAs":["https:\/\/www.facebook.com\/traduzca"]},{"@type":"Person","@id":"https:\/\/traduzca.com\/#\/schema\/person\/b4689f634b68236dfb176043283b2ae8","name":"traduzca_admin","image":{"@type":"ImageObject","inLanguage":"en-US","@id":"https:\/\/traduzca.com\/#\/schema\/person\/image\/","url":"https:\/\/secure.gravatar.com\/avatar\/3e977bbac939cc66d785e2b0963953e99cf6fed540960c0ef0a9e984e569dd2f?s=96&d=mm&r=g","contentUrl":"https:\/\/secure.gravatar.com\/avatar\/3e977bbac939cc66d785e2b0963953e99cf6fed540960c0ef0a9e984e569dd2f?s=96&d=mm&r=g","caption":"traduzca_admin"},"sameAs":["https:\/\/traduzca.com"],"url":"https:\/\/traduzca.com\/en\/author\/traduzca_admin\/"}]}},"_links":{"self":[{"href":"https:\/\/traduzca.com\/en\/wp-json\/wp\/v2\/posts\/2709","targetHints":{"allow":["GET"]}}],"collection":[{"href":"https:\/\/traduzca.com\/en\/wp-json\/wp\/v2\/posts"}],"about":[{"href":"https:\/\/traduzca.com\/en\/wp-json\/wp\/v2\/types\/post"}],"author":[{"embeddable":true,"href":"https:\/\/traduzca.com\/en\/wp-json\/wp\/v2\/users\/1"}],"replies":[{"embeddable":true,"href":"https:\/\/traduzca.com\/en\/wp-json\/wp\/v2\/comments?post=2709"}],"version-history":[{"count":1,"href":"https:\/\/traduzca.com\/en\/wp-json\/wp\/v2\/posts\/2709\/revisions"}],"predecessor-version":[{"id":2710,"href":"https:\/\/traduzca.com\/en\/wp-json\/wp\/v2\/posts\/2709\/revisions\/2710"}],"wp:attachment":[{"href":"https:\/\/traduzca.com\/en\/wp-json\/wp\/v2\/media?parent=2709"}],"wp:term":[{"taxonomy":"category","embeddable":true,"href":"https:\/\/traduzca.com\/en\/wp-json\/wp\/v2\/categories?post=2709"},{"taxonomy":"post_tag","embeddable":true,"href":"https:\/\/traduzca.com\/en\/wp-json\/wp\/v2\/tags?post=2709"}],"curies":[{"name":"wp","href":"https:\/\/api.w.org\/{rel}","templated":true}]}}