{"id":2731,"date":"2018-02-21T15:01:17","date_gmt":"2018-02-21T15:01:17","guid":{"rendered":"https:\/\/traduzca.com\/?p=2731"},"modified":"2026-02-13T18:19:35","modified_gmt":"2026-02-13T18:19:35","slug":"hoje-e-o-dia-para-lembrar-de-todos-os-idiomas-do-mundo","status":"publish","type":"post","link":"https:\/\/traduzca.com\/en\/hoje-e-o-dia-para-lembrar-de-todos-os-idiomas-do-mundo\/","title":{"rendered":"Hoje \u00e9 o dia para lembrar de todos os idiomas do mundo"},"content":{"rendered":"<p>O idioma de um pa\u00eds \u00e9 muito mais que apenas o meio de comunica\u00e7\u00e3o de seu povo. A hist\u00f3ria, a cultura, as cren\u00e7as e a identidade nacional s\u00e3o elementos intimamente ligados ao idioma falado pela popula\u00e7\u00e3o, passados de gera\u00e7\u00e3o em gera\u00e7\u00e3o. Seja em portugu\u00eas, ingl\u00eas, espanhol ou italiano, hoje \u00e9 o Dia Internacional da L\u00edngua Materna, data criada pela Unesco, organiza\u00e7\u00e3o das Na\u00e7\u00f5es Unidas para a educa\u00e7\u00e3o, ci\u00eancia e cultura, para reafirmar o compromisso da institui\u00e7\u00e3o com a defesa e a promo\u00e7\u00e3o dos idiomas.<\/p>\n<figure id=\"attachment_21122\" aria-describedby=\"caption-attachment-21122\" style=\"width: 599px\" class=\"wp-caption aligncenter\"><img fetchpriority=\"high\" decoding=\"async\" class=\"wp-image-21122\" src=\"https:\/\/www.traduzca.com\/wp-content\/\/uploads\/2018\/02\/idioma-idiomas-dia-internacional-da-lingua-materna-traduzca-traducao.jpg\" alt=\"idioma-idiomas-dia-internacional-da-lingua-materna-traduzca-traducao\" width=\"599\" height=\"399\" \/><figcaption id=\"caption-attachment-21122\" class=\"wp-caption-text\">O Dia Internacional da L\u00edngua Materna surgiu para reafirmar o compromisso da UNESCO com a defesa e a promo\u00e7\u00e3o dos idiomas.<\/figcaption><\/figure>\n<p>Vamos falar sobre o Brasil. Al\u00e9m do portugu\u00eas, nosso idioma materno e oficial, temos outros dialetos que s\u00e3o falados em v\u00e1rios cantos do pa\u00eds. Segundo o Ethnologue, considerado o maior invent\u00e1rio de l\u00ednguas do planeta, existem 218 idiomas no Brasil.<\/p>\n<p>Diversas cidades cooficializaram outras formas de se comunicar. Em S\u00e3o Gabriel da Cachoeira, no Amazonas, por exemplo, existem tr\u00eas outros idiomas al\u00e9m do portugu\u00eas: o nheengatu, o tukano e o baniwa. J\u00e1 em Pomerode, em Santa Catarina, e em Santa Maria do Jetib\u00e1, no Espirito Santo, o alem\u00e3o e o pomerano foram oficializados. No Rio Grande do Sul, \u00e9 poss\u00edvel encontrar comunidades que falam o talian, dialeto origin\u00e1rio do italiano, al\u00e9m do Hunsr\u00fcckisch e do Plattdeutsch, derivados do alem\u00e3o.<\/p>\n<p>Segundo levantamento recente da Unesco, um idioma desaparece a cada duas semanas no mundo. Com isso, parte da hist\u00f3ria humana e do patrim\u00f4nio cultural de um povo se perde tamb\u00e9m.<\/p>\n<p>H\u00e1 20 anos, a Traduzca ajuda a traduzir hist\u00f3rias, aproximando pessoas e neg\u00f3cios com solu\u00e7\u00f5es completas em 26 idiomas. Para conhecer todos os nossos servi\u00e7os, <a href=\"https:\/\/traduzca.com\/en\/services\/\">clique aqui<\/a>.<\/p>","protected":false},"excerpt":{"rendered":"<p>O idioma de um pa\u00eds \u00e9 muito mais que apenas o meio de comunica\u00e7\u00e3o de seu povo. A hist\u00f3ria, a cultura, as cren\u00e7as e a identidade nacional s\u00e3o elementos intimamente ligados ao idioma falado pela popula\u00e7\u00e3o, passados de gera\u00e7\u00e3o em gera\u00e7\u00e3o. Seja em portugu\u00eas, ingl\u00eas, espanhol ou italiano, hoje \u00e9 o Dia Internacional da L\u00edngua Materna, data criada pela Unesco, organiza\u00e7\u00e3o das Na\u00e7\u00f5es Unidas para a educa\u00e7\u00e3o, ci\u00eancia e cultura, para reafirmar o compromisso da institui\u00e7\u00e3o com a defesa e a promo\u00e7\u00e3o dos idiomas.<\/p>","protected":false},"author":1,"featured_media":0,"comment_status":"closed","ping_status":"closed","sticky":false,"template":"","format":"standard","meta":{"_acf_changed":false,"footnotes":""},"categories":[34],"tags":[35],"class_list":["post-2731","post","type-post","status-publish","format-standard","hentry","category-blog","tag-blog"],"acf":[],"yoast_head":"<!-- This site is optimized with the Yoast SEO plugin v26.9 - https:\/\/yoast.com\/product\/yoast-seo-wordpress\/ -->\n<title>Hoje \u00e9 o dia para lembrar de todos os idiomas do mundo - Traduzca<\/title>\n<meta name=\"robots\" content=\"index, follow, max-snippet:-1, max-image-preview:large, max-video-preview:-1\" \/>\n<link rel=\"canonical\" href=\"https:\/\/traduzca.com\/en\/hoje-e-o-dia-para-lembrar-de-todos-os-idiomas-do-mundo\/\" \/>\n<meta property=\"og:locale\" content=\"en_US\" \/>\n<meta property=\"og:type\" content=\"article\" \/>\n<meta property=\"og:title\" content=\"Hoje \u00e9 o dia para lembrar de todos os idiomas do mundo - Traduzca\" \/>\n<meta property=\"og:description\" content=\"O idioma de um pa\u00eds \u00e9 muito mais que apenas o meio de comunica\u00e7\u00e3o de seu povo. A hist\u00f3ria, a cultura, as cren\u00e7as e a identidade nacional s\u00e3o elementos intimamente ligados ao idioma falado pela popula\u00e7\u00e3o, passados de gera\u00e7\u00e3o em gera\u00e7\u00e3o. Seja em portugu\u00eas, ingl\u00eas, espanhol ou italiano, hoje \u00e9 o Dia Internacional da L\u00edngua Materna, data criada pela Unesco, organiza\u00e7\u00e3o das Na\u00e7\u00f5es Unidas para a educa\u00e7\u00e3o, ci\u00eancia e cultura, para reafirmar o compromisso da institui\u00e7\u00e3o com a defesa e a promo\u00e7\u00e3o dos idiomas.\" \/>\n<meta property=\"og:url\" content=\"https:\/\/traduzca.com\/en\/hoje-e-o-dia-para-lembrar-de-todos-os-idiomas-do-mundo\/\" \/>\n<meta property=\"og:site_name\" content=\"Traduzca\" \/>\n<meta property=\"article:publisher\" content=\"https:\/\/www.facebook.com\/traduzca\" \/>\n<meta property=\"article:published_time\" content=\"2018-02-21T15:01:17+00:00\" \/>\n<meta property=\"article:modified_time\" content=\"2026-02-13T18:19:35+00:00\" \/>\n<meta name=\"author\" content=\"traduzca_admin\" \/>\n<meta name=\"twitter:card\" content=\"summary_large_image\" \/>\n<meta name=\"twitter:label1\" content=\"Written by\" \/>\n\t<meta name=\"twitter:data1\" content=\"traduzca_admin\" \/>\n\t<meta name=\"twitter:label2\" content=\"Est. reading time\" \/>\n\t<meta name=\"twitter:data2\" content=\"2 minutes\" \/>\n<script type=\"application\/ld+json\" class=\"yoast-schema-graph\">{\"@context\":\"https:\/\/schema.org\",\"@graph\":[{\"@type\":\"Article\",\"@id\":\"https:\/\/traduzca.com\/hoje-e-o-dia-para-lembrar-de-todos-os-idiomas-do-mundo\/#article\",\"isPartOf\":{\"@id\":\"https:\/\/traduzca.com\/hoje-e-o-dia-para-lembrar-de-todos-os-idiomas-do-mundo\/\"},\"author\":{\"name\":\"traduzca_admin\",\"@id\":\"https:\/\/traduzca.com\/#\/schema\/person\/b4689f634b68236dfb176043283b2ae8\"},\"headline\":\"Hoje \u00e9 o dia para lembrar de todos os idiomas do mundo\",\"datePublished\":\"2018-02-21T15:01:17+00:00\",\"dateModified\":\"2026-02-13T18:19:35+00:00\",\"mainEntityOfPage\":{\"@id\":\"https:\/\/traduzca.com\/hoje-e-o-dia-para-lembrar-de-todos-os-idiomas-do-mundo\/\"},\"wordCount\":336,\"publisher\":{\"@id\":\"https:\/\/traduzca.com\/#organization\"},\"image\":{\"@id\":\"https:\/\/traduzca.com\/hoje-e-o-dia-para-lembrar-de-todos-os-idiomas-do-mundo\/#primaryimage\"},\"thumbnailUrl\":\"https:\/\/www.traduzca.com\/wp-content\/\/uploads\/2018\/02\/idioma-idiomas-dia-internacional-da-lingua-materna-traduzca-traducao.jpg\",\"keywords\":[\"Blog\"],\"articleSection\":[\"Blog\"],\"inLanguage\":\"en-US\"},{\"@type\":\"WebPage\",\"@id\":\"https:\/\/traduzca.com\/hoje-e-o-dia-para-lembrar-de-todos-os-idiomas-do-mundo\/\",\"url\":\"https:\/\/traduzca.com\/hoje-e-o-dia-para-lembrar-de-todos-os-idiomas-do-mundo\/\",\"name\":\"Hoje \u00e9 o dia para lembrar de todos os idiomas do mundo - Traduzca\",\"isPartOf\":{\"@id\":\"https:\/\/traduzca.com\/#website\"},\"primaryImageOfPage\":{\"@id\":\"https:\/\/traduzca.com\/hoje-e-o-dia-para-lembrar-de-todos-os-idiomas-do-mundo\/#primaryimage\"},\"image\":{\"@id\":\"https:\/\/traduzca.com\/hoje-e-o-dia-para-lembrar-de-todos-os-idiomas-do-mundo\/#primaryimage\"},\"thumbnailUrl\":\"https:\/\/www.traduzca.com\/wp-content\/\/uploads\/2018\/02\/idioma-idiomas-dia-internacional-da-lingua-materna-traduzca-traducao.jpg\",\"datePublished\":\"2018-02-21T15:01:17+00:00\",\"dateModified\":\"2026-02-13T18:19:35+00:00\",\"breadcrumb\":{\"@id\":\"https:\/\/traduzca.com\/hoje-e-o-dia-para-lembrar-de-todos-os-idiomas-do-mundo\/#breadcrumb\"},\"inLanguage\":\"en-US\",\"potentialAction\":[{\"@type\":\"ReadAction\",\"target\":[\"https:\/\/traduzca.com\/hoje-e-o-dia-para-lembrar-de-todos-os-idiomas-do-mundo\/\"]}]},{\"@type\":\"ImageObject\",\"inLanguage\":\"en-US\",\"@id\":\"https:\/\/traduzca.com\/hoje-e-o-dia-para-lembrar-de-todos-os-idiomas-do-mundo\/#primaryimage\",\"url\":\"https:\/\/www.traduzca.com\/wp-content\/\/uploads\/2018\/02\/idioma-idiomas-dia-internacional-da-lingua-materna-traduzca-traducao.jpg\",\"contentUrl\":\"https:\/\/www.traduzca.com\/wp-content\/\/uploads\/2018\/02\/idioma-idiomas-dia-internacional-da-lingua-materna-traduzca-traducao.jpg\"},{\"@type\":\"BreadcrumbList\",\"@id\":\"https:\/\/traduzca.com\/hoje-e-o-dia-para-lembrar-de-todos-os-idiomas-do-mundo\/#breadcrumb\",\"itemListElement\":[{\"@type\":\"ListItem\",\"position\":1,\"name\":\"Home\",\"item\":\"https:\/\/traduzca.com\/\"},{\"@type\":\"ListItem\",\"position\":2,\"name\":\"Hoje \u00e9 o dia para lembrar de todos os idiomas do mundo\"}]},{\"@type\":\"WebSite\",\"@id\":\"https:\/\/traduzca.com\/#website\",\"url\":\"https:\/\/traduzca.com\/\",\"name\":\"Traduzca\",\"description\":\"A Traduzca conecta voc\u00ea a tradutores nativos com expertise t\u00e9cnica. Qualidade, sigilo e pontualidade para romper as barreiras do seu neg\u00f3cio.\",\"publisher\":{\"@id\":\"https:\/\/traduzca.com\/#organization\"},\"potentialAction\":[{\"@type\":\"SearchAction\",\"target\":{\"@type\":\"EntryPoint\",\"urlTemplate\":\"https:\/\/traduzca.com\/?s={search_term_string}\"},\"query-input\":{\"@type\":\"PropertyValueSpecification\",\"valueRequired\":true,\"valueName\":\"search_term_string\"}}],\"inLanguage\":\"en-US\"},{\"@type\":\"Organization\",\"@id\":\"https:\/\/traduzca.com\/#organization\",\"name\":\"Traduzca\",\"url\":\"https:\/\/traduzca.com\/\",\"logo\":{\"@type\":\"ImageObject\",\"inLanguage\":\"en-US\",\"@id\":\"https:\/\/traduzca.com\/#\/schema\/logo\/image\/\",\"url\":\"https:\/\/traduzca.com\/wp-content\/uploads\/2026\/02\/cropped-favicon.png\",\"contentUrl\":\"https:\/\/traduzca.com\/wp-content\/uploads\/2026\/02\/cropped-favicon.png\",\"width\":97,\"height\":94,\"caption\":\"Traduzca\"},\"image\":{\"@id\":\"https:\/\/traduzca.com\/#\/schema\/logo\/image\/\"},\"sameAs\":[\"https:\/\/www.facebook.com\/traduzca\"]},{\"@type\":\"Person\",\"@id\":\"https:\/\/traduzca.com\/#\/schema\/person\/b4689f634b68236dfb176043283b2ae8\",\"name\":\"traduzca_admin\",\"image\":{\"@type\":\"ImageObject\",\"inLanguage\":\"en-US\",\"@id\":\"https:\/\/traduzca.com\/#\/schema\/person\/image\/\",\"url\":\"https:\/\/secure.gravatar.com\/avatar\/3e977bbac939cc66d785e2b0963953e99cf6fed540960c0ef0a9e984e569dd2f?s=96&d=mm&r=g\",\"contentUrl\":\"https:\/\/secure.gravatar.com\/avatar\/3e977bbac939cc66d785e2b0963953e99cf6fed540960c0ef0a9e984e569dd2f?s=96&d=mm&r=g\",\"caption\":\"traduzca_admin\"},\"sameAs\":[\"https:\/\/traduzca.com\"],\"url\":\"https:\/\/traduzca.com\/en\/author\/traduzca_admin\/\"}]}<\/script>\n<!-- \/ Yoast SEO plugin. -->","yoast_head_json":{"title":"Hoje \u00e9 o dia para lembrar de todos os idiomas do mundo - Traduzca","robots":{"index":"index","follow":"follow","max-snippet":"max-snippet:-1","max-image-preview":"max-image-preview:large","max-video-preview":"max-video-preview:-1"},"canonical":"https:\/\/traduzca.com\/en\/hoje-e-o-dia-para-lembrar-de-todos-os-idiomas-do-mundo\/","og_locale":"en_US","og_type":"article","og_title":"Hoje \u00e9 o dia para lembrar de todos os idiomas do mundo - Traduzca","og_description":"O idioma de um pa\u00eds \u00e9 muito mais que apenas o meio de comunica\u00e7\u00e3o de seu povo. A hist\u00f3ria, a cultura, as cren\u00e7as e a identidade nacional s\u00e3o elementos intimamente ligados ao idioma falado pela popula\u00e7\u00e3o, passados de gera\u00e7\u00e3o em gera\u00e7\u00e3o. Seja em portugu\u00eas, ingl\u00eas, espanhol ou italiano, hoje \u00e9 o Dia Internacional da L\u00edngua Materna, data criada pela Unesco, organiza\u00e7\u00e3o das Na\u00e7\u00f5es Unidas para a educa\u00e7\u00e3o, ci\u00eancia e cultura, para reafirmar o compromisso da institui\u00e7\u00e3o com a defesa e a promo\u00e7\u00e3o dos idiomas.","og_url":"https:\/\/traduzca.com\/en\/hoje-e-o-dia-para-lembrar-de-todos-os-idiomas-do-mundo\/","og_site_name":"Traduzca","article_publisher":"https:\/\/www.facebook.com\/traduzca","article_published_time":"2018-02-21T15:01:17+00:00","article_modified_time":"2026-02-13T18:19:35+00:00","author":"traduzca_admin","twitter_card":"summary_large_image","twitter_misc":{"Written by":"traduzca_admin","Est. reading time":"2 minutes"},"schema":{"@context":"https:\/\/schema.org","@graph":[{"@type":"Article","@id":"https:\/\/traduzca.com\/hoje-e-o-dia-para-lembrar-de-todos-os-idiomas-do-mundo\/#article","isPartOf":{"@id":"https:\/\/traduzca.com\/hoje-e-o-dia-para-lembrar-de-todos-os-idiomas-do-mundo\/"},"author":{"name":"traduzca_admin","@id":"https:\/\/traduzca.com\/#\/schema\/person\/b4689f634b68236dfb176043283b2ae8"},"headline":"Hoje \u00e9 o dia para lembrar de todos os idiomas do mundo","datePublished":"2018-02-21T15:01:17+00:00","dateModified":"2026-02-13T18:19:35+00:00","mainEntityOfPage":{"@id":"https:\/\/traduzca.com\/hoje-e-o-dia-para-lembrar-de-todos-os-idiomas-do-mundo\/"},"wordCount":336,"publisher":{"@id":"https:\/\/traduzca.com\/#organization"},"image":{"@id":"https:\/\/traduzca.com\/hoje-e-o-dia-para-lembrar-de-todos-os-idiomas-do-mundo\/#primaryimage"},"thumbnailUrl":"https:\/\/www.traduzca.com\/wp-content\/\/uploads\/2018\/02\/idioma-idiomas-dia-internacional-da-lingua-materna-traduzca-traducao.jpg","keywords":["Blog"],"articleSection":["Blog"],"inLanguage":"en-US"},{"@type":"WebPage","@id":"https:\/\/traduzca.com\/hoje-e-o-dia-para-lembrar-de-todos-os-idiomas-do-mundo\/","url":"https:\/\/traduzca.com\/hoje-e-o-dia-para-lembrar-de-todos-os-idiomas-do-mundo\/","name":"Hoje \u00e9 o dia para lembrar de todos os idiomas do mundo - Traduzca","isPartOf":{"@id":"https:\/\/traduzca.com\/#website"},"primaryImageOfPage":{"@id":"https:\/\/traduzca.com\/hoje-e-o-dia-para-lembrar-de-todos-os-idiomas-do-mundo\/#primaryimage"},"image":{"@id":"https:\/\/traduzca.com\/hoje-e-o-dia-para-lembrar-de-todos-os-idiomas-do-mundo\/#primaryimage"},"thumbnailUrl":"https:\/\/www.traduzca.com\/wp-content\/\/uploads\/2018\/02\/idioma-idiomas-dia-internacional-da-lingua-materna-traduzca-traducao.jpg","datePublished":"2018-02-21T15:01:17+00:00","dateModified":"2026-02-13T18:19:35+00:00","breadcrumb":{"@id":"https:\/\/traduzca.com\/hoje-e-o-dia-para-lembrar-de-todos-os-idiomas-do-mundo\/#breadcrumb"},"inLanguage":"en-US","potentialAction":[{"@type":"ReadAction","target":["https:\/\/traduzca.com\/hoje-e-o-dia-para-lembrar-de-todos-os-idiomas-do-mundo\/"]}]},{"@type":"ImageObject","inLanguage":"en-US","@id":"https:\/\/traduzca.com\/hoje-e-o-dia-para-lembrar-de-todos-os-idiomas-do-mundo\/#primaryimage","url":"https:\/\/www.traduzca.com\/wp-content\/\/uploads\/2018\/02\/idioma-idiomas-dia-internacional-da-lingua-materna-traduzca-traducao.jpg","contentUrl":"https:\/\/www.traduzca.com\/wp-content\/\/uploads\/2018\/02\/idioma-idiomas-dia-internacional-da-lingua-materna-traduzca-traducao.jpg"},{"@type":"BreadcrumbList","@id":"https:\/\/traduzca.com\/hoje-e-o-dia-para-lembrar-de-todos-os-idiomas-do-mundo\/#breadcrumb","itemListElement":[{"@type":"ListItem","position":1,"name":"Home","item":"https:\/\/traduzca.com\/"},{"@type":"ListItem","position":2,"name":"Hoje \u00e9 o dia para lembrar de todos os idiomas do mundo"}]},{"@type":"WebSite","@id":"https:\/\/traduzca.com\/#website","url":"https:\/\/traduzca.com\/","name":"Traduzca","description":"Traduzca connects you with native translators with technical expertise. Quality, confidentiality, and on-time delivery to break down the barriers of your business.","publisher":{"@id":"https:\/\/traduzca.com\/#organization"},"potentialAction":[{"@type":"SearchAction","target":{"@type":"EntryPoint","urlTemplate":"https:\/\/traduzca.com\/?s={search_term_string}"},"query-input":{"@type":"PropertyValueSpecification","valueRequired":true,"valueName":"search_term_string"}}],"inLanguage":"en-US"},{"@type":"Organization","@id":"https:\/\/traduzca.com\/#organization","name":"Traduzca","url":"https:\/\/traduzca.com\/","logo":{"@type":"ImageObject","inLanguage":"en-US","@id":"https:\/\/traduzca.com\/#\/schema\/logo\/image\/","url":"https:\/\/traduzca.com\/wp-content\/uploads\/2026\/02\/cropped-favicon.png","contentUrl":"https:\/\/traduzca.com\/wp-content\/uploads\/2026\/02\/cropped-favicon.png","width":97,"height":94,"caption":"Traduzca"},"image":{"@id":"https:\/\/traduzca.com\/#\/schema\/logo\/image\/"},"sameAs":["https:\/\/www.facebook.com\/traduzca"]},{"@type":"Person","@id":"https:\/\/traduzca.com\/#\/schema\/person\/b4689f634b68236dfb176043283b2ae8","name":"traduzca_admin","image":{"@type":"ImageObject","inLanguage":"en-US","@id":"https:\/\/traduzca.com\/#\/schema\/person\/image\/","url":"https:\/\/secure.gravatar.com\/avatar\/3e977bbac939cc66d785e2b0963953e99cf6fed540960c0ef0a9e984e569dd2f?s=96&d=mm&r=g","contentUrl":"https:\/\/secure.gravatar.com\/avatar\/3e977bbac939cc66d785e2b0963953e99cf6fed540960c0ef0a9e984e569dd2f?s=96&d=mm&r=g","caption":"traduzca_admin"},"sameAs":["https:\/\/traduzca.com"],"url":"https:\/\/traduzca.com\/en\/author\/traduzca_admin\/"}]}},"_links":{"self":[{"href":"https:\/\/traduzca.com\/en\/wp-json\/wp\/v2\/posts\/2731","targetHints":{"allow":["GET"]}}],"collection":[{"href":"https:\/\/traduzca.com\/en\/wp-json\/wp\/v2\/posts"}],"about":[{"href":"https:\/\/traduzca.com\/en\/wp-json\/wp\/v2\/types\/post"}],"author":[{"embeddable":true,"href":"https:\/\/traduzca.com\/en\/wp-json\/wp\/v2\/users\/1"}],"replies":[{"embeddable":true,"href":"https:\/\/traduzca.com\/en\/wp-json\/wp\/v2\/comments?post=2731"}],"version-history":[{"count":1,"href":"https:\/\/traduzca.com\/en\/wp-json\/wp\/v2\/posts\/2731\/revisions"}],"predecessor-version":[{"id":2732,"href":"https:\/\/traduzca.com\/en\/wp-json\/wp\/v2\/posts\/2731\/revisions\/2732"}],"wp:attachment":[{"href":"https:\/\/traduzca.com\/en\/wp-json\/wp\/v2\/media?parent=2731"}],"wp:term":[{"taxonomy":"category","embeddable":true,"href":"https:\/\/traduzca.com\/en\/wp-json\/wp\/v2\/categories?post=2731"},{"taxonomy":"post_tag","embeddable":true,"href":"https:\/\/traduzca.com\/en\/wp-json\/wp\/v2\/tags?post=2731"}],"curies":[{"name":"wp","href":"https:\/\/api.w.org\/{rel}","templated":true}]}}