{"id":3106,"date":"2021-05-05T15:22:00","date_gmt":"2021-05-05T15:22:00","guid":{"rendered":"https:\/\/traduzca.com\/?p=3106"},"modified":"2026-02-13T18:41:23","modified_gmt":"2026-02-13T18:41:23","slug":"museu-da-lingua-portuguesa-celebra-o-dia-mundial-do-idioma-portugues","status":"publish","type":"post","link":"https:\/\/traduzca.com\/en\/museu-da-lingua-portuguesa-celebra-o-dia-mundial-do-idioma-portugues\/","title":{"rendered":"Museu da L\u00edngua Portuguesa celebra o dia mundial do idioma portugu\u00eas"},"content":{"rendered":"<p>Desde 2009 a Comunidade dos Pa\u00edses de L\u00edngua Portuguesa celebra o Dia Mundial da L\u00edngua Portuguesa. Dez anos ap\u00f3s a primeira comemora\u00e7\u00e3o, em 2019, a Confer\u00eancia Geral da UNESCO decidiu proclamar o dia 5 de maio de cada ano como &#8220;Dia Mundial da L\u00edngua Portuguesa&#8221;. O portugu\u00eas \u00e9 um dos principais idiomas de comunica\u00e7\u00e3o internacional, com forte extens\u00e3o geogr\u00e1fica, destinada a aumentar. Nosso idioma \u00e9 mais falado no hemisf\u00e9rio sul, e mais de 265 milh\u00f5es de pessoas t\u00eam o portugu\u00eas como primeiro idioma.<\/p>\n<\/p>\n<figure class=\"wp-block-image size-large\"><img decoding=\"async\" src=\"https:\/\/www.traduzca.com\/wp-content\/uploads\/2021\/05\/museu-lingua-portuguesa-1024x838.jpg\" alt=\"\" class=\"wp-image-59533\"\/><\/figure>\n<p>Para comemorar a data, o Museu da L\u00edngua Portuguesa, em S\u00e3o Paulo, preparou uma programa\u00e7\u00e3o especial ao longo de toda esta semana, com lives e exibi\u00e7\u00e3o de v\u00eddeos, tudo online e gratuito. Entre as atividades previstas est\u00e3o um encontro virtual ao vivo com os escritores Mia Couto (Mo\u00e7ambique), Jos\u00e9 Eduardo Agualusa (Angola) e In\u00eas Pedrosa (Portugal), al\u00e9m de uma aula do m\u00fasico e ensa\u00edsta Jos\u00e9 Miguel Wisnik, e de uma performance do m\u00fasico Tom Z\u00e9.&nbsp;<\/p>\n<p>Os eventos online do Museu da L\u00edngua Portuguesa podem ser acessados pela <a href=\"https:\/\/www.facebook.com\/MuseuDaLinguaPortuguesa\/\" target=\"_blank\" rel=\"noreferrer noopener\">p\u00e1gina do museu no Facebook<\/a>, e tamb\u00e9m no <a href=\"https:\/\/www.youtube.com\/channel\/UCDyct6F210UrUWptJ22DkNw\" target=\"_blank\" rel=\"noreferrer noopener\">canal oficial do museu no YouTube<\/a>. A programa\u00e7\u00e3o completa dos eventos, voc\u00ea encontra no <a href=\"https:\/\/www.museudalinguaportuguesa.org.br\/programacao-online-e-visita-especial-na-semana-da-lingua-portuguesa\/\" target=\"_blank\" rel=\"noreferrer noopener\">site oficial do Museu da L\u00edngua Portuguesa<\/a>.<\/p>\n<p><strong>O Museu da L\u00edngua Portuguesa<\/strong><\/p>\n<p>Inaugurado no pr\u00e9dio da Esta\u00e7\u00e3o da Luz, em S\u00e3o Paulo, em 2006, o Museu da L\u00edngua Portuguesa \u00e9 um espa\u00e7o destinado \u00e0 valoriza\u00e7\u00e3o e ao estudo do nosso idioma. Com salas interativas, o museu tem como objetivo atrair pessoas que tenham interesse sobre as origens, a hist\u00f3ria e a evolu\u00e7\u00e3o cont\u00ednua do nosso idioma.<\/p>\n<p>No final de 2015, o local foi atingido por um inc\u00eandio de grandes propor\u00e7\u00f5es, mas que n\u00e3o comprometeu o acervo. Restaurado, o Museu da L\u00edngua Portuguesa ainda n\u00e3o tem data para reabertura oficial, mas a exposi\u00e7\u00e3o tempor\u00e1ria &#8220;L\u00edngua Solta&#8221; receber\u00e1 visitantes presencialmente, em grupo de at\u00e9 10 pessoas, para marcar o Dia Mundial da L\u00edngua Portuguesa, neste 5 de maio.<\/p>","protected":false},"excerpt":{"rendered":"<p>Desde 2009 a Comunidade dos Pa\u00edses de L\u00edngua Portuguesa celebra o Dia Mundial da L\u00edngua Portuguesa. Dez anos ap\u00f3s a primeira comemora\u00e7\u00e3o, em 2019, a Confer\u00eancia Geral da UNESCO decidiu proclamar o di&#8230;<\/p>","protected":false},"author":1,"featured_media":0,"comment_status":"closed","ping_status":"closed","sticky":false,"template":"","format":"standard","meta":{"_acf_changed":false,"footnotes":""},"categories":[34,33],"tags":[35,9],"class_list":["post-3106","post","type-post","status-publish","format-standard","hentry","category-blog","category-noticias","tag-blog","tag-noticias"],"acf":[],"yoast_head":"<!-- This site is optimized with the Yoast SEO plugin v26.9 - https:\/\/yoast.com\/product\/yoast-seo-wordpress\/ -->\n<title>Museu da L\u00edngua Portuguesa celebra o dia mundial do idioma portugu\u00eas - Traduzca<\/title>\n<meta name=\"robots\" content=\"index, follow, max-snippet:-1, max-image-preview:large, max-video-preview:-1\" \/>\n<link rel=\"canonical\" href=\"https:\/\/traduzca.com\/en\/museu-da-lingua-portuguesa-celebra-o-dia-mundial-do-idioma-portugues\/\" \/>\n<meta property=\"og:locale\" content=\"en_US\" \/>\n<meta property=\"og:type\" content=\"article\" \/>\n<meta property=\"og:title\" content=\"Museu da L\u00edngua Portuguesa celebra o dia mundial do idioma portugu\u00eas - Traduzca\" \/>\n<meta property=\"og:description\" content=\"Desde 2009 a Comunidade dos Pa\u00edses de L\u00edngua Portuguesa celebra o Dia Mundial da L\u00edngua Portuguesa. Dez anos ap\u00f3s a primeira comemora\u00e7\u00e3o, em 2019, a Confer\u00eancia Geral da UNESCO decidiu proclamar o di...\" \/>\n<meta property=\"og:url\" content=\"https:\/\/traduzca.com\/en\/museu-da-lingua-portuguesa-celebra-o-dia-mundial-do-idioma-portugues\/\" \/>\n<meta property=\"og:site_name\" content=\"Traduzca\" \/>\n<meta property=\"article:publisher\" content=\"https:\/\/www.facebook.com\/traduzca\" \/>\n<meta property=\"article:published_time\" content=\"2021-05-05T15:22:00+00:00\" \/>\n<meta property=\"article:modified_time\" content=\"2026-02-13T18:41:23+00:00\" \/>\n<meta name=\"author\" content=\"traduzca_admin\" \/>\n<meta name=\"twitter:card\" content=\"summary_large_image\" \/>\n<meta name=\"twitter:label1\" content=\"Written by\" \/>\n\t<meta name=\"twitter:data1\" content=\"traduzca_admin\" \/>\n\t<meta name=\"twitter:label2\" content=\"Est. reading time\" \/>\n\t<meta name=\"twitter:data2\" content=\"2 minutes\" \/>\n<script type=\"application\/ld+json\" class=\"yoast-schema-graph\">{\"@context\":\"https:\/\/schema.org\",\"@graph\":[{\"@type\":\"Article\",\"@id\":\"https:\/\/traduzca.com\/museu-da-lingua-portuguesa-celebra-o-dia-mundial-do-idioma-portugues\/#article\",\"isPartOf\":{\"@id\":\"https:\/\/traduzca.com\/museu-da-lingua-portuguesa-celebra-o-dia-mundial-do-idioma-portugues\/\"},\"author\":{\"name\":\"traduzca_admin\",\"@id\":\"https:\/\/traduzca.com\/#\/schema\/person\/b4689f634b68236dfb176043283b2ae8\"},\"headline\":\"Museu da L\u00edngua Portuguesa celebra o dia mundial do idioma portugu\u00eas\",\"datePublished\":\"2021-05-05T15:22:00+00:00\",\"dateModified\":\"2026-02-13T18:41:23+00:00\",\"mainEntityOfPage\":{\"@id\":\"https:\/\/traduzca.com\/museu-da-lingua-portuguesa-celebra-o-dia-mundial-do-idioma-portugues\/\"},\"wordCount\":371,\"publisher\":{\"@id\":\"https:\/\/traduzca.com\/#organization\"},\"image\":{\"@id\":\"https:\/\/traduzca.com\/museu-da-lingua-portuguesa-celebra-o-dia-mundial-do-idioma-portugues\/#primaryimage\"},\"thumbnailUrl\":\"https:\/\/www.traduzca.com\/wp-content\/uploads\/2021\/05\/museu-lingua-portuguesa-1024x838.jpg\",\"keywords\":[\"Blog\",\"NOT\u00cdCIAS\"],\"articleSection\":[\"Blog\",\"Not\u00edcias\"],\"inLanguage\":\"en-US\"},{\"@type\":\"WebPage\",\"@id\":\"https:\/\/traduzca.com\/museu-da-lingua-portuguesa-celebra-o-dia-mundial-do-idioma-portugues\/\",\"url\":\"https:\/\/traduzca.com\/museu-da-lingua-portuguesa-celebra-o-dia-mundial-do-idioma-portugues\/\",\"name\":\"Museu da L\u00edngua Portuguesa celebra o dia mundial do idioma portugu\u00eas - Traduzca\",\"isPartOf\":{\"@id\":\"https:\/\/traduzca.com\/#website\"},\"primaryImageOfPage\":{\"@id\":\"https:\/\/traduzca.com\/museu-da-lingua-portuguesa-celebra-o-dia-mundial-do-idioma-portugues\/#primaryimage\"},\"image\":{\"@id\":\"https:\/\/traduzca.com\/museu-da-lingua-portuguesa-celebra-o-dia-mundial-do-idioma-portugues\/#primaryimage\"},\"thumbnailUrl\":\"https:\/\/www.traduzca.com\/wp-content\/uploads\/2021\/05\/museu-lingua-portuguesa-1024x838.jpg\",\"datePublished\":\"2021-05-05T15:22:00+00:00\",\"dateModified\":\"2026-02-13T18:41:23+00:00\",\"breadcrumb\":{\"@id\":\"https:\/\/traduzca.com\/museu-da-lingua-portuguesa-celebra-o-dia-mundial-do-idioma-portugues\/#breadcrumb\"},\"inLanguage\":\"en-US\",\"potentialAction\":[{\"@type\":\"ReadAction\",\"target\":[\"https:\/\/traduzca.com\/museu-da-lingua-portuguesa-celebra-o-dia-mundial-do-idioma-portugues\/\"]}]},{\"@type\":\"ImageObject\",\"inLanguage\":\"en-US\",\"@id\":\"https:\/\/traduzca.com\/museu-da-lingua-portuguesa-celebra-o-dia-mundial-do-idioma-portugues\/#primaryimage\",\"url\":\"https:\/\/www.traduzca.com\/wp-content\/uploads\/2021\/05\/museu-lingua-portuguesa-1024x838.jpg\",\"contentUrl\":\"https:\/\/www.traduzca.com\/wp-content\/uploads\/2021\/05\/museu-lingua-portuguesa-1024x838.jpg\"},{\"@type\":\"BreadcrumbList\",\"@id\":\"https:\/\/traduzca.com\/museu-da-lingua-portuguesa-celebra-o-dia-mundial-do-idioma-portugues\/#breadcrumb\",\"itemListElement\":[{\"@type\":\"ListItem\",\"position\":1,\"name\":\"Home\",\"item\":\"https:\/\/traduzca.com\/\"},{\"@type\":\"ListItem\",\"position\":2,\"name\":\"Museu da L\u00edngua Portuguesa celebra o dia mundial do idioma portugu\u00eas\"}]},{\"@type\":\"WebSite\",\"@id\":\"https:\/\/traduzca.com\/#website\",\"url\":\"https:\/\/traduzca.com\/\",\"name\":\"Traduzca\",\"description\":\"A Traduzca conecta voc\u00ea a tradutores nativos com expertise t\u00e9cnica. Qualidade, sigilo e pontualidade para romper as barreiras do seu neg\u00f3cio.\",\"publisher\":{\"@id\":\"https:\/\/traduzca.com\/#organization\"},\"potentialAction\":[{\"@type\":\"SearchAction\",\"target\":{\"@type\":\"EntryPoint\",\"urlTemplate\":\"https:\/\/traduzca.com\/?s={search_term_string}\"},\"query-input\":{\"@type\":\"PropertyValueSpecification\",\"valueRequired\":true,\"valueName\":\"search_term_string\"}}],\"inLanguage\":\"en-US\"},{\"@type\":\"Organization\",\"@id\":\"https:\/\/traduzca.com\/#organization\",\"name\":\"Traduzca\",\"url\":\"https:\/\/traduzca.com\/\",\"logo\":{\"@type\":\"ImageObject\",\"inLanguage\":\"en-US\",\"@id\":\"https:\/\/traduzca.com\/#\/schema\/logo\/image\/\",\"url\":\"https:\/\/traduzca.com\/wp-content\/uploads\/2026\/02\/cropped-favicon.png\",\"contentUrl\":\"https:\/\/traduzca.com\/wp-content\/uploads\/2026\/02\/cropped-favicon.png\",\"width\":97,\"height\":94,\"caption\":\"Traduzca\"},\"image\":{\"@id\":\"https:\/\/traduzca.com\/#\/schema\/logo\/image\/\"},\"sameAs\":[\"https:\/\/www.facebook.com\/traduzca\"]},{\"@type\":\"Person\",\"@id\":\"https:\/\/traduzca.com\/#\/schema\/person\/b4689f634b68236dfb176043283b2ae8\",\"name\":\"traduzca_admin\",\"image\":{\"@type\":\"ImageObject\",\"inLanguage\":\"en-US\",\"@id\":\"https:\/\/traduzca.com\/#\/schema\/person\/image\/\",\"url\":\"https:\/\/secure.gravatar.com\/avatar\/3e977bbac939cc66d785e2b0963953e99cf6fed540960c0ef0a9e984e569dd2f?s=96&d=mm&r=g\",\"contentUrl\":\"https:\/\/secure.gravatar.com\/avatar\/3e977bbac939cc66d785e2b0963953e99cf6fed540960c0ef0a9e984e569dd2f?s=96&d=mm&r=g\",\"caption\":\"traduzca_admin\"},\"sameAs\":[\"https:\/\/traduzca.com\"],\"url\":\"https:\/\/traduzca.com\/en\/author\/traduzca_admin\/\"}]}<\/script>\n<!-- \/ Yoast SEO plugin. -->","yoast_head_json":{"title":"Museu da L\u00edngua Portuguesa celebra o dia mundial do idioma portugu\u00eas - Traduzca","robots":{"index":"index","follow":"follow","max-snippet":"max-snippet:-1","max-image-preview":"max-image-preview:large","max-video-preview":"max-video-preview:-1"},"canonical":"https:\/\/traduzca.com\/en\/museu-da-lingua-portuguesa-celebra-o-dia-mundial-do-idioma-portugues\/","og_locale":"en_US","og_type":"article","og_title":"Museu da L\u00edngua Portuguesa celebra o dia mundial do idioma portugu\u00eas - Traduzca","og_description":"Desde 2009 a Comunidade dos Pa\u00edses de L\u00edngua Portuguesa celebra o Dia Mundial da L\u00edngua Portuguesa. Dez anos ap\u00f3s a primeira comemora\u00e7\u00e3o, em 2019, a Confer\u00eancia Geral da UNESCO decidiu proclamar o di...","og_url":"https:\/\/traduzca.com\/en\/museu-da-lingua-portuguesa-celebra-o-dia-mundial-do-idioma-portugues\/","og_site_name":"Traduzca","article_publisher":"https:\/\/www.facebook.com\/traduzca","article_published_time":"2021-05-05T15:22:00+00:00","article_modified_time":"2026-02-13T18:41:23+00:00","author":"traduzca_admin","twitter_card":"summary_large_image","twitter_misc":{"Written by":"traduzca_admin","Est. reading time":"2 minutes"},"schema":{"@context":"https:\/\/schema.org","@graph":[{"@type":"Article","@id":"https:\/\/traduzca.com\/museu-da-lingua-portuguesa-celebra-o-dia-mundial-do-idioma-portugues\/#article","isPartOf":{"@id":"https:\/\/traduzca.com\/museu-da-lingua-portuguesa-celebra-o-dia-mundial-do-idioma-portugues\/"},"author":{"name":"traduzca_admin","@id":"https:\/\/traduzca.com\/#\/schema\/person\/b4689f634b68236dfb176043283b2ae8"},"headline":"Museu da L\u00edngua Portuguesa celebra o dia mundial do idioma portugu\u00eas","datePublished":"2021-05-05T15:22:00+00:00","dateModified":"2026-02-13T18:41:23+00:00","mainEntityOfPage":{"@id":"https:\/\/traduzca.com\/museu-da-lingua-portuguesa-celebra-o-dia-mundial-do-idioma-portugues\/"},"wordCount":371,"publisher":{"@id":"https:\/\/traduzca.com\/#organization"},"image":{"@id":"https:\/\/traduzca.com\/museu-da-lingua-portuguesa-celebra-o-dia-mundial-do-idioma-portugues\/#primaryimage"},"thumbnailUrl":"https:\/\/www.traduzca.com\/wp-content\/uploads\/2021\/05\/museu-lingua-portuguesa-1024x838.jpg","keywords":["Blog","NOT\u00cdCIAS"],"articleSection":["Blog","Not\u00edcias"],"inLanguage":"en-US"},{"@type":"WebPage","@id":"https:\/\/traduzca.com\/museu-da-lingua-portuguesa-celebra-o-dia-mundial-do-idioma-portugues\/","url":"https:\/\/traduzca.com\/museu-da-lingua-portuguesa-celebra-o-dia-mundial-do-idioma-portugues\/","name":"Museu da L\u00edngua Portuguesa celebra o dia mundial do idioma portugu\u00eas - Traduzca","isPartOf":{"@id":"https:\/\/traduzca.com\/#website"},"primaryImageOfPage":{"@id":"https:\/\/traduzca.com\/museu-da-lingua-portuguesa-celebra-o-dia-mundial-do-idioma-portugues\/#primaryimage"},"image":{"@id":"https:\/\/traduzca.com\/museu-da-lingua-portuguesa-celebra-o-dia-mundial-do-idioma-portugues\/#primaryimage"},"thumbnailUrl":"https:\/\/www.traduzca.com\/wp-content\/uploads\/2021\/05\/museu-lingua-portuguesa-1024x838.jpg","datePublished":"2021-05-05T15:22:00+00:00","dateModified":"2026-02-13T18:41:23+00:00","breadcrumb":{"@id":"https:\/\/traduzca.com\/museu-da-lingua-portuguesa-celebra-o-dia-mundial-do-idioma-portugues\/#breadcrumb"},"inLanguage":"en-US","potentialAction":[{"@type":"ReadAction","target":["https:\/\/traduzca.com\/museu-da-lingua-portuguesa-celebra-o-dia-mundial-do-idioma-portugues\/"]}]},{"@type":"ImageObject","inLanguage":"en-US","@id":"https:\/\/traduzca.com\/museu-da-lingua-portuguesa-celebra-o-dia-mundial-do-idioma-portugues\/#primaryimage","url":"https:\/\/www.traduzca.com\/wp-content\/uploads\/2021\/05\/museu-lingua-portuguesa-1024x838.jpg","contentUrl":"https:\/\/www.traduzca.com\/wp-content\/uploads\/2021\/05\/museu-lingua-portuguesa-1024x838.jpg"},{"@type":"BreadcrumbList","@id":"https:\/\/traduzca.com\/museu-da-lingua-portuguesa-celebra-o-dia-mundial-do-idioma-portugues\/#breadcrumb","itemListElement":[{"@type":"ListItem","position":1,"name":"Home","item":"https:\/\/traduzca.com\/"},{"@type":"ListItem","position":2,"name":"Museu da L\u00edngua Portuguesa celebra o dia mundial do idioma portugu\u00eas"}]},{"@type":"WebSite","@id":"https:\/\/traduzca.com\/#website","url":"https:\/\/traduzca.com\/","name":"Traduzca","description":"Traduzca connects you with native translators with technical expertise. Quality, confidentiality, and on-time delivery to break down the barriers of your business.","publisher":{"@id":"https:\/\/traduzca.com\/#organization"},"potentialAction":[{"@type":"SearchAction","target":{"@type":"EntryPoint","urlTemplate":"https:\/\/traduzca.com\/?s={search_term_string}"},"query-input":{"@type":"PropertyValueSpecification","valueRequired":true,"valueName":"search_term_string"}}],"inLanguage":"en-US"},{"@type":"Organization","@id":"https:\/\/traduzca.com\/#organization","name":"Traduzca","url":"https:\/\/traduzca.com\/","logo":{"@type":"ImageObject","inLanguage":"en-US","@id":"https:\/\/traduzca.com\/#\/schema\/logo\/image\/","url":"https:\/\/traduzca.com\/wp-content\/uploads\/2026\/02\/cropped-favicon.png","contentUrl":"https:\/\/traduzca.com\/wp-content\/uploads\/2026\/02\/cropped-favicon.png","width":97,"height":94,"caption":"Traduzca"},"image":{"@id":"https:\/\/traduzca.com\/#\/schema\/logo\/image\/"},"sameAs":["https:\/\/www.facebook.com\/traduzca"]},{"@type":"Person","@id":"https:\/\/traduzca.com\/#\/schema\/person\/b4689f634b68236dfb176043283b2ae8","name":"traduzca_admin","image":{"@type":"ImageObject","inLanguage":"en-US","@id":"https:\/\/traduzca.com\/#\/schema\/person\/image\/","url":"https:\/\/secure.gravatar.com\/avatar\/3e977bbac939cc66d785e2b0963953e99cf6fed540960c0ef0a9e984e569dd2f?s=96&d=mm&r=g","contentUrl":"https:\/\/secure.gravatar.com\/avatar\/3e977bbac939cc66d785e2b0963953e99cf6fed540960c0ef0a9e984e569dd2f?s=96&d=mm&r=g","caption":"traduzca_admin"},"sameAs":["https:\/\/traduzca.com"],"url":"https:\/\/traduzca.com\/en\/author\/traduzca_admin\/"}]}},"_links":{"self":[{"href":"https:\/\/traduzca.com\/en\/wp-json\/wp\/v2\/posts\/3106","targetHints":{"allow":["GET"]}}],"collection":[{"href":"https:\/\/traduzca.com\/en\/wp-json\/wp\/v2\/posts"}],"about":[{"href":"https:\/\/traduzca.com\/en\/wp-json\/wp\/v2\/types\/post"}],"author":[{"embeddable":true,"href":"https:\/\/traduzca.com\/en\/wp-json\/wp\/v2\/users\/1"}],"replies":[{"embeddable":true,"href":"https:\/\/traduzca.com\/en\/wp-json\/wp\/v2\/comments?post=3106"}],"version-history":[{"count":2,"href":"https:\/\/traduzca.com\/en\/wp-json\/wp\/v2\/posts\/3106\/revisions"}],"predecessor-version":[{"id":3108,"href":"https:\/\/traduzca.com\/en\/wp-json\/wp\/v2\/posts\/3106\/revisions\/3108"}],"wp:attachment":[{"href":"https:\/\/traduzca.com\/en\/wp-json\/wp\/v2\/media?parent=3106"}],"wp:term":[{"taxonomy":"category","embeddable":true,"href":"https:\/\/traduzca.com\/en\/wp-json\/wp\/v2\/categories?post=3106"},{"taxonomy":"post_tag","embeddable":true,"href":"https:\/\/traduzca.com\/en\/wp-json\/wp\/v2\/tags?post=3106"}],"curies":[{"name":"wp","href":"https:\/\/api.w.org\/{rel}","templated":true}]}}