{"id":3253,"date":"2021-09-06T16:56:27","date_gmt":"2021-09-06T16:56:27","guid":{"rendered":"https:\/\/traduzca.com\/?p=3253"},"modified":"2026-02-13T18:48:28","modified_gmt":"2026-02-13T18:48:28","slug":"reabertura-das-fronteiras-de-portugal-a-brasileiros-pode-gerar-onda-de-migracao","status":"publish","type":"post","link":"https:\/\/traduzca.com\/en\/reabertura-das-fronteiras-de-portugal-a-brasileiros-pode-gerar-onda-de-migracao\/","title":{"rendered":"Reabertura das fronteiras de Portugal a brasileiros pode gerar onda de migra\u00e7\u00e3o"},"content":{"rendered":"<p>O governo de Portugal anunciou na \u00faltima semana uma not\u00edcia esperada por muitos: a reabertura das fronteiras para turistas brasileiros. A medida pode gerar uma nova onda de migra\u00e7\u00e3o ao pa\u00eds europeu, conforme previs\u00e3o da&nbsp;<a href=\"https:\/\/casadobrasildelisboa.pt\/\" target=\"_blank\" rel=\"noreferrer noopener\">Casa do Brasil em Lisboa<\/a>, ONG que presta servi\u00e7o gratuito de aux\u00edlio a imigrantes.&nbsp;<\/p>\n<p>Pa\u00edses&nbsp;unidos&nbsp;pela l\u00edngua portuguesa,&nbsp;<a href=\"https:\/\/consuladoportugalsp.org.br\/dados-sobre-portugal\/tratados-e-acordos-entre-portugal-e-brasil\/\" target=\"_blank\" rel=\"noreferrer noopener\">Brasil e Portugal t\u00eam acordos de coopera\u00e7\u00e3o<\/a>&nbsp;que facilitam a migra\u00e7\u00e3o. N\u00e3o \u00e9 por menos que a comunidade brasileira seja a maior no pa\u00eds lusitano. Conforme&nbsp;<a href=\"https:\/\/sefstat.sef.pt\/Docs\/Rifa2020.pdf\" target=\"_blank\" rel=\"noreferrer noopener\">dados do Servi\u00e7o de Estrangeiros e Fronteiras (SEF)<\/a>, 183.993 brasileiros moravam legalmente no pa\u00eds em 2020, o que representa um total de 27% de todos os estrangeiros locais.<\/p>\n<p>Tamb\u00e9m h\u00e1 casos&nbsp;de&nbsp;brasileiros&nbsp;veem&nbsp;Portugal como uma porta de entrada&nbsp;para a Europa, posteriormente&nbsp;migrando&nbsp;para outros pa\u00edses do&nbsp;continente. Seja qual for o seu tipo de tr\u00e2nsito no continente europeu, voc\u00ea pode contar com nossos amplos servi\u00e7os de tradu\u00e7\u00e3o e&nbsp;<a href=\"https:\/\/traduzca.com\/en\/orcamento\/\" target=\"_blank\" rel=\"noreferrer noopener\">solicitar um or\u00e7amento online.<\/a>&nbsp;A Traduzca possui tradutores juramentados em diversos idiomas para atender \u00e0s suas demandas.&nbsp;<\/p>\n<p><strong>Regras&nbsp;<\/strong><strong>para ingresso&nbsp;<\/strong><\/p>\n<p>Desde 1\u00ba de setembro de 2021, brasileiros podem ingressar em territ\u00f3rio lusitano mediante apresenta\u00e7\u00e3o de um teste negativo para a COVID-19&nbsp;realizado&nbsp;at\u00e9 72 horas antes do embarque. Os viajantes estavam impedidos de ingressar em Portugal desde mar\u00e7o de 2020, salvo viagens&nbsp;consideradas&nbsp;essenciais. &nbsp;<\/p>\n<p>Conforme portaria publicada no Di\u00e1rio da Rep\u00fablica, n\u00e3o ser\u00e1 necess\u00e1ria&nbsp;comprova\u00e7\u00e3o do ciclo completo de vacina\u00e7\u00e3o, o que \u00e9 solicitado por outros pa\u00edses europeus,&nbsp;tampouco&nbsp;realizar quarentena de duas semanas.<\/p>","protected":false},"excerpt":{"rendered":"<p>O governo de Portugal anunciou na \u00faltima semana uma not\u00edcia esperada por muitos: a reabertura das fronteiras para turistas brasileiros. A medida pode gerar uma nova onda de migra\u00e7\u00e3o ao pa\u00eds europeu, &#8230;<\/p>","protected":false},"author":1,"featured_media":0,"comment_status":"closed","ping_status":"closed","sticky":false,"template":"","format":"standard","meta":{"_acf_changed":false,"footnotes":""},"categories":[34,33],"tags":[35,9],"class_list":["post-3253","post","type-post","status-publish","format-standard","hentry","category-blog","category-noticias","tag-blog","tag-noticias"],"acf":[],"yoast_head":"<!-- This site is optimized with the Yoast SEO plugin v26.9 - https:\/\/yoast.com\/product\/yoast-seo-wordpress\/ -->\n<title>Reabertura das fronteiras de Portugal a brasileiros pode gerar onda de migra\u00e7\u00e3o - Traduzca<\/title>\n<meta name=\"robots\" content=\"index, follow, max-snippet:-1, max-image-preview:large, max-video-preview:-1\" \/>\n<link rel=\"canonical\" href=\"https:\/\/traduzca.com\/en\/reabertura-das-fronteiras-de-portugal-a-brasileiros-pode-gerar-onda-de-migracao\/\" \/>\n<meta property=\"og:locale\" content=\"en_US\" \/>\n<meta property=\"og:type\" content=\"article\" \/>\n<meta property=\"og:title\" content=\"Reabertura das fronteiras de Portugal a brasileiros pode gerar onda de migra\u00e7\u00e3o - Traduzca\" \/>\n<meta property=\"og:description\" content=\"O governo de Portugal anunciou na \u00faltima semana uma not\u00edcia esperada por muitos: a reabertura das fronteiras para turistas brasileiros. A medida pode gerar uma nova onda de migra\u00e7\u00e3o ao pa\u00eds europeu, ...\" \/>\n<meta property=\"og:url\" content=\"https:\/\/traduzca.com\/en\/reabertura-das-fronteiras-de-portugal-a-brasileiros-pode-gerar-onda-de-migracao\/\" \/>\n<meta property=\"og:site_name\" content=\"Traduzca\" \/>\n<meta property=\"article:publisher\" content=\"https:\/\/www.facebook.com\/traduzca\" \/>\n<meta property=\"article:published_time\" content=\"2021-09-06T16:56:27+00:00\" \/>\n<meta property=\"article:modified_time\" content=\"2026-02-13T18:48:28+00:00\" \/>\n<meta name=\"author\" content=\"traduzca_admin\" \/>\n<meta name=\"twitter:card\" content=\"summary_large_image\" \/>\n<meta name=\"twitter:label1\" content=\"Written by\" \/>\n\t<meta name=\"twitter:data1\" content=\"traduzca_admin\" \/>\n\t<meta name=\"twitter:label2\" content=\"Est. reading time\" \/>\n\t<meta name=\"twitter:data2\" content=\"1 minute\" \/>\n<script type=\"application\/ld+json\" class=\"yoast-schema-graph\">{\"@context\":\"https:\/\/schema.org\",\"@graph\":[{\"@type\":\"Article\",\"@id\":\"https:\/\/traduzca.com\/reabertura-das-fronteiras-de-portugal-a-brasileiros-pode-gerar-onda-de-migracao\/#article\",\"isPartOf\":{\"@id\":\"https:\/\/traduzca.com\/reabertura-das-fronteiras-de-portugal-a-brasileiros-pode-gerar-onda-de-migracao\/\"},\"author\":{\"name\":\"traduzca_admin\",\"@id\":\"https:\/\/traduzca.com\/#\/schema\/person\/b4689f634b68236dfb176043283b2ae8\"},\"headline\":\"Reabertura das fronteiras de Portugal a brasileiros pode gerar onda de migra\u00e7\u00e3o\",\"datePublished\":\"2021-09-06T16:56:27+00:00\",\"dateModified\":\"2026-02-13T18:48:28+00:00\",\"mainEntityOfPage\":{\"@id\":\"https:\/\/traduzca.com\/reabertura-das-fronteiras-de-portugal-a-brasileiros-pode-gerar-onda-de-migracao\/\"},\"wordCount\":308,\"publisher\":{\"@id\":\"https:\/\/traduzca.com\/#organization\"},\"keywords\":[\"Blog\",\"NOT\u00cdCIAS\"],\"articleSection\":[\"Blog\",\"Not\u00edcias\"],\"inLanguage\":\"en-US\"},{\"@type\":\"WebPage\",\"@id\":\"https:\/\/traduzca.com\/reabertura-das-fronteiras-de-portugal-a-brasileiros-pode-gerar-onda-de-migracao\/\",\"url\":\"https:\/\/traduzca.com\/reabertura-das-fronteiras-de-portugal-a-brasileiros-pode-gerar-onda-de-migracao\/\",\"name\":\"Reabertura das fronteiras de Portugal a brasileiros pode gerar onda de migra\u00e7\u00e3o - Traduzca\",\"isPartOf\":{\"@id\":\"https:\/\/traduzca.com\/#website\"},\"datePublished\":\"2021-09-06T16:56:27+00:00\",\"dateModified\":\"2026-02-13T18:48:28+00:00\",\"breadcrumb\":{\"@id\":\"https:\/\/traduzca.com\/reabertura-das-fronteiras-de-portugal-a-brasileiros-pode-gerar-onda-de-migracao\/#breadcrumb\"},\"inLanguage\":\"en-US\",\"potentialAction\":[{\"@type\":\"ReadAction\",\"target\":[\"https:\/\/traduzca.com\/reabertura-das-fronteiras-de-portugal-a-brasileiros-pode-gerar-onda-de-migracao\/\"]}]},{\"@type\":\"BreadcrumbList\",\"@id\":\"https:\/\/traduzca.com\/reabertura-das-fronteiras-de-portugal-a-brasileiros-pode-gerar-onda-de-migracao\/#breadcrumb\",\"itemListElement\":[{\"@type\":\"ListItem\",\"position\":1,\"name\":\"Home\",\"item\":\"https:\/\/traduzca.com\/\"},{\"@type\":\"ListItem\",\"position\":2,\"name\":\"Reabertura das fronteiras de Portugal a brasileiros pode gerar onda de migra\u00e7\u00e3o\"}]},{\"@type\":\"WebSite\",\"@id\":\"https:\/\/traduzca.com\/#website\",\"url\":\"https:\/\/traduzca.com\/\",\"name\":\"Traduzca\",\"description\":\"A Traduzca conecta voc\u00ea a tradutores nativos com expertise t\u00e9cnica. Qualidade, sigilo e pontualidade para romper as barreiras do seu neg\u00f3cio.\",\"publisher\":{\"@id\":\"https:\/\/traduzca.com\/#organization\"},\"potentialAction\":[{\"@type\":\"SearchAction\",\"target\":{\"@type\":\"EntryPoint\",\"urlTemplate\":\"https:\/\/traduzca.com\/?s={search_term_string}\"},\"query-input\":{\"@type\":\"PropertyValueSpecification\",\"valueRequired\":true,\"valueName\":\"search_term_string\"}}],\"inLanguage\":\"en-US\"},{\"@type\":\"Organization\",\"@id\":\"https:\/\/traduzca.com\/#organization\",\"name\":\"Traduzca\",\"url\":\"https:\/\/traduzca.com\/\",\"logo\":{\"@type\":\"ImageObject\",\"inLanguage\":\"en-US\",\"@id\":\"https:\/\/traduzca.com\/#\/schema\/logo\/image\/\",\"url\":\"https:\/\/traduzca.com\/wp-content\/uploads\/2026\/02\/cropped-favicon.png\",\"contentUrl\":\"https:\/\/traduzca.com\/wp-content\/uploads\/2026\/02\/cropped-favicon.png\",\"width\":97,\"height\":94,\"caption\":\"Traduzca\"},\"image\":{\"@id\":\"https:\/\/traduzca.com\/#\/schema\/logo\/image\/\"},\"sameAs\":[\"https:\/\/www.facebook.com\/traduzca\"]},{\"@type\":\"Person\",\"@id\":\"https:\/\/traduzca.com\/#\/schema\/person\/b4689f634b68236dfb176043283b2ae8\",\"name\":\"traduzca_admin\",\"image\":{\"@type\":\"ImageObject\",\"inLanguage\":\"en-US\",\"@id\":\"https:\/\/traduzca.com\/#\/schema\/person\/image\/\",\"url\":\"https:\/\/secure.gravatar.com\/avatar\/3e977bbac939cc66d785e2b0963953e99cf6fed540960c0ef0a9e984e569dd2f?s=96&d=mm&r=g\",\"contentUrl\":\"https:\/\/secure.gravatar.com\/avatar\/3e977bbac939cc66d785e2b0963953e99cf6fed540960c0ef0a9e984e569dd2f?s=96&d=mm&r=g\",\"caption\":\"traduzca_admin\"},\"sameAs\":[\"https:\/\/traduzca.com\"],\"url\":\"https:\/\/traduzca.com\/en\/author\/traduzca_admin\/\"}]}<\/script>\n<!-- \/ Yoast SEO plugin. -->","yoast_head_json":{"title":"Reabertura das fronteiras de Portugal a brasileiros pode gerar onda de migra\u00e7\u00e3o - Traduzca","robots":{"index":"index","follow":"follow","max-snippet":"max-snippet:-1","max-image-preview":"max-image-preview:large","max-video-preview":"max-video-preview:-1"},"canonical":"https:\/\/traduzca.com\/en\/reabertura-das-fronteiras-de-portugal-a-brasileiros-pode-gerar-onda-de-migracao\/","og_locale":"en_US","og_type":"article","og_title":"Reabertura das fronteiras de Portugal a brasileiros pode gerar onda de migra\u00e7\u00e3o - Traduzca","og_description":"O governo de Portugal anunciou na \u00faltima semana uma not\u00edcia esperada por muitos: a reabertura das fronteiras para turistas brasileiros. A medida pode gerar uma nova onda de migra\u00e7\u00e3o ao pa\u00eds europeu, ...","og_url":"https:\/\/traduzca.com\/en\/reabertura-das-fronteiras-de-portugal-a-brasileiros-pode-gerar-onda-de-migracao\/","og_site_name":"Traduzca","article_publisher":"https:\/\/www.facebook.com\/traduzca","article_published_time":"2021-09-06T16:56:27+00:00","article_modified_time":"2026-02-13T18:48:28+00:00","author":"traduzca_admin","twitter_card":"summary_large_image","twitter_misc":{"Written by":"traduzca_admin","Est. reading time":"1 minute"},"schema":{"@context":"https:\/\/schema.org","@graph":[{"@type":"Article","@id":"https:\/\/traduzca.com\/reabertura-das-fronteiras-de-portugal-a-brasileiros-pode-gerar-onda-de-migracao\/#article","isPartOf":{"@id":"https:\/\/traduzca.com\/reabertura-das-fronteiras-de-portugal-a-brasileiros-pode-gerar-onda-de-migracao\/"},"author":{"name":"traduzca_admin","@id":"https:\/\/traduzca.com\/#\/schema\/person\/b4689f634b68236dfb176043283b2ae8"},"headline":"Reabertura das fronteiras de Portugal a brasileiros pode gerar onda de migra\u00e7\u00e3o","datePublished":"2021-09-06T16:56:27+00:00","dateModified":"2026-02-13T18:48:28+00:00","mainEntityOfPage":{"@id":"https:\/\/traduzca.com\/reabertura-das-fronteiras-de-portugal-a-brasileiros-pode-gerar-onda-de-migracao\/"},"wordCount":308,"publisher":{"@id":"https:\/\/traduzca.com\/#organization"},"keywords":["Blog","NOT\u00cdCIAS"],"articleSection":["Blog","Not\u00edcias"],"inLanguage":"en-US"},{"@type":"WebPage","@id":"https:\/\/traduzca.com\/reabertura-das-fronteiras-de-portugal-a-brasileiros-pode-gerar-onda-de-migracao\/","url":"https:\/\/traduzca.com\/reabertura-das-fronteiras-de-portugal-a-brasileiros-pode-gerar-onda-de-migracao\/","name":"Reabertura das fronteiras de Portugal a brasileiros pode gerar onda de migra\u00e7\u00e3o - Traduzca","isPartOf":{"@id":"https:\/\/traduzca.com\/#website"},"datePublished":"2021-09-06T16:56:27+00:00","dateModified":"2026-02-13T18:48:28+00:00","breadcrumb":{"@id":"https:\/\/traduzca.com\/reabertura-das-fronteiras-de-portugal-a-brasileiros-pode-gerar-onda-de-migracao\/#breadcrumb"},"inLanguage":"en-US","potentialAction":[{"@type":"ReadAction","target":["https:\/\/traduzca.com\/reabertura-das-fronteiras-de-portugal-a-brasileiros-pode-gerar-onda-de-migracao\/"]}]},{"@type":"BreadcrumbList","@id":"https:\/\/traduzca.com\/reabertura-das-fronteiras-de-portugal-a-brasileiros-pode-gerar-onda-de-migracao\/#breadcrumb","itemListElement":[{"@type":"ListItem","position":1,"name":"Home","item":"https:\/\/traduzca.com\/"},{"@type":"ListItem","position":2,"name":"Reabertura das fronteiras de Portugal a brasileiros pode gerar onda de migra\u00e7\u00e3o"}]},{"@type":"WebSite","@id":"https:\/\/traduzca.com\/#website","url":"https:\/\/traduzca.com\/","name":"Traduzca","description":"Traduzca connects you with native translators with technical expertise. Quality, confidentiality, and on-time delivery to break down the barriers of your business.","publisher":{"@id":"https:\/\/traduzca.com\/#organization"},"potentialAction":[{"@type":"SearchAction","target":{"@type":"EntryPoint","urlTemplate":"https:\/\/traduzca.com\/?s={search_term_string}"},"query-input":{"@type":"PropertyValueSpecification","valueRequired":true,"valueName":"search_term_string"}}],"inLanguage":"en-US"},{"@type":"Organization","@id":"https:\/\/traduzca.com\/#organization","name":"Traduzca","url":"https:\/\/traduzca.com\/","logo":{"@type":"ImageObject","inLanguage":"en-US","@id":"https:\/\/traduzca.com\/#\/schema\/logo\/image\/","url":"https:\/\/traduzca.com\/wp-content\/uploads\/2026\/02\/cropped-favicon.png","contentUrl":"https:\/\/traduzca.com\/wp-content\/uploads\/2026\/02\/cropped-favicon.png","width":97,"height":94,"caption":"Traduzca"},"image":{"@id":"https:\/\/traduzca.com\/#\/schema\/logo\/image\/"},"sameAs":["https:\/\/www.facebook.com\/traduzca"]},{"@type":"Person","@id":"https:\/\/traduzca.com\/#\/schema\/person\/b4689f634b68236dfb176043283b2ae8","name":"traduzca_admin","image":{"@type":"ImageObject","inLanguage":"en-US","@id":"https:\/\/traduzca.com\/#\/schema\/person\/image\/","url":"https:\/\/secure.gravatar.com\/avatar\/3e977bbac939cc66d785e2b0963953e99cf6fed540960c0ef0a9e984e569dd2f?s=96&d=mm&r=g","contentUrl":"https:\/\/secure.gravatar.com\/avatar\/3e977bbac939cc66d785e2b0963953e99cf6fed540960c0ef0a9e984e569dd2f?s=96&d=mm&r=g","caption":"traduzca_admin"},"sameAs":["https:\/\/traduzca.com"],"url":"https:\/\/traduzca.com\/en\/author\/traduzca_admin\/"}]}},"_links":{"self":[{"href":"https:\/\/traduzca.com\/en\/wp-json\/wp\/v2\/posts\/3253","targetHints":{"allow":["GET"]}}],"collection":[{"href":"https:\/\/traduzca.com\/en\/wp-json\/wp\/v2\/posts"}],"about":[{"href":"https:\/\/traduzca.com\/en\/wp-json\/wp\/v2\/types\/post"}],"author":[{"embeddable":true,"href":"https:\/\/traduzca.com\/en\/wp-json\/wp\/v2\/users\/1"}],"replies":[{"embeddable":true,"href":"https:\/\/traduzca.com\/en\/wp-json\/wp\/v2\/comments?post=3253"}],"version-history":[{"count":2,"href":"https:\/\/traduzca.com\/en\/wp-json\/wp\/v2\/posts\/3253\/revisions"}],"predecessor-version":[{"id":3255,"href":"https:\/\/traduzca.com\/en\/wp-json\/wp\/v2\/posts\/3253\/revisions\/3255"}],"wp:attachment":[{"href":"https:\/\/traduzca.com\/en\/wp-json\/wp\/v2\/media?parent=3253"}],"wp:term":[{"taxonomy":"category","embeddable":true,"href":"https:\/\/traduzca.com\/en\/wp-json\/wp\/v2\/categories?post=3253"},{"taxonomy":"post_tag","embeddable":true,"href":"https:\/\/traduzca.com\/en\/wp-json\/wp\/v2\/tags?post=3253"}],"curies":[{"name":"wp","href":"https:\/\/api.w.org\/{rel}","templated":true}]}}