{"id":3334,"date":"2021-11-12T18:30:38","date_gmt":"2021-11-12T18:30:38","guid":{"rendered":"https:\/\/traduzca.com\/?p=3334"},"modified":"2026-02-13T18:52:01","modified_gmt":"2026-02-13T18:52:01","slug":"alemanha-entra-em-alerta-e-mira-restricoes-a-nao-vacinados-contra-covid-19","status":"publish","type":"post","link":"https:\/\/traduzca.com\/en\/alemanha-entra-em-alerta-e-mira-restricoes-a-nao-vacinados-contra-covid-19\/","title":{"rendered":"Alemanha entra em alerta e mira restri\u00e7\u00f5es a n\u00e3o vacinados contra Covid-19"},"content":{"rendered":"<p>Falamos recentemente aqui no blog sobre o aumento de casos de Covid-19 no Leste Europeu. O alerta agora come\u00e7a a se espalhar a outros centros importantes. Desta vez, a Alemanha, um dos pa\u00edses mais populosos do continente, registrou na \u00faltima quinta-feira (11) o maior n\u00famero de casos di\u00e1rios da doen\u00e7a desde o in\u00edcio da pandemia, com 50.196 novas infec\u00e7\u00f5es em 24 horas.<\/p>\n<p>\u00c9 a primeira vez que o pa\u00eds ultrapassa a marca de 50 mil casos em um \u00fanico dia. Especialistas entendem que a Europa esteja passando por uma quarta onda de Covid-19. Como resultado, os hospitais est\u00e3o come\u00e7ando a sofrer com o aumento de pacientes.<\/p>\n<p>Em contrapartida, a vacina\u00e7\u00e3o est\u00e1 sendo fundamental para evitar o aumento de mortes. O n\u00famero de v\u00edtimas fatais n\u00e3o vem acompanhando a propor\u00e7\u00e3o de casos. O Instituto de Vigil\u00e2ncia Sanit\u00e1ria Robert Koch registrou 235 mortes nas \u00faltimas 24 horas, n\u00famero abaixo do recorde de 1.734 \u00f3bitos, atingido em 19 de janeiro. Quase 70% da popula\u00e7\u00e3o alem\u00e3 est\u00e1 imunizada.<\/p>\n<p>Assim, as autoridades alem\u00e3s&nbsp;concentram&nbsp;esfor\u00e7os&nbsp;restritivos&nbsp;\u00e0 parcela da popula\u00e7\u00e3o que ainda n\u00e3o se vacinou. Na capital Berlim, por exemplo, os n\u00e3o vacinados ser\u00e3o impedidos de frequentar restaurantes sem espa\u00e7os a c\u00e9u aberto, assim como bares, gin\u00e1sios ou cabeleireiros. A medida restritiva segue em voga mesmo&nbsp;mediante apresenta\u00e7\u00e3o de&nbsp;um teste negativo para o v\u00edrus. Com 83 milh\u00f5es de habitantes, a Alemanha j\u00e1 registrou mais de 4,9 milh\u00f5es de casos e 97,2 mil mortes por Covid-19 desde o in\u00edcio da pandemia.<\/p>\n<p>Ainda n\u00e3o sabemos se o aumento de casos pode impactar os viajantes. Conforme as \u00faltimas regras divulgadas pelo governo europeu, os brasileiros podem viajar ao territ\u00f3rio alem\u00e3o, mas com algumas condi\u00e7\u00f5es em rela\u00e7\u00e3o \u00e0 vacina\u00e7\u00e3o. A regra permite a entrada para visitas ou turismo apenas de brasileiros vacinados h\u00e1&nbsp;pelo&nbsp;menos 14 dias com os imunizantes aprovados pela Uni\u00e3o Europeia (UE): duas doses de AstraZeneca (incluindo Covishield) ou Pfizer ou a dose \u00fanica da Janssen. Brasileiros vacinados com a Coronavac, por exemplo, precisam comprovar motivo urgente.<\/p>","protected":false},"excerpt":{"rendered":"<p>Falamos recentemente aqui no blog sobre o aumento de casos de Covid-19 no Leste Europeu. O alerta agora come\u00e7a a se espalhar a outros centros importantes. Desta vez, a Alemanha, um dos pa\u00edses mais po&#8230;<\/p>","protected":false},"author":1,"featured_media":0,"comment_status":"closed","ping_status":"closed","sticky":false,"template":"","format":"standard","meta":{"_acf_changed":false,"footnotes":""},"categories":[34,33],"tags":[35,9],"class_list":["post-3334","post","type-post","status-publish","format-standard","hentry","category-blog","category-noticias","tag-blog","tag-noticias"],"acf":[],"yoast_head":"<!-- This site is optimized with the Yoast SEO plugin v26.9 - https:\/\/yoast.com\/product\/yoast-seo-wordpress\/ -->\n<title>Alemanha entra em alerta e mira restri\u00e7\u00f5es a n\u00e3o vacinados contra Covid-19 - Traduzca<\/title>\n<meta name=\"robots\" content=\"index, follow, max-snippet:-1, max-image-preview:large, max-video-preview:-1\" \/>\n<link rel=\"canonical\" href=\"https:\/\/traduzca.com\/en\/alemanha-entra-em-alerta-e-mira-restricoes-a-nao-vacinados-contra-covid-19\/\" \/>\n<meta property=\"og:locale\" content=\"en_US\" \/>\n<meta property=\"og:type\" content=\"article\" \/>\n<meta property=\"og:title\" content=\"Alemanha entra em alerta e mira restri\u00e7\u00f5es a n\u00e3o vacinados contra Covid-19 - Traduzca\" \/>\n<meta property=\"og:description\" content=\"Falamos recentemente aqui no blog sobre o aumento de casos de Covid-19 no Leste Europeu. O alerta agora come\u00e7a a se espalhar a outros centros importantes. Desta vez, a Alemanha, um dos pa\u00edses mais po...\" \/>\n<meta property=\"og:url\" content=\"https:\/\/traduzca.com\/en\/alemanha-entra-em-alerta-e-mira-restricoes-a-nao-vacinados-contra-covid-19\/\" \/>\n<meta property=\"og:site_name\" content=\"Traduzca\" \/>\n<meta property=\"article:publisher\" content=\"https:\/\/www.facebook.com\/traduzca\" \/>\n<meta property=\"article:published_time\" content=\"2021-11-12T18:30:38+00:00\" \/>\n<meta property=\"article:modified_time\" content=\"2026-02-13T18:52:01+00:00\" \/>\n<meta name=\"author\" content=\"traduzca_admin\" \/>\n<meta name=\"twitter:card\" content=\"summary_large_image\" \/>\n<meta name=\"twitter:label1\" content=\"Written by\" \/>\n\t<meta name=\"twitter:data1\" content=\"traduzca_admin\" \/>\n\t<meta name=\"twitter:label2\" content=\"Est. reading time\" \/>\n\t<meta name=\"twitter:data2\" content=\"2 minutes\" \/>\n<script type=\"application\/ld+json\" class=\"yoast-schema-graph\">{\"@context\":\"https:\/\/schema.org\",\"@graph\":[{\"@type\":\"Article\",\"@id\":\"https:\/\/traduzca.com\/alemanha-entra-em-alerta-e-mira-restricoes-a-nao-vacinados-contra-covid-19\/#article\",\"isPartOf\":{\"@id\":\"https:\/\/traduzca.com\/alemanha-entra-em-alerta-e-mira-restricoes-a-nao-vacinados-contra-covid-19\/\"},\"author\":{\"name\":\"traduzca_admin\",\"@id\":\"https:\/\/traduzca.com\/#\/schema\/person\/b4689f634b68236dfb176043283b2ae8\"},\"headline\":\"Alemanha entra em alerta e mira restri\u00e7\u00f5es a n\u00e3o vacinados contra Covid-19\",\"datePublished\":\"2021-11-12T18:30:38+00:00\",\"dateModified\":\"2026-02-13T18:52:01+00:00\",\"mainEntityOfPage\":{\"@id\":\"https:\/\/traduzca.com\/alemanha-entra-em-alerta-e-mira-restricoes-a-nao-vacinados-contra-covid-19\/\"},\"wordCount\":378,\"publisher\":{\"@id\":\"https:\/\/traduzca.com\/#organization\"},\"keywords\":[\"Blog\",\"NOT\u00cdCIAS\"],\"articleSection\":[\"Blog\",\"Not\u00edcias\"],\"inLanguage\":\"en-US\"},{\"@type\":\"WebPage\",\"@id\":\"https:\/\/traduzca.com\/alemanha-entra-em-alerta-e-mira-restricoes-a-nao-vacinados-contra-covid-19\/\",\"url\":\"https:\/\/traduzca.com\/alemanha-entra-em-alerta-e-mira-restricoes-a-nao-vacinados-contra-covid-19\/\",\"name\":\"Alemanha entra em alerta e mira restri\u00e7\u00f5es a n\u00e3o vacinados contra Covid-19 - Traduzca\",\"isPartOf\":{\"@id\":\"https:\/\/traduzca.com\/#website\"},\"datePublished\":\"2021-11-12T18:30:38+00:00\",\"dateModified\":\"2026-02-13T18:52:01+00:00\",\"breadcrumb\":{\"@id\":\"https:\/\/traduzca.com\/alemanha-entra-em-alerta-e-mira-restricoes-a-nao-vacinados-contra-covid-19\/#breadcrumb\"},\"inLanguage\":\"en-US\",\"potentialAction\":[{\"@type\":\"ReadAction\",\"target\":[\"https:\/\/traduzca.com\/alemanha-entra-em-alerta-e-mira-restricoes-a-nao-vacinados-contra-covid-19\/\"]}]},{\"@type\":\"BreadcrumbList\",\"@id\":\"https:\/\/traduzca.com\/alemanha-entra-em-alerta-e-mira-restricoes-a-nao-vacinados-contra-covid-19\/#breadcrumb\",\"itemListElement\":[{\"@type\":\"ListItem\",\"position\":1,\"name\":\"Home\",\"item\":\"https:\/\/traduzca.com\/\"},{\"@type\":\"ListItem\",\"position\":2,\"name\":\"Alemanha entra em alerta e mira restri\u00e7\u00f5es a n\u00e3o vacinados contra Covid-19\"}]},{\"@type\":\"WebSite\",\"@id\":\"https:\/\/traduzca.com\/#website\",\"url\":\"https:\/\/traduzca.com\/\",\"name\":\"Traduzca\",\"description\":\"A Traduzca conecta voc\u00ea a tradutores nativos com expertise t\u00e9cnica. Qualidade, sigilo e pontualidade para romper as barreiras do seu neg\u00f3cio.\",\"publisher\":{\"@id\":\"https:\/\/traduzca.com\/#organization\"},\"potentialAction\":[{\"@type\":\"SearchAction\",\"target\":{\"@type\":\"EntryPoint\",\"urlTemplate\":\"https:\/\/traduzca.com\/?s={search_term_string}\"},\"query-input\":{\"@type\":\"PropertyValueSpecification\",\"valueRequired\":true,\"valueName\":\"search_term_string\"}}],\"inLanguage\":\"en-US\"},{\"@type\":\"Organization\",\"@id\":\"https:\/\/traduzca.com\/#organization\",\"name\":\"Traduzca\",\"url\":\"https:\/\/traduzca.com\/\",\"logo\":{\"@type\":\"ImageObject\",\"inLanguage\":\"en-US\",\"@id\":\"https:\/\/traduzca.com\/#\/schema\/logo\/image\/\",\"url\":\"https:\/\/traduzca.com\/wp-content\/uploads\/2026\/02\/cropped-favicon.png\",\"contentUrl\":\"https:\/\/traduzca.com\/wp-content\/uploads\/2026\/02\/cropped-favicon.png\",\"width\":97,\"height\":94,\"caption\":\"Traduzca\"},\"image\":{\"@id\":\"https:\/\/traduzca.com\/#\/schema\/logo\/image\/\"},\"sameAs\":[\"https:\/\/www.facebook.com\/traduzca\"]},{\"@type\":\"Person\",\"@id\":\"https:\/\/traduzca.com\/#\/schema\/person\/b4689f634b68236dfb176043283b2ae8\",\"name\":\"traduzca_admin\",\"image\":{\"@type\":\"ImageObject\",\"inLanguage\":\"en-US\",\"@id\":\"https:\/\/traduzca.com\/#\/schema\/person\/image\/\",\"url\":\"https:\/\/secure.gravatar.com\/avatar\/3e977bbac939cc66d785e2b0963953e99cf6fed540960c0ef0a9e984e569dd2f?s=96&d=mm&r=g\",\"contentUrl\":\"https:\/\/secure.gravatar.com\/avatar\/3e977bbac939cc66d785e2b0963953e99cf6fed540960c0ef0a9e984e569dd2f?s=96&d=mm&r=g\",\"caption\":\"traduzca_admin\"},\"sameAs\":[\"https:\/\/traduzca.com\"],\"url\":\"https:\/\/traduzca.com\/en\/author\/traduzca_admin\/\"}]}<\/script>\n<!-- \/ Yoast SEO plugin. -->","yoast_head_json":{"title":"Alemanha entra em alerta e mira restri\u00e7\u00f5es a n\u00e3o vacinados contra Covid-19 - Traduzca","robots":{"index":"index","follow":"follow","max-snippet":"max-snippet:-1","max-image-preview":"max-image-preview:large","max-video-preview":"max-video-preview:-1"},"canonical":"https:\/\/traduzca.com\/en\/alemanha-entra-em-alerta-e-mira-restricoes-a-nao-vacinados-contra-covid-19\/","og_locale":"en_US","og_type":"article","og_title":"Alemanha entra em alerta e mira restri\u00e7\u00f5es a n\u00e3o vacinados contra Covid-19 - Traduzca","og_description":"Falamos recentemente aqui no blog sobre o aumento de casos de Covid-19 no Leste Europeu. O alerta agora come\u00e7a a se espalhar a outros centros importantes. Desta vez, a Alemanha, um dos pa\u00edses mais po...","og_url":"https:\/\/traduzca.com\/en\/alemanha-entra-em-alerta-e-mira-restricoes-a-nao-vacinados-contra-covid-19\/","og_site_name":"Traduzca","article_publisher":"https:\/\/www.facebook.com\/traduzca","article_published_time":"2021-11-12T18:30:38+00:00","article_modified_time":"2026-02-13T18:52:01+00:00","author":"traduzca_admin","twitter_card":"summary_large_image","twitter_misc":{"Written by":"traduzca_admin","Est. reading time":"2 minutes"},"schema":{"@context":"https:\/\/schema.org","@graph":[{"@type":"Article","@id":"https:\/\/traduzca.com\/alemanha-entra-em-alerta-e-mira-restricoes-a-nao-vacinados-contra-covid-19\/#article","isPartOf":{"@id":"https:\/\/traduzca.com\/alemanha-entra-em-alerta-e-mira-restricoes-a-nao-vacinados-contra-covid-19\/"},"author":{"name":"traduzca_admin","@id":"https:\/\/traduzca.com\/#\/schema\/person\/b4689f634b68236dfb176043283b2ae8"},"headline":"Alemanha entra em alerta e mira restri\u00e7\u00f5es a n\u00e3o vacinados contra Covid-19","datePublished":"2021-11-12T18:30:38+00:00","dateModified":"2026-02-13T18:52:01+00:00","mainEntityOfPage":{"@id":"https:\/\/traduzca.com\/alemanha-entra-em-alerta-e-mira-restricoes-a-nao-vacinados-contra-covid-19\/"},"wordCount":378,"publisher":{"@id":"https:\/\/traduzca.com\/#organization"},"keywords":["Blog","NOT\u00cdCIAS"],"articleSection":["Blog","Not\u00edcias"],"inLanguage":"en-US"},{"@type":"WebPage","@id":"https:\/\/traduzca.com\/alemanha-entra-em-alerta-e-mira-restricoes-a-nao-vacinados-contra-covid-19\/","url":"https:\/\/traduzca.com\/alemanha-entra-em-alerta-e-mira-restricoes-a-nao-vacinados-contra-covid-19\/","name":"Alemanha entra em alerta e mira restri\u00e7\u00f5es a n\u00e3o vacinados contra Covid-19 - Traduzca","isPartOf":{"@id":"https:\/\/traduzca.com\/#website"},"datePublished":"2021-11-12T18:30:38+00:00","dateModified":"2026-02-13T18:52:01+00:00","breadcrumb":{"@id":"https:\/\/traduzca.com\/alemanha-entra-em-alerta-e-mira-restricoes-a-nao-vacinados-contra-covid-19\/#breadcrumb"},"inLanguage":"en-US","potentialAction":[{"@type":"ReadAction","target":["https:\/\/traduzca.com\/alemanha-entra-em-alerta-e-mira-restricoes-a-nao-vacinados-contra-covid-19\/"]}]},{"@type":"BreadcrumbList","@id":"https:\/\/traduzca.com\/alemanha-entra-em-alerta-e-mira-restricoes-a-nao-vacinados-contra-covid-19\/#breadcrumb","itemListElement":[{"@type":"ListItem","position":1,"name":"Home","item":"https:\/\/traduzca.com\/"},{"@type":"ListItem","position":2,"name":"Alemanha entra em alerta e mira restri\u00e7\u00f5es a n\u00e3o vacinados contra Covid-19"}]},{"@type":"WebSite","@id":"https:\/\/traduzca.com\/#website","url":"https:\/\/traduzca.com\/","name":"Traduzca","description":"Traduzca connects you with native translators with technical expertise. Quality, confidentiality, and on-time delivery to break down the barriers of your business.","publisher":{"@id":"https:\/\/traduzca.com\/#organization"},"potentialAction":[{"@type":"SearchAction","target":{"@type":"EntryPoint","urlTemplate":"https:\/\/traduzca.com\/?s={search_term_string}"},"query-input":{"@type":"PropertyValueSpecification","valueRequired":true,"valueName":"search_term_string"}}],"inLanguage":"en-US"},{"@type":"Organization","@id":"https:\/\/traduzca.com\/#organization","name":"Traduzca","url":"https:\/\/traduzca.com\/","logo":{"@type":"ImageObject","inLanguage":"en-US","@id":"https:\/\/traduzca.com\/#\/schema\/logo\/image\/","url":"https:\/\/traduzca.com\/wp-content\/uploads\/2026\/02\/cropped-favicon.png","contentUrl":"https:\/\/traduzca.com\/wp-content\/uploads\/2026\/02\/cropped-favicon.png","width":97,"height":94,"caption":"Traduzca"},"image":{"@id":"https:\/\/traduzca.com\/#\/schema\/logo\/image\/"},"sameAs":["https:\/\/www.facebook.com\/traduzca"]},{"@type":"Person","@id":"https:\/\/traduzca.com\/#\/schema\/person\/b4689f634b68236dfb176043283b2ae8","name":"traduzca_admin","image":{"@type":"ImageObject","inLanguage":"en-US","@id":"https:\/\/traduzca.com\/#\/schema\/person\/image\/","url":"https:\/\/secure.gravatar.com\/avatar\/3e977bbac939cc66d785e2b0963953e99cf6fed540960c0ef0a9e984e569dd2f?s=96&d=mm&r=g","contentUrl":"https:\/\/secure.gravatar.com\/avatar\/3e977bbac939cc66d785e2b0963953e99cf6fed540960c0ef0a9e984e569dd2f?s=96&d=mm&r=g","caption":"traduzca_admin"},"sameAs":["https:\/\/traduzca.com"],"url":"https:\/\/traduzca.com\/en\/author\/traduzca_admin\/"}]}},"_links":{"self":[{"href":"https:\/\/traduzca.com\/en\/wp-json\/wp\/v2\/posts\/3334","targetHints":{"allow":["GET"]}}],"collection":[{"href":"https:\/\/traduzca.com\/en\/wp-json\/wp\/v2\/posts"}],"about":[{"href":"https:\/\/traduzca.com\/en\/wp-json\/wp\/v2\/types\/post"}],"author":[{"embeddable":true,"href":"https:\/\/traduzca.com\/en\/wp-json\/wp\/v2\/users\/1"}],"replies":[{"embeddable":true,"href":"https:\/\/traduzca.com\/en\/wp-json\/wp\/v2\/comments?post=3334"}],"version-history":[{"count":2,"href":"https:\/\/traduzca.com\/en\/wp-json\/wp\/v2\/posts\/3334\/revisions"}],"predecessor-version":[{"id":3336,"href":"https:\/\/traduzca.com\/en\/wp-json\/wp\/v2\/posts\/3334\/revisions\/3336"}],"wp:attachment":[{"href":"https:\/\/traduzca.com\/en\/wp-json\/wp\/v2\/media?parent=3334"}],"wp:term":[{"taxonomy":"category","embeddable":true,"href":"https:\/\/traduzca.com\/en\/wp-json\/wp\/v2\/categories?post=3334"},{"taxonomy":"post_tag","embeddable":true,"href":"https:\/\/traduzca.com\/en\/wp-json\/wp\/v2\/tags?post=3334"}],"curies":[{"name":"wp","href":"https:\/\/api.w.org\/{rel}","templated":true}]}}