{"id":3346,"date":"2021-11-22T16:58:52","date_gmt":"2021-11-22T16:58:52","guid":{"rendered":"https:\/\/traduzca.com\/?p=3346"},"modified":"2026-02-13T18:52:30","modified_gmt":"2026-02-13T18:52:30","slug":"falta-um-ano-catar-se-prepara-para-receber-a-primeira-copa-do-mundo-no-oriente-medio","status":"publish","type":"post","link":"https:\/\/traduzca.com\/en\/falta-um-ano-catar-se-prepara-para-receber-a-primeira-copa-do-mundo-no-oriente-medio\/","title":{"rendered":"Falta um ano: Catar se prepara para receber a primeira Copa do Mundo no Oriente M\u00e9dio"},"content":{"rendered":"<p>Marque na agenda. Daqui a um ano come\u00e7a um dos maiores eventos esportivos do planeta. A 22\u00aa edi\u00e7\u00e3o da Copa do Mundo de futebol j\u00e1 nasce hist\u00f3rica. Ser\u00e1 o primeiro Mundial no Oriente M\u00e9dio. O Catar, pa\u00eds do continente asi\u00e1tico pr\u00f3ximo ao Golfo P\u00e9rsico, receber\u00e1 32 sele\u00e7\u00f5es e milhares de turistas a partir de 21 de novembro de 2022.\u00a0Se voc\u00ea\u00a0est\u00e1 pensando em embarcar nessa aventura, fique ligado aqui neste post para saber mais sobre o Catar e conferir dicas para os futuros viajantes.<\/p>\n<p>O Catar conquistou sua independ\u00eancia do Reino Unido em 1971. \u00c9 considerado um dos pa\u00edses mais ricos do mundo gra\u00e7as \u00e0 explora\u00e7\u00e3o de\u00a0petr\u00f3leo e g\u00e1s natural. Tem mais de 2,7 milh\u00f5es de habitantes, cerca de 75% deles\u00a0estrangeiros, representados especialmente\u00a0por\u00a0indianos. O idioma oficial do pa\u00eds \u00e9 o \u00e1rabe. A capital \u00e9 Doha, conhecida pelas constru\u00e7\u00f5es monumentais e arranha-c\u00e9us futuristas. Uma cidade constru\u00edda sobre o deserto e que proporciona ao turista paisagens incr\u00edveis, principalmente para quem for ao Catar n\u00e3o apenas para ver futebol.<\/p>\n<p>Aos mais fan\u00e1ticos, uma boa not\u00edcia. A extens\u00e3o territorial do pa\u00eds \u00e9 de apenas 11.437 km\u00b2, metade do tamanho de Sergipe, o menor estado brasileiro. De acordo com os organizadores do evento, o tempo de deslocamento de um est\u00e1dio a outro n\u00e3o passa de uma hora, o que\u00a0proporciona aos\u00a0apaixonados\u00a0por futebol\u00a0a possibilidade de\u00a0assistir ao maior n\u00famero de partidas poss\u00edvel. Haver\u00e1 12 est\u00e1dios espalhados pelas sete cidades escolhidas como sedes da competi\u00e7\u00e3o. O Catar promete realizar um dos Mundiais com as arenas mais luxuosas da hist\u00f3ria.<\/p>\n<p>Mas nem tudo \u00e9 s\u00f3 festa. Vale destacar que o Catar tem restri\u00e7\u00f5es severas em rela\u00e7\u00e3o a bebidas alc\u00f3olicas, n\u00e3o podendo\u00a0ser consumidas em ambientes abertos sem autoriza\u00e7\u00e3o. Os organizadores da Copa tentam montar \u00e1reas espec\u00edficas e liberar bares de hot\u00e9is para que haja maior flexibiliza\u00e7\u00e3o nesse sentido. Tamb\u00e9m \u00e9 importante ter cuidado com algumas diferen\u00e7as culturais marcantes. No Catar, por exemplo, manifesta\u00e7\u00f5es p\u00fablicas de carinho, como beijar ou abra\u00e7ar nas ruas, n\u00e3o s\u00e3o bem-vindas.<\/p>\n<p>O Catar \u00e9 um pa\u00eds de clima predominantemente quente. No ver\u00e3o, per\u00edodo tradicional da Copa do Mundo, a temperatura pode chegar aos 50\u00b0C. Por isso, a Copa de 2022 ser\u00e1 excepcionalmente no fim do ano, quando as temperaturas podem variar entre\u00a010\u00b0C e 20\u00b0C.<\/p>\n<p>Estamos falando de uma Copa em um pa\u00eds distante e rico. E o quanto isso pode pesar no seu bolso? H\u00e1 op\u00e7\u00f5es de voos direitos de S\u00e3o Paulo a Doha. A viagem dura cerca de 14 horas e pode custar de R$ 4 mil a R$ 14 mil por trecho, a depender da data da compra e da classe escolhida para o voo. O Minist\u00e9rio do Turismo anunciou que, a partir de fevereiro de 2022, os brasileiros contar\u00e3o com mais um voo direto, partindo do Rio de Janeiro. O\u00a0fuso hor\u00e1rio\u00a0\u00e9 de seis horas em rela\u00e7\u00e3o ao\u00a0hor\u00e1rio de Bras\u00edlia.<\/p>\n<p>E quando chegar l\u00e1? \u00c9 preciso apresentar visto? H\u00e1 um acordo de isen\u00e7\u00e3o m\u00fatua de visto em vigor desde outubro de 2019. Basta, portanto, levar uma documenta\u00e7\u00e3o de viagem simplificada, como carteira de identidade e passaporte v\u00e1lidos. Em rela\u00e7\u00e3o \u00e0 Covid-19, o acesso tamb\u00e9m est\u00e1 facilitado. O turista precisa apresentar o certificado de vacina\u00e7\u00e3o, sem a necessidade de realizar um teste pr\u00e9vio nem passar por quarentena.<\/p>\n<p><strong>Como emitir o certificado de vacina\u00e7\u00e3o contra a\u00a0Covid-19<\/strong><\/p>\n<p>O documento pode ser obtido\u00a0<a href=\"https:\/\/www.gov.br\/pt-br\/servicos\/certificado-nacional-de-vacinacao-covid-19\" target=\"_blank\" rel=\"noreferrer noopener\">acessando o\u00a0site do Governo Federal<\/a> ou\u00a0o\u00a0aplicativo ConecteSUS. \u00c9 preciso informar dados pessoais e completar os campos obrigat\u00f3rios at\u00e9 chegar ao bot\u00e3o de \u201cemiss\u00e3o de certificado\u201d. Ao completar o processo, se tudo estiver certo, em poucos minutos ser\u00e1 emitido o Certificado Nacional de Vacina\u00e7\u00e3o, cuja validade \u00e9 de 12 meses. Para fazer a tradu\u00e7\u00e3o juramentada do certificado, <a href=\"https:\/\/traduzca.com\/en\/orcamento\/\" target=\"_blank\" rel=\"noreferrer noopener\">solicite um or\u00e7amento\u00a0\u00e0\u00a0a Traduzca clicando aqui.<\/a><\/p>\n<p>Como s\u00e3o esperados muitos brasileiros para a Copa, a Embaixada do Catar no Brasil tem um site com mais informa\u00e7\u00f5es para os interessados. <a href=\"https:\/\/brasilia.embassy.qa\/en\/qatar\/2022-fifa-world-cup\" target=\"_blank\" rel=\"noreferrer noopener\">Voc\u00ea pode acessar\u00a0este site\u00a0clicando aqui<\/a>.<\/p>\n<p>Agora, s\u00f3 depende de voc\u00ea para fazer como a Sele\u00e7\u00e3o Brasileira e garantir seu lugar na Copa!<\/p>","protected":false},"excerpt":{"rendered":"<p>Marque na agenda. Daqui a um ano come\u00e7a um dos maiores eventos esportivos do planeta. A 22\u00aa edi\u00e7\u00e3o da Copa do Mundo de futebol j\u00e1 nasce hist\u00f3rica. Ser\u00e1 o primeiro Mundial no Oriente M\u00e9dio. O Catar, p&#8230;<\/p>","protected":false},"author":1,"featured_media":0,"comment_status":"closed","ping_status":"closed","sticky":false,"template":"","format":"standard","meta":{"_acf_changed":false,"footnotes":""},"categories":[34,33],"tags":[35,9],"class_list":["post-3346","post","type-post","status-publish","format-standard","hentry","category-blog","category-noticias","tag-blog","tag-noticias"],"acf":[],"yoast_head":"<!-- This site is optimized with the Yoast SEO plugin v26.9 - https:\/\/yoast.com\/product\/yoast-seo-wordpress\/ -->\n<title>Falta um ano: Catar se prepara para receber a primeira Copa do Mundo no Oriente M\u00e9dio - Traduzca<\/title>\n<meta name=\"robots\" content=\"index, follow, max-snippet:-1, max-image-preview:large, max-video-preview:-1\" \/>\n<link rel=\"canonical\" href=\"https:\/\/traduzca.com\/en\/falta-um-ano-catar-se-prepara-para-receber-a-primeira-copa-do-mundo-no-oriente-medio\/\" \/>\n<meta property=\"og:locale\" content=\"en_US\" \/>\n<meta property=\"og:type\" content=\"article\" \/>\n<meta property=\"og:title\" content=\"Falta um ano: Catar se prepara para receber a primeira Copa do Mundo no Oriente M\u00e9dio - Traduzca\" \/>\n<meta property=\"og:description\" content=\"Marque na agenda. Daqui a um ano come\u00e7a um dos maiores eventos esportivos do planeta. A 22\u00aa edi\u00e7\u00e3o da Copa do Mundo de futebol j\u00e1 nasce hist\u00f3rica. Ser\u00e1 o primeiro Mundial no Oriente M\u00e9dio. O Catar, p...\" \/>\n<meta property=\"og:url\" content=\"https:\/\/traduzca.com\/en\/falta-um-ano-catar-se-prepara-para-receber-a-primeira-copa-do-mundo-no-oriente-medio\/\" \/>\n<meta property=\"og:site_name\" content=\"Traduzca\" \/>\n<meta property=\"article:publisher\" content=\"https:\/\/www.facebook.com\/traduzca\" \/>\n<meta property=\"article:published_time\" content=\"2021-11-22T16:58:52+00:00\" \/>\n<meta property=\"article:modified_time\" content=\"2026-02-13T18:52:30+00:00\" \/>\n<meta name=\"author\" content=\"traduzca_admin\" \/>\n<meta name=\"twitter:card\" content=\"summary_large_image\" \/>\n<meta name=\"twitter:label1\" content=\"Written by\" \/>\n\t<meta name=\"twitter:data1\" content=\"traduzca_admin\" \/>\n\t<meta name=\"twitter:label2\" content=\"Est. reading time\" \/>\n\t<meta name=\"twitter:data2\" content=\"4 minutes\" \/>\n<script type=\"application\/ld+json\" class=\"yoast-schema-graph\">{\"@context\":\"https:\/\/schema.org\",\"@graph\":[{\"@type\":\"Article\",\"@id\":\"https:\/\/traduzca.com\/falta-um-ano-catar-se-prepara-para-receber-a-primeira-copa-do-mundo-no-oriente-medio\/#article\",\"isPartOf\":{\"@id\":\"https:\/\/traduzca.com\/falta-um-ano-catar-se-prepara-para-receber-a-primeira-copa-do-mundo-no-oriente-medio\/\"},\"author\":{\"name\":\"traduzca_admin\",\"@id\":\"https:\/\/traduzca.com\/#\/schema\/person\/b4689f634b68236dfb176043283b2ae8\"},\"headline\":\"Falta um ano: Catar se prepara para receber a primeira Copa do Mundo no Oriente M\u00e9dio\",\"datePublished\":\"2021-11-22T16:58:52+00:00\",\"dateModified\":\"2026-02-13T18:52:30+00:00\",\"mainEntityOfPage\":{\"@id\":\"https:\/\/traduzca.com\/falta-um-ano-catar-se-prepara-para-receber-a-primeira-copa-do-mundo-no-oriente-medio\/\"},\"wordCount\":739,\"publisher\":{\"@id\":\"https:\/\/traduzca.com\/#organization\"},\"keywords\":[\"Blog\",\"NOT\u00cdCIAS\"],\"articleSection\":[\"Blog\",\"Not\u00edcias\"],\"inLanguage\":\"en-US\"},{\"@type\":\"WebPage\",\"@id\":\"https:\/\/traduzca.com\/falta-um-ano-catar-se-prepara-para-receber-a-primeira-copa-do-mundo-no-oriente-medio\/\",\"url\":\"https:\/\/traduzca.com\/falta-um-ano-catar-se-prepara-para-receber-a-primeira-copa-do-mundo-no-oriente-medio\/\",\"name\":\"Falta um ano: Catar se prepara para receber a primeira Copa do Mundo no Oriente M\u00e9dio - Traduzca\",\"isPartOf\":{\"@id\":\"https:\/\/traduzca.com\/#website\"},\"datePublished\":\"2021-11-22T16:58:52+00:00\",\"dateModified\":\"2026-02-13T18:52:30+00:00\",\"breadcrumb\":{\"@id\":\"https:\/\/traduzca.com\/falta-um-ano-catar-se-prepara-para-receber-a-primeira-copa-do-mundo-no-oriente-medio\/#breadcrumb\"},\"inLanguage\":\"en-US\",\"potentialAction\":[{\"@type\":\"ReadAction\",\"target\":[\"https:\/\/traduzca.com\/falta-um-ano-catar-se-prepara-para-receber-a-primeira-copa-do-mundo-no-oriente-medio\/\"]}]},{\"@type\":\"BreadcrumbList\",\"@id\":\"https:\/\/traduzca.com\/falta-um-ano-catar-se-prepara-para-receber-a-primeira-copa-do-mundo-no-oriente-medio\/#breadcrumb\",\"itemListElement\":[{\"@type\":\"ListItem\",\"position\":1,\"name\":\"Home\",\"item\":\"https:\/\/traduzca.com\/\"},{\"@type\":\"ListItem\",\"position\":2,\"name\":\"Falta um ano: Catar se prepara para receber a primeira Copa do Mundo no Oriente M\u00e9dio\"}]},{\"@type\":\"WebSite\",\"@id\":\"https:\/\/traduzca.com\/#website\",\"url\":\"https:\/\/traduzca.com\/\",\"name\":\"Traduzca\",\"description\":\"A Traduzca conecta voc\u00ea a tradutores nativos com expertise t\u00e9cnica. Qualidade, sigilo e pontualidade para romper as barreiras do seu neg\u00f3cio.\",\"publisher\":{\"@id\":\"https:\/\/traduzca.com\/#organization\"},\"potentialAction\":[{\"@type\":\"SearchAction\",\"target\":{\"@type\":\"EntryPoint\",\"urlTemplate\":\"https:\/\/traduzca.com\/?s={search_term_string}\"},\"query-input\":{\"@type\":\"PropertyValueSpecification\",\"valueRequired\":true,\"valueName\":\"search_term_string\"}}],\"inLanguage\":\"en-US\"},{\"@type\":\"Organization\",\"@id\":\"https:\/\/traduzca.com\/#organization\",\"name\":\"Traduzca\",\"url\":\"https:\/\/traduzca.com\/\",\"logo\":{\"@type\":\"ImageObject\",\"inLanguage\":\"en-US\",\"@id\":\"https:\/\/traduzca.com\/#\/schema\/logo\/image\/\",\"url\":\"https:\/\/traduzca.com\/wp-content\/uploads\/2026\/02\/cropped-favicon.png\",\"contentUrl\":\"https:\/\/traduzca.com\/wp-content\/uploads\/2026\/02\/cropped-favicon.png\",\"width\":97,\"height\":94,\"caption\":\"Traduzca\"},\"image\":{\"@id\":\"https:\/\/traduzca.com\/#\/schema\/logo\/image\/\"},\"sameAs\":[\"https:\/\/www.facebook.com\/traduzca\"]},{\"@type\":\"Person\",\"@id\":\"https:\/\/traduzca.com\/#\/schema\/person\/b4689f634b68236dfb176043283b2ae8\",\"name\":\"traduzca_admin\",\"image\":{\"@type\":\"ImageObject\",\"inLanguage\":\"en-US\",\"@id\":\"https:\/\/traduzca.com\/#\/schema\/person\/image\/\",\"url\":\"https:\/\/secure.gravatar.com\/avatar\/3e977bbac939cc66d785e2b0963953e99cf6fed540960c0ef0a9e984e569dd2f?s=96&d=mm&r=g\",\"contentUrl\":\"https:\/\/secure.gravatar.com\/avatar\/3e977bbac939cc66d785e2b0963953e99cf6fed540960c0ef0a9e984e569dd2f?s=96&d=mm&r=g\",\"caption\":\"traduzca_admin\"},\"sameAs\":[\"https:\/\/traduzca.com\"],\"url\":\"https:\/\/traduzca.com\/en\/author\/traduzca_admin\/\"}]}<\/script>\n<!-- \/ Yoast SEO plugin. -->","yoast_head_json":{"title":"Falta um ano: Catar se prepara para receber a primeira Copa do Mundo no Oriente M\u00e9dio - Traduzca","robots":{"index":"index","follow":"follow","max-snippet":"max-snippet:-1","max-image-preview":"max-image-preview:large","max-video-preview":"max-video-preview:-1"},"canonical":"https:\/\/traduzca.com\/en\/falta-um-ano-catar-se-prepara-para-receber-a-primeira-copa-do-mundo-no-oriente-medio\/","og_locale":"en_US","og_type":"article","og_title":"Falta um ano: Catar se prepara para receber a primeira Copa do Mundo no Oriente M\u00e9dio - Traduzca","og_description":"Marque na agenda. Daqui a um ano come\u00e7a um dos maiores eventos esportivos do planeta. A 22\u00aa edi\u00e7\u00e3o da Copa do Mundo de futebol j\u00e1 nasce hist\u00f3rica. Ser\u00e1 o primeiro Mundial no Oriente M\u00e9dio. O Catar, p...","og_url":"https:\/\/traduzca.com\/en\/falta-um-ano-catar-se-prepara-para-receber-a-primeira-copa-do-mundo-no-oriente-medio\/","og_site_name":"Traduzca","article_publisher":"https:\/\/www.facebook.com\/traduzca","article_published_time":"2021-11-22T16:58:52+00:00","article_modified_time":"2026-02-13T18:52:30+00:00","author":"traduzca_admin","twitter_card":"summary_large_image","twitter_misc":{"Written by":"traduzca_admin","Est. reading time":"4 minutes"},"schema":{"@context":"https:\/\/schema.org","@graph":[{"@type":"Article","@id":"https:\/\/traduzca.com\/falta-um-ano-catar-se-prepara-para-receber-a-primeira-copa-do-mundo-no-oriente-medio\/#article","isPartOf":{"@id":"https:\/\/traduzca.com\/falta-um-ano-catar-se-prepara-para-receber-a-primeira-copa-do-mundo-no-oriente-medio\/"},"author":{"name":"traduzca_admin","@id":"https:\/\/traduzca.com\/#\/schema\/person\/b4689f634b68236dfb176043283b2ae8"},"headline":"Falta um ano: Catar se prepara para receber a primeira Copa do Mundo no Oriente M\u00e9dio","datePublished":"2021-11-22T16:58:52+00:00","dateModified":"2026-02-13T18:52:30+00:00","mainEntityOfPage":{"@id":"https:\/\/traduzca.com\/falta-um-ano-catar-se-prepara-para-receber-a-primeira-copa-do-mundo-no-oriente-medio\/"},"wordCount":739,"publisher":{"@id":"https:\/\/traduzca.com\/#organization"},"keywords":["Blog","NOT\u00cdCIAS"],"articleSection":["Blog","Not\u00edcias"],"inLanguage":"en-US"},{"@type":"WebPage","@id":"https:\/\/traduzca.com\/falta-um-ano-catar-se-prepara-para-receber-a-primeira-copa-do-mundo-no-oriente-medio\/","url":"https:\/\/traduzca.com\/falta-um-ano-catar-se-prepara-para-receber-a-primeira-copa-do-mundo-no-oriente-medio\/","name":"Falta um ano: Catar se prepara para receber a primeira Copa do Mundo no Oriente M\u00e9dio - Traduzca","isPartOf":{"@id":"https:\/\/traduzca.com\/#website"},"datePublished":"2021-11-22T16:58:52+00:00","dateModified":"2026-02-13T18:52:30+00:00","breadcrumb":{"@id":"https:\/\/traduzca.com\/falta-um-ano-catar-se-prepara-para-receber-a-primeira-copa-do-mundo-no-oriente-medio\/#breadcrumb"},"inLanguage":"en-US","potentialAction":[{"@type":"ReadAction","target":["https:\/\/traduzca.com\/falta-um-ano-catar-se-prepara-para-receber-a-primeira-copa-do-mundo-no-oriente-medio\/"]}]},{"@type":"BreadcrumbList","@id":"https:\/\/traduzca.com\/falta-um-ano-catar-se-prepara-para-receber-a-primeira-copa-do-mundo-no-oriente-medio\/#breadcrumb","itemListElement":[{"@type":"ListItem","position":1,"name":"Home","item":"https:\/\/traduzca.com\/"},{"@type":"ListItem","position":2,"name":"Falta um ano: Catar se prepara para receber a primeira Copa do Mundo no Oriente M\u00e9dio"}]},{"@type":"WebSite","@id":"https:\/\/traduzca.com\/#website","url":"https:\/\/traduzca.com\/","name":"Traduzca","description":"Traduzca connects you with native translators with technical expertise. Quality, confidentiality, and on-time delivery to break down the barriers of your business.","publisher":{"@id":"https:\/\/traduzca.com\/#organization"},"potentialAction":[{"@type":"SearchAction","target":{"@type":"EntryPoint","urlTemplate":"https:\/\/traduzca.com\/?s={search_term_string}"},"query-input":{"@type":"PropertyValueSpecification","valueRequired":true,"valueName":"search_term_string"}}],"inLanguage":"en-US"},{"@type":"Organization","@id":"https:\/\/traduzca.com\/#organization","name":"Traduzca","url":"https:\/\/traduzca.com\/","logo":{"@type":"ImageObject","inLanguage":"en-US","@id":"https:\/\/traduzca.com\/#\/schema\/logo\/image\/","url":"https:\/\/traduzca.com\/wp-content\/uploads\/2026\/02\/cropped-favicon.png","contentUrl":"https:\/\/traduzca.com\/wp-content\/uploads\/2026\/02\/cropped-favicon.png","width":97,"height":94,"caption":"Traduzca"},"image":{"@id":"https:\/\/traduzca.com\/#\/schema\/logo\/image\/"},"sameAs":["https:\/\/www.facebook.com\/traduzca"]},{"@type":"Person","@id":"https:\/\/traduzca.com\/#\/schema\/person\/b4689f634b68236dfb176043283b2ae8","name":"traduzca_admin","image":{"@type":"ImageObject","inLanguage":"en-US","@id":"https:\/\/traduzca.com\/#\/schema\/person\/image\/","url":"https:\/\/secure.gravatar.com\/avatar\/3e977bbac939cc66d785e2b0963953e99cf6fed540960c0ef0a9e984e569dd2f?s=96&d=mm&r=g","contentUrl":"https:\/\/secure.gravatar.com\/avatar\/3e977bbac939cc66d785e2b0963953e99cf6fed540960c0ef0a9e984e569dd2f?s=96&d=mm&r=g","caption":"traduzca_admin"},"sameAs":["https:\/\/traduzca.com"],"url":"https:\/\/traduzca.com\/en\/author\/traduzca_admin\/"}]}},"_links":{"self":[{"href":"https:\/\/traduzca.com\/en\/wp-json\/wp\/v2\/posts\/3346","targetHints":{"allow":["GET"]}}],"collection":[{"href":"https:\/\/traduzca.com\/en\/wp-json\/wp\/v2\/posts"}],"about":[{"href":"https:\/\/traduzca.com\/en\/wp-json\/wp\/v2\/types\/post"}],"author":[{"embeddable":true,"href":"https:\/\/traduzca.com\/en\/wp-json\/wp\/v2\/users\/1"}],"replies":[{"embeddable":true,"href":"https:\/\/traduzca.com\/en\/wp-json\/wp\/v2\/comments?post=3346"}],"version-history":[{"count":2,"href":"https:\/\/traduzca.com\/en\/wp-json\/wp\/v2\/posts\/3346\/revisions"}],"predecessor-version":[{"id":3348,"href":"https:\/\/traduzca.com\/en\/wp-json\/wp\/v2\/posts\/3346\/revisions\/3348"}],"wp:attachment":[{"href":"https:\/\/traduzca.com\/en\/wp-json\/wp\/v2\/media?parent=3346"}],"wp:term":[{"taxonomy":"category","embeddable":true,"href":"https:\/\/traduzca.com\/en\/wp-json\/wp\/v2\/categories?post=3346"},{"taxonomy":"post_tag","embeddable":true,"href":"https:\/\/traduzca.com\/en\/wp-json\/wp\/v2\/tags?post=3346"}],"curies":[{"name":"wp","href":"https:\/\/api.w.org\/{rel}","templated":true}]}}