{"id":3529,"date":"2022-06-03T15:37:18","date_gmt":"2022-06-03T15:37:18","guid":{"rendered":"https:\/\/traduzca.com\/?p=3529"},"modified":"2026-02-13T19:00:56","modified_gmt":"2026-02-13T19:00:56","slug":"semana-do-meio-ambiente-promove-debate-e-reflexao-sobre-futuro-do-planeta","status":"publish","type":"post","link":"https:\/\/traduzca.com\/en\/semana-do-meio-ambiente-promove-debate-e-reflexao-sobre-futuro-do-planeta\/","title":{"rendered":"Semana do Meio Ambiente promove debate e reflex\u00e3o sobre futuro do planeta"},"content":{"rendered":"<p>O m\u00eas de junho come\u00e7a com uma convoca\u00e7\u00e3o feita \u00e0 popula\u00e7\u00e3o de todo o planeta para debater e refletir sobre o nosso pr\u00f3prio futuro. No dia 5, \u00e9 celebrado o Dia Mundial do Meio Ambiente, com uma semana repleta de a\u00e7\u00f5es para conscientiza\u00e7\u00e3o de pessoas, institui\u00e7\u00f5es e empresas.<\/p>\n<p>Tudo come\u00e7ou em 1972, na primeira Confer\u00eancia sobre o Meio Ambiente Humano (Confer\u00eancia de Estocolmo), na Su\u00e9cia, evento que, em 2022, completa 50 anos. Organizado pelas Na\u00e7\u00f5es Unidas, o evento foi um marco na constru\u00e7\u00e3o do conceito de crise ambiental e trouxe como legado a primeira declara\u00e7\u00e3o da Organiza\u00e7\u00e3o das Na\u00e7\u00f5es Unidas sobre o Meio Ambiente.<\/p>\n<p>No Brasil, a Semana Nacional do Meio Ambiente foi institu\u00edda em 27 de maio de 1981. Nesta edi\u00e7\u00e3o, as a\u00e7\u00f5es de mobiliza\u00e7\u00e3o se espalham pelo pa\u00eds, tanto por parte de governos quanto da iniciativa privada. A ideia \u00e9 chamar a aten\u00e7\u00e3o do p\u00fablico em geral para temas relacionados ao meio ambiente. Os eventos v\u00e3o desde workshops e palestras at\u00e9 a\u00e7\u00f5es mais pr\u00e1ticas, como coleta de lixo em praias.<\/p>\n<p>Em Porto Alegre, a Campanha Ondas Limpas promove no dia 4 um mutir\u00e3o para limpeza das \u00e1guas do Lago Gua\u00edba, com concentra\u00e7\u00e3o na Usina do Gas\u00f4metro. O evento tamb\u00e9m prev\u00ea aulas introdut\u00f3rias sobre o tema e separa\u00e7\u00e3o e contagem dos res\u00edduos coletados. Voc\u00ea tamb\u00e9m pode optar por a\u00e7\u00f5es culturais. Em S\u00e3o Paulo, por exemplo, h\u00e1 inclusive exibi\u00e7\u00e3o de filmes sobre meio ambiente. A Mostra Ecofalante traz 20 filmes premiados ao longo de todo o m\u00eas. Tamb\u00e9m na capital paulista, no dia 5, a Bienal do Lixo oferece exposi\u00e7\u00f5es de arte e oficinas.<\/p>\n<p>Al\u00e9m da conscientiza\u00e7\u00e3o das pessoas, empresas tamb\u00e9m buscam encontrar solu\u00e7\u00f5es sustent\u00e1veis para os desafios pr\u00e1ticos do dia a dia. Em S\u00e3o Paulo, acontece, entre 7 e 9 de junho, a Ecomondo Brasil, uma feira que aproveita a Semana do Meio Ambiente para apresentar as principais novidades e tend\u00eancias na Gest\u00e3o de Res\u00edduos (Urbano, Industrial e Automotivo) e Energia (Biog\u00e1s e Biomassa).<\/p>","protected":false},"excerpt":{"rendered":"<p>O m\u00eas de junho come\u00e7a com uma convoca\u00e7\u00e3o feita \u00e0 popula\u00e7\u00e3o de todo o planeta para debater e refletir sobre o nosso pr\u00f3prio futuro. No dia 5, \u00e9 celebrado o Dia Mundial do Meio Ambiente, com uma semana&#8230;<\/p>","protected":false},"author":1,"featured_media":0,"comment_status":"closed","ping_status":"closed","sticky":false,"template":"","format":"standard","meta":{"_acf_changed":false,"footnotes":""},"categories":[34,33],"tags":[35,9],"class_list":["post-3529","post","type-post","status-publish","format-standard","hentry","category-blog","category-noticias","tag-blog","tag-noticias"],"acf":[],"yoast_head":"<!-- This site is optimized with the Yoast SEO plugin v26.9 - https:\/\/yoast.com\/product\/yoast-seo-wordpress\/ -->\n<title>Semana do Meio Ambiente promove debate e reflex\u00e3o sobre futuro do planeta - Traduzca<\/title>\n<meta name=\"robots\" content=\"index, follow, max-snippet:-1, max-image-preview:large, max-video-preview:-1\" \/>\n<link rel=\"canonical\" href=\"https:\/\/traduzca.com\/en\/semana-do-meio-ambiente-promove-debate-e-reflexao-sobre-futuro-do-planeta\/\" \/>\n<meta property=\"og:locale\" content=\"en_US\" \/>\n<meta property=\"og:type\" content=\"article\" \/>\n<meta property=\"og:title\" content=\"Semana do Meio Ambiente promove debate e reflex\u00e3o sobre futuro do planeta - Traduzca\" \/>\n<meta property=\"og:description\" content=\"O m\u00eas de junho come\u00e7a com uma convoca\u00e7\u00e3o feita \u00e0 popula\u00e7\u00e3o de todo o planeta para debater e refletir sobre o nosso pr\u00f3prio futuro. No dia 5, \u00e9 celebrado o Dia Mundial do Meio Ambiente, com uma semana...\" \/>\n<meta property=\"og:url\" content=\"https:\/\/traduzca.com\/en\/semana-do-meio-ambiente-promove-debate-e-reflexao-sobre-futuro-do-planeta\/\" \/>\n<meta property=\"og:site_name\" content=\"Traduzca\" \/>\n<meta property=\"article:publisher\" content=\"https:\/\/www.facebook.com\/traduzca\" \/>\n<meta property=\"article:published_time\" content=\"2022-06-03T15:37:18+00:00\" \/>\n<meta property=\"article:modified_time\" content=\"2026-02-13T19:00:56+00:00\" \/>\n<meta name=\"author\" content=\"traduzca_admin\" \/>\n<meta name=\"twitter:card\" content=\"summary_large_image\" \/>\n<meta name=\"twitter:label1\" content=\"Written by\" \/>\n\t<meta name=\"twitter:data1\" content=\"traduzca_admin\" \/>\n\t<meta name=\"twitter:label2\" content=\"Est. reading time\" \/>\n\t<meta name=\"twitter:data2\" content=\"2 minutes\" \/>\n<script type=\"application\/ld+json\" class=\"yoast-schema-graph\">{\"@context\":\"https:\/\/schema.org\",\"@graph\":[{\"@type\":\"Article\",\"@id\":\"https:\/\/traduzca.com\/semana-do-meio-ambiente-promove-debate-e-reflexao-sobre-futuro-do-planeta\/#article\",\"isPartOf\":{\"@id\":\"https:\/\/traduzca.com\/semana-do-meio-ambiente-promove-debate-e-reflexao-sobre-futuro-do-planeta\/\"},\"author\":{\"name\":\"traduzca_admin\",\"@id\":\"https:\/\/traduzca.com\/#\/schema\/person\/b4689f634b68236dfb176043283b2ae8\"},\"headline\":\"Semana do Meio Ambiente promove debate e reflex\u00e3o sobre futuro do planeta\",\"datePublished\":\"2022-06-03T15:37:18+00:00\",\"dateModified\":\"2026-02-13T19:00:56+00:00\",\"mainEntityOfPage\":{\"@id\":\"https:\/\/traduzca.com\/semana-do-meio-ambiente-promove-debate-e-reflexao-sobre-futuro-do-planeta\/\"},\"wordCount\":377,\"publisher\":{\"@id\":\"https:\/\/traduzca.com\/#organization\"},\"keywords\":[\"Blog\",\"NOT\u00cdCIAS\"],\"articleSection\":[\"Blog\",\"Not\u00edcias\"],\"inLanguage\":\"en-US\"},{\"@type\":\"WebPage\",\"@id\":\"https:\/\/traduzca.com\/semana-do-meio-ambiente-promove-debate-e-reflexao-sobre-futuro-do-planeta\/\",\"url\":\"https:\/\/traduzca.com\/semana-do-meio-ambiente-promove-debate-e-reflexao-sobre-futuro-do-planeta\/\",\"name\":\"Semana do Meio Ambiente promove debate e reflex\u00e3o sobre futuro do planeta - Traduzca\",\"isPartOf\":{\"@id\":\"https:\/\/traduzca.com\/#website\"},\"datePublished\":\"2022-06-03T15:37:18+00:00\",\"dateModified\":\"2026-02-13T19:00:56+00:00\",\"breadcrumb\":{\"@id\":\"https:\/\/traduzca.com\/semana-do-meio-ambiente-promove-debate-e-reflexao-sobre-futuro-do-planeta\/#breadcrumb\"},\"inLanguage\":\"en-US\",\"potentialAction\":[{\"@type\":\"ReadAction\",\"target\":[\"https:\/\/traduzca.com\/semana-do-meio-ambiente-promove-debate-e-reflexao-sobre-futuro-do-planeta\/\"]}]},{\"@type\":\"BreadcrumbList\",\"@id\":\"https:\/\/traduzca.com\/semana-do-meio-ambiente-promove-debate-e-reflexao-sobre-futuro-do-planeta\/#breadcrumb\",\"itemListElement\":[{\"@type\":\"ListItem\",\"position\":1,\"name\":\"Home\",\"item\":\"https:\/\/traduzca.com\/\"},{\"@type\":\"ListItem\",\"position\":2,\"name\":\"Semana do Meio Ambiente promove debate e reflex\u00e3o sobre futuro do planeta\"}]},{\"@type\":\"WebSite\",\"@id\":\"https:\/\/traduzca.com\/#website\",\"url\":\"https:\/\/traduzca.com\/\",\"name\":\"Traduzca\",\"description\":\"A Traduzca conecta voc\u00ea a tradutores nativos com expertise t\u00e9cnica. Qualidade, sigilo e pontualidade para romper as barreiras do seu neg\u00f3cio.\",\"publisher\":{\"@id\":\"https:\/\/traduzca.com\/#organization\"},\"potentialAction\":[{\"@type\":\"SearchAction\",\"target\":{\"@type\":\"EntryPoint\",\"urlTemplate\":\"https:\/\/traduzca.com\/?s={search_term_string}\"},\"query-input\":{\"@type\":\"PropertyValueSpecification\",\"valueRequired\":true,\"valueName\":\"search_term_string\"}}],\"inLanguage\":\"en-US\"},{\"@type\":\"Organization\",\"@id\":\"https:\/\/traduzca.com\/#organization\",\"name\":\"Traduzca\",\"url\":\"https:\/\/traduzca.com\/\",\"logo\":{\"@type\":\"ImageObject\",\"inLanguage\":\"en-US\",\"@id\":\"https:\/\/traduzca.com\/#\/schema\/logo\/image\/\",\"url\":\"https:\/\/traduzca.com\/wp-content\/uploads\/2026\/02\/cropped-favicon.png\",\"contentUrl\":\"https:\/\/traduzca.com\/wp-content\/uploads\/2026\/02\/cropped-favicon.png\",\"width\":97,\"height\":94,\"caption\":\"Traduzca\"},\"image\":{\"@id\":\"https:\/\/traduzca.com\/#\/schema\/logo\/image\/\"},\"sameAs\":[\"https:\/\/www.facebook.com\/traduzca\"]},{\"@type\":\"Person\",\"@id\":\"https:\/\/traduzca.com\/#\/schema\/person\/b4689f634b68236dfb176043283b2ae8\",\"name\":\"traduzca_admin\",\"image\":{\"@type\":\"ImageObject\",\"inLanguage\":\"en-US\",\"@id\":\"https:\/\/traduzca.com\/#\/schema\/person\/image\/\",\"url\":\"https:\/\/secure.gravatar.com\/avatar\/3e977bbac939cc66d785e2b0963953e99cf6fed540960c0ef0a9e984e569dd2f?s=96&d=mm&r=g\",\"contentUrl\":\"https:\/\/secure.gravatar.com\/avatar\/3e977bbac939cc66d785e2b0963953e99cf6fed540960c0ef0a9e984e569dd2f?s=96&d=mm&r=g\",\"caption\":\"traduzca_admin\"},\"sameAs\":[\"https:\/\/traduzca.com\"],\"url\":\"https:\/\/traduzca.com\/en\/author\/traduzca_admin\/\"}]}<\/script>\n<!-- \/ Yoast SEO plugin. -->","yoast_head_json":{"title":"Semana do Meio Ambiente promove debate e reflex\u00e3o sobre futuro do planeta - Traduzca","robots":{"index":"index","follow":"follow","max-snippet":"max-snippet:-1","max-image-preview":"max-image-preview:large","max-video-preview":"max-video-preview:-1"},"canonical":"https:\/\/traduzca.com\/en\/semana-do-meio-ambiente-promove-debate-e-reflexao-sobre-futuro-do-planeta\/","og_locale":"en_US","og_type":"article","og_title":"Semana do Meio Ambiente promove debate e reflex\u00e3o sobre futuro do planeta - Traduzca","og_description":"O m\u00eas de junho come\u00e7a com uma convoca\u00e7\u00e3o feita \u00e0 popula\u00e7\u00e3o de todo o planeta para debater e refletir sobre o nosso pr\u00f3prio futuro. No dia 5, \u00e9 celebrado o Dia Mundial do Meio Ambiente, com uma semana...","og_url":"https:\/\/traduzca.com\/en\/semana-do-meio-ambiente-promove-debate-e-reflexao-sobre-futuro-do-planeta\/","og_site_name":"Traduzca","article_publisher":"https:\/\/www.facebook.com\/traduzca","article_published_time":"2022-06-03T15:37:18+00:00","article_modified_time":"2026-02-13T19:00:56+00:00","author":"traduzca_admin","twitter_card":"summary_large_image","twitter_misc":{"Written by":"traduzca_admin","Est. reading time":"2 minutes"},"schema":{"@context":"https:\/\/schema.org","@graph":[{"@type":"Article","@id":"https:\/\/traduzca.com\/semana-do-meio-ambiente-promove-debate-e-reflexao-sobre-futuro-do-planeta\/#article","isPartOf":{"@id":"https:\/\/traduzca.com\/semana-do-meio-ambiente-promove-debate-e-reflexao-sobre-futuro-do-planeta\/"},"author":{"name":"traduzca_admin","@id":"https:\/\/traduzca.com\/#\/schema\/person\/b4689f634b68236dfb176043283b2ae8"},"headline":"Semana do Meio Ambiente promove debate e reflex\u00e3o sobre futuro do planeta","datePublished":"2022-06-03T15:37:18+00:00","dateModified":"2026-02-13T19:00:56+00:00","mainEntityOfPage":{"@id":"https:\/\/traduzca.com\/semana-do-meio-ambiente-promove-debate-e-reflexao-sobre-futuro-do-planeta\/"},"wordCount":377,"publisher":{"@id":"https:\/\/traduzca.com\/#organization"},"keywords":["Blog","NOT\u00cdCIAS"],"articleSection":["Blog","Not\u00edcias"],"inLanguage":"en-US"},{"@type":"WebPage","@id":"https:\/\/traduzca.com\/semana-do-meio-ambiente-promove-debate-e-reflexao-sobre-futuro-do-planeta\/","url":"https:\/\/traduzca.com\/semana-do-meio-ambiente-promove-debate-e-reflexao-sobre-futuro-do-planeta\/","name":"Semana do Meio Ambiente promove debate e reflex\u00e3o sobre futuro do planeta - Traduzca","isPartOf":{"@id":"https:\/\/traduzca.com\/#website"},"datePublished":"2022-06-03T15:37:18+00:00","dateModified":"2026-02-13T19:00:56+00:00","breadcrumb":{"@id":"https:\/\/traduzca.com\/semana-do-meio-ambiente-promove-debate-e-reflexao-sobre-futuro-do-planeta\/#breadcrumb"},"inLanguage":"en-US","potentialAction":[{"@type":"ReadAction","target":["https:\/\/traduzca.com\/semana-do-meio-ambiente-promove-debate-e-reflexao-sobre-futuro-do-planeta\/"]}]},{"@type":"BreadcrumbList","@id":"https:\/\/traduzca.com\/semana-do-meio-ambiente-promove-debate-e-reflexao-sobre-futuro-do-planeta\/#breadcrumb","itemListElement":[{"@type":"ListItem","position":1,"name":"Home","item":"https:\/\/traduzca.com\/"},{"@type":"ListItem","position":2,"name":"Semana do Meio Ambiente promove debate e reflex\u00e3o sobre futuro do planeta"}]},{"@type":"WebSite","@id":"https:\/\/traduzca.com\/#website","url":"https:\/\/traduzca.com\/","name":"Traduzca","description":"Traduzca connects you with native translators with technical expertise. Quality, confidentiality, and on-time delivery to break down the barriers of your business.","publisher":{"@id":"https:\/\/traduzca.com\/#organization"},"potentialAction":[{"@type":"SearchAction","target":{"@type":"EntryPoint","urlTemplate":"https:\/\/traduzca.com\/?s={search_term_string}"},"query-input":{"@type":"PropertyValueSpecification","valueRequired":true,"valueName":"search_term_string"}}],"inLanguage":"en-US"},{"@type":"Organization","@id":"https:\/\/traduzca.com\/#organization","name":"Traduzca","url":"https:\/\/traduzca.com\/","logo":{"@type":"ImageObject","inLanguage":"en-US","@id":"https:\/\/traduzca.com\/#\/schema\/logo\/image\/","url":"https:\/\/traduzca.com\/wp-content\/uploads\/2026\/02\/cropped-favicon.png","contentUrl":"https:\/\/traduzca.com\/wp-content\/uploads\/2026\/02\/cropped-favicon.png","width":97,"height":94,"caption":"Traduzca"},"image":{"@id":"https:\/\/traduzca.com\/#\/schema\/logo\/image\/"},"sameAs":["https:\/\/www.facebook.com\/traduzca"]},{"@type":"Person","@id":"https:\/\/traduzca.com\/#\/schema\/person\/b4689f634b68236dfb176043283b2ae8","name":"traduzca_admin","image":{"@type":"ImageObject","inLanguage":"en-US","@id":"https:\/\/traduzca.com\/#\/schema\/person\/image\/","url":"https:\/\/secure.gravatar.com\/avatar\/3e977bbac939cc66d785e2b0963953e99cf6fed540960c0ef0a9e984e569dd2f?s=96&d=mm&r=g","contentUrl":"https:\/\/secure.gravatar.com\/avatar\/3e977bbac939cc66d785e2b0963953e99cf6fed540960c0ef0a9e984e569dd2f?s=96&d=mm&r=g","caption":"traduzca_admin"},"sameAs":["https:\/\/traduzca.com"],"url":"https:\/\/traduzca.com\/en\/author\/traduzca_admin\/"}]}},"_links":{"self":[{"href":"https:\/\/traduzca.com\/en\/wp-json\/wp\/v2\/posts\/3529","targetHints":{"allow":["GET"]}}],"collection":[{"href":"https:\/\/traduzca.com\/en\/wp-json\/wp\/v2\/posts"}],"about":[{"href":"https:\/\/traduzca.com\/en\/wp-json\/wp\/v2\/types\/post"}],"author":[{"embeddable":true,"href":"https:\/\/traduzca.com\/en\/wp-json\/wp\/v2\/users\/1"}],"replies":[{"embeddable":true,"href":"https:\/\/traduzca.com\/en\/wp-json\/wp\/v2\/comments?post=3529"}],"version-history":[{"count":2,"href":"https:\/\/traduzca.com\/en\/wp-json\/wp\/v2\/posts\/3529\/revisions"}],"predecessor-version":[{"id":3531,"href":"https:\/\/traduzca.com\/en\/wp-json\/wp\/v2\/posts\/3529\/revisions\/3531"}],"wp:attachment":[{"href":"https:\/\/traduzca.com\/en\/wp-json\/wp\/v2\/media?parent=3529"}],"wp:term":[{"taxonomy":"category","embeddable":true,"href":"https:\/\/traduzca.com\/en\/wp-json\/wp\/v2\/categories?post=3529"},{"taxonomy":"post_tag","embeddable":true,"href":"https:\/\/traduzca.com\/en\/wp-json\/wp\/v2\/tags?post=3529"}],"curies":[{"name":"wp","href":"https:\/\/api.w.org\/{rel}","templated":true}]}}