{"id":3613,"date":"2022-08-08T17:52:04","date_gmt":"2022-08-08T17:52:04","guid":{"rendered":"https:\/\/traduzca.com\/?p=3613"},"modified":"2026-02-13T19:04:29","modified_gmt":"2026-02-13T19:04:29","slug":"minivisto-para-entrar-na-europa-etias-e-adiado-para-novembro-de-2023","status":"publish","type":"post","link":"https:\/\/traduzca.com\/en\/minivisto-para-entrar-na-europa-etias-e-adiado-para-novembro-de-2023\/","title":{"rendered":"&#8220;Minivisto&#8221; para entrar na Europa, Etias \u00e9 adiado para novembro de 2023"},"content":{"rendered":"<p>Esp\u00e9cie de &#8220;minivisto&#8221; criado pela Uni\u00e3o Europeia para viajantes que rumam ao Velho Continente, o Etias passar\u00e1 a valer apenas em novembro de 2023. Antes previsto para come\u00e7ar a funcionar em maio do pr\u00f3ximo ano, o servi\u00e7o foi adiado devido a quest\u00f5es operacionais. Voc\u00ea j\u00e1 sabe como obter o documento? A Traduzca mostra para voc\u00ea.<\/p>\n<p>Etias \u00e9 a sigla em ingl\u00eas para Sistema Europeu de Informa\u00e7\u00e3o de Viagem e Autoriza\u00e7\u00e3o e precisa ser solicitado online mediante pagamento de uma taxa de 7 euros. O documento viabiliza o ingresso de viajantes para fins tur\u00edsticos, comerciais, de tr\u00e2nsito e m\u00e9dicos. O documento tamb\u00e9m ser\u00e1 exigido para menores de idade e idosos com mais de 70 anos; por\u00e9m, eles s\u00e3o isentos da taxa.<\/p>\n<p>De acordo com a Comiss\u00e3o Europeia, a autoriza\u00e7\u00e3o de viagem pretende facilitar a entrada dos turistas de pa\u00edses isentos ao diminuir o tempo de passagem pela imigra\u00e7\u00e3o nos aeroportos. As autoridades locais tamb\u00e9m refor\u00e7am que o Etias n\u00e3o \u00e9 um visto. <a href=\"https:\/\/www.etiasvisa.com\/br\" target=\"_blank\" rel=\"noreferrer noopener\">Acesse o site do Etias e veja mais informa\u00e7\u00f5es<\/a>.<\/p>\n<p>At\u00e9 novembro de 2023, os brasileiros seguem isentos de apresentar qualquer tipo de documento al\u00e9m do passaporte para frequentar pa\u00edses da Uni\u00e3o Europeia por at\u00e9 90 dias. Mesmo assim, \u00e9 importante ficar atento \u00e0s particularidades que cada pa\u00eds pode ter em rela\u00e7\u00e3o aos protocolos sanit\u00e1rios da pandemia ou outras necessidades. Caso voc\u00ea precise apresentar documentos com tradu\u00e7\u00e3o juramentada para a sua viagem, <a href=\"https:\/\/traduzca.com\/en\/orcamento\/\" target=\"_blank\" rel=\"noreferrer noopener\">a Traduzca tem as melhores solu\u00e7\u00f5es para atend\u00ea-lo. Confira aqui.<\/a><\/p>","protected":false},"excerpt":{"rendered":"<p>Esp\u00e9cie de &#8220;minivisto&#8221; criado pela Uni\u00e3o Europeia para viajantes que rumam ao Velho Continente, o Etias passar\u00e1 a valer apenas em novembro de 2023. Antes previsto para come\u00e7ar a funcionar em maio do &#8230;<\/p>","protected":false},"author":1,"featured_media":0,"comment_status":"closed","ping_status":"closed","sticky":false,"template":"","format":"standard","meta":{"_acf_changed":false,"footnotes":""},"categories":[34,33],"tags":[35,9],"class_list":["post-3613","post","type-post","status-publish","format-standard","hentry","category-blog","category-noticias","tag-blog","tag-noticias"],"acf":[],"yoast_head":"<!-- This site is optimized with the Yoast SEO plugin v26.9 - https:\/\/yoast.com\/product\/yoast-seo-wordpress\/ -->\n<title>&quot;Minivisto&quot; para entrar na Europa, Etias \u00e9 adiado para novembro de 2023 - Traduzca<\/title>\n<meta name=\"robots\" content=\"index, follow, max-snippet:-1, max-image-preview:large, max-video-preview:-1\" \/>\n<link rel=\"canonical\" href=\"https:\/\/traduzca.com\/en\/minivisto-para-entrar-na-europa-etias-e-adiado-para-novembro-de-2023\/\" \/>\n<meta property=\"og:locale\" content=\"en_US\" \/>\n<meta property=\"og:type\" content=\"article\" \/>\n<meta property=\"og:title\" content=\"&quot;Minivisto&quot; para entrar na Europa, Etias \u00e9 adiado para novembro de 2023 - Traduzca\" \/>\n<meta property=\"og:description\" content=\"Esp\u00e9cie de &quot;minivisto&quot; criado pela Uni\u00e3o Europeia para viajantes que rumam ao Velho Continente, o Etias passar\u00e1 a valer apenas em novembro de 2023. Antes previsto para come\u00e7ar a funcionar em maio do ...\" \/>\n<meta property=\"og:url\" content=\"https:\/\/traduzca.com\/en\/minivisto-para-entrar-na-europa-etias-e-adiado-para-novembro-de-2023\/\" \/>\n<meta property=\"og:site_name\" content=\"Traduzca\" \/>\n<meta property=\"article:publisher\" content=\"https:\/\/www.facebook.com\/traduzca\" \/>\n<meta property=\"article:published_time\" content=\"2022-08-08T17:52:04+00:00\" \/>\n<meta property=\"article:modified_time\" content=\"2026-02-13T19:04:29+00:00\" \/>\n<meta name=\"author\" content=\"traduzca_admin\" \/>\n<meta name=\"twitter:card\" content=\"summary_large_image\" \/>\n<meta name=\"twitter:label1\" content=\"Written by\" \/>\n\t<meta name=\"twitter:data1\" content=\"traduzca_admin\" \/>\n\t<meta name=\"twitter:label2\" content=\"Est. reading time\" \/>\n\t<meta name=\"twitter:data2\" content=\"1 minute\" \/>\n<script type=\"application\/ld+json\" class=\"yoast-schema-graph\">{\"@context\":\"https:\/\/schema.org\",\"@graph\":[{\"@type\":\"Article\",\"@id\":\"https:\/\/traduzca.com\/minivisto-para-entrar-na-europa-etias-e-adiado-para-novembro-de-2023\/#article\",\"isPartOf\":{\"@id\":\"https:\/\/traduzca.com\/minivisto-para-entrar-na-europa-etias-e-adiado-para-novembro-de-2023\/\"},\"author\":{\"name\":\"traduzca_admin\",\"@id\":\"https:\/\/traduzca.com\/#\/schema\/person\/b4689f634b68236dfb176043283b2ae8\"},\"headline\":\"&#8220;Minivisto&#8221; para entrar na Europa, Etias \u00e9 adiado para novembro de 2023\",\"datePublished\":\"2022-08-08T17:52:04+00:00\",\"dateModified\":\"2026-02-13T19:04:29+00:00\",\"mainEntityOfPage\":{\"@id\":\"https:\/\/traduzca.com\/minivisto-para-entrar-na-europa-etias-e-adiado-para-novembro-de-2023\/\"},\"wordCount\":276,\"publisher\":{\"@id\":\"https:\/\/traduzca.com\/#organization\"},\"keywords\":[\"Blog\",\"NOT\u00cdCIAS\"],\"articleSection\":[\"Blog\",\"Not\u00edcias\"],\"inLanguage\":\"en-US\"},{\"@type\":\"WebPage\",\"@id\":\"https:\/\/traduzca.com\/minivisto-para-entrar-na-europa-etias-e-adiado-para-novembro-de-2023\/\",\"url\":\"https:\/\/traduzca.com\/minivisto-para-entrar-na-europa-etias-e-adiado-para-novembro-de-2023\/\",\"name\":\"\\\"Minivisto\\\" para entrar na Europa, Etias \u00e9 adiado para novembro de 2023 - Traduzca\",\"isPartOf\":{\"@id\":\"https:\/\/traduzca.com\/#website\"},\"datePublished\":\"2022-08-08T17:52:04+00:00\",\"dateModified\":\"2026-02-13T19:04:29+00:00\",\"breadcrumb\":{\"@id\":\"https:\/\/traduzca.com\/minivisto-para-entrar-na-europa-etias-e-adiado-para-novembro-de-2023\/#breadcrumb\"},\"inLanguage\":\"en-US\",\"potentialAction\":[{\"@type\":\"ReadAction\",\"target\":[\"https:\/\/traduzca.com\/minivisto-para-entrar-na-europa-etias-e-adiado-para-novembro-de-2023\/\"]}]},{\"@type\":\"BreadcrumbList\",\"@id\":\"https:\/\/traduzca.com\/minivisto-para-entrar-na-europa-etias-e-adiado-para-novembro-de-2023\/#breadcrumb\",\"itemListElement\":[{\"@type\":\"ListItem\",\"position\":1,\"name\":\"Home\",\"item\":\"https:\/\/traduzca.com\/\"},{\"@type\":\"ListItem\",\"position\":2,\"name\":\"&#8220;Minivisto&#8221; para entrar na Europa, Etias \u00e9 adiado para novembro de 2023\"}]},{\"@type\":\"WebSite\",\"@id\":\"https:\/\/traduzca.com\/#website\",\"url\":\"https:\/\/traduzca.com\/\",\"name\":\"Traduzca\",\"description\":\"A Traduzca conecta voc\u00ea a tradutores nativos com expertise t\u00e9cnica. Qualidade, sigilo e pontualidade para romper as barreiras do seu neg\u00f3cio.\",\"publisher\":{\"@id\":\"https:\/\/traduzca.com\/#organization\"},\"potentialAction\":[{\"@type\":\"SearchAction\",\"target\":{\"@type\":\"EntryPoint\",\"urlTemplate\":\"https:\/\/traduzca.com\/?s={search_term_string}\"},\"query-input\":{\"@type\":\"PropertyValueSpecification\",\"valueRequired\":true,\"valueName\":\"search_term_string\"}}],\"inLanguage\":\"en-US\"},{\"@type\":\"Organization\",\"@id\":\"https:\/\/traduzca.com\/#organization\",\"name\":\"Traduzca\",\"url\":\"https:\/\/traduzca.com\/\",\"logo\":{\"@type\":\"ImageObject\",\"inLanguage\":\"en-US\",\"@id\":\"https:\/\/traduzca.com\/#\/schema\/logo\/image\/\",\"url\":\"https:\/\/traduzca.com\/wp-content\/uploads\/2026\/02\/cropped-favicon.png\",\"contentUrl\":\"https:\/\/traduzca.com\/wp-content\/uploads\/2026\/02\/cropped-favicon.png\",\"width\":97,\"height\":94,\"caption\":\"Traduzca\"},\"image\":{\"@id\":\"https:\/\/traduzca.com\/#\/schema\/logo\/image\/\"},\"sameAs\":[\"https:\/\/www.facebook.com\/traduzca\"]},{\"@type\":\"Person\",\"@id\":\"https:\/\/traduzca.com\/#\/schema\/person\/b4689f634b68236dfb176043283b2ae8\",\"name\":\"traduzca_admin\",\"image\":{\"@type\":\"ImageObject\",\"inLanguage\":\"en-US\",\"@id\":\"https:\/\/traduzca.com\/#\/schema\/person\/image\/\",\"url\":\"https:\/\/secure.gravatar.com\/avatar\/3e977bbac939cc66d785e2b0963953e99cf6fed540960c0ef0a9e984e569dd2f?s=96&d=mm&r=g\",\"contentUrl\":\"https:\/\/secure.gravatar.com\/avatar\/3e977bbac939cc66d785e2b0963953e99cf6fed540960c0ef0a9e984e569dd2f?s=96&d=mm&r=g\",\"caption\":\"traduzca_admin\"},\"sameAs\":[\"https:\/\/traduzca.com\"],\"url\":\"https:\/\/traduzca.com\/en\/author\/traduzca_admin\/\"}]}<\/script>\n<!-- \/ Yoast SEO plugin. -->","yoast_head_json":{"title":"\"Minivisto\" para entrar na Europa, Etias \u00e9 adiado para novembro de 2023 - Traduzca","robots":{"index":"index","follow":"follow","max-snippet":"max-snippet:-1","max-image-preview":"max-image-preview:large","max-video-preview":"max-video-preview:-1"},"canonical":"https:\/\/traduzca.com\/en\/minivisto-para-entrar-na-europa-etias-e-adiado-para-novembro-de-2023\/","og_locale":"en_US","og_type":"article","og_title":"\"Minivisto\" para entrar na Europa, Etias \u00e9 adiado para novembro de 2023 - Traduzca","og_description":"Esp\u00e9cie de \"minivisto\" criado pela Uni\u00e3o Europeia para viajantes que rumam ao Velho Continente, o Etias passar\u00e1 a valer apenas em novembro de 2023. Antes previsto para come\u00e7ar a funcionar em maio do ...","og_url":"https:\/\/traduzca.com\/en\/minivisto-para-entrar-na-europa-etias-e-adiado-para-novembro-de-2023\/","og_site_name":"Traduzca","article_publisher":"https:\/\/www.facebook.com\/traduzca","article_published_time":"2022-08-08T17:52:04+00:00","article_modified_time":"2026-02-13T19:04:29+00:00","author":"traduzca_admin","twitter_card":"summary_large_image","twitter_misc":{"Written by":"traduzca_admin","Est. reading time":"1 minute"},"schema":{"@context":"https:\/\/schema.org","@graph":[{"@type":"Article","@id":"https:\/\/traduzca.com\/minivisto-para-entrar-na-europa-etias-e-adiado-para-novembro-de-2023\/#article","isPartOf":{"@id":"https:\/\/traduzca.com\/minivisto-para-entrar-na-europa-etias-e-adiado-para-novembro-de-2023\/"},"author":{"name":"traduzca_admin","@id":"https:\/\/traduzca.com\/#\/schema\/person\/b4689f634b68236dfb176043283b2ae8"},"headline":"&#8220;Minivisto&#8221; para entrar na Europa, Etias \u00e9 adiado para novembro de 2023","datePublished":"2022-08-08T17:52:04+00:00","dateModified":"2026-02-13T19:04:29+00:00","mainEntityOfPage":{"@id":"https:\/\/traduzca.com\/minivisto-para-entrar-na-europa-etias-e-adiado-para-novembro-de-2023\/"},"wordCount":276,"publisher":{"@id":"https:\/\/traduzca.com\/#organization"},"keywords":["Blog","NOT\u00cdCIAS"],"articleSection":["Blog","Not\u00edcias"],"inLanguage":"en-US"},{"@type":"WebPage","@id":"https:\/\/traduzca.com\/minivisto-para-entrar-na-europa-etias-e-adiado-para-novembro-de-2023\/","url":"https:\/\/traduzca.com\/minivisto-para-entrar-na-europa-etias-e-adiado-para-novembro-de-2023\/","name":"\"Minivisto\" para entrar na Europa, Etias \u00e9 adiado para novembro de 2023 - Traduzca","isPartOf":{"@id":"https:\/\/traduzca.com\/#website"},"datePublished":"2022-08-08T17:52:04+00:00","dateModified":"2026-02-13T19:04:29+00:00","breadcrumb":{"@id":"https:\/\/traduzca.com\/minivisto-para-entrar-na-europa-etias-e-adiado-para-novembro-de-2023\/#breadcrumb"},"inLanguage":"en-US","potentialAction":[{"@type":"ReadAction","target":["https:\/\/traduzca.com\/minivisto-para-entrar-na-europa-etias-e-adiado-para-novembro-de-2023\/"]}]},{"@type":"BreadcrumbList","@id":"https:\/\/traduzca.com\/minivisto-para-entrar-na-europa-etias-e-adiado-para-novembro-de-2023\/#breadcrumb","itemListElement":[{"@type":"ListItem","position":1,"name":"Home","item":"https:\/\/traduzca.com\/"},{"@type":"ListItem","position":2,"name":"&#8220;Minivisto&#8221; para entrar na Europa, Etias \u00e9 adiado para novembro de 2023"}]},{"@type":"WebSite","@id":"https:\/\/traduzca.com\/#website","url":"https:\/\/traduzca.com\/","name":"Traduzca","description":"Traduzca connects you with native translators with technical expertise. Quality, confidentiality, and on-time delivery to break down the barriers of your business.","publisher":{"@id":"https:\/\/traduzca.com\/#organization"},"potentialAction":[{"@type":"SearchAction","target":{"@type":"EntryPoint","urlTemplate":"https:\/\/traduzca.com\/?s={search_term_string}"},"query-input":{"@type":"PropertyValueSpecification","valueRequired":true,"valueName":"search_term_string"}}],"inLanguage":"en-US"},{"@type":"Organization","@id":"https:\/\/traduzca.com\/#organization","name":"Traduzca","url":"https:\/\/traduzca.com\/","logo":{"@type":"ImageObject","inLanguage":"en-US","@id":"https:\/\/traduzca.com\/#\/schema\/logo\/image\/","url":"https:\/\/traduzca.com\/wp-content\/uploads\/2026\/02\/cropped-favicon.png","contentUrl":"https:\/\/traduzca.com\/wp-content\/uploads\/2026\/02\/cropped-favicon.png","width":97,"height":94,"caption":"Traduzca"},"image":{"@id":"https:\/\/traduzca.com\/#\/schema\/logo\/image\/"},"sameAs":["https:\/\/www.facebook.com\/traduzca"]},{"@type":"Person","@id":"https:\/\/traduzca.com\/#\/schema\/person\/b4689f634b68236dfb176043283b2ae8","name":"traduzca_admin","image":{"@type":"ImageObject","inLanguage":"en-US","@id":"https:\/\/traduzca.com\/#\/schema\/person\/image\/","url":"https:\/\/secure.gravatar.com\/avatar\/3e977bbac939cc66d785e2b0963953e99cf6fed540960c0ef0a9e984e569dd2f?s=96&d=mm&r=g","contentUrl":"https:\/\/secure.gravatar.com\/avatar\/3e977bbac939cc66d785e2b0963953e99cf6fed540960c0ef0a9e984e569dd2f?s=96&d=mm&r=g","caption":"traduzca_admin"},"sameAs":["https:\/\/traduzca.com"],"url":"https:\/\/traduzca.com\/en\/author\/traduzca_admin\/"}]}},"_links":{"self":[{"href":"https:\/\/traduzca.com\/en\/wp-json\/wp\/v2\/posts\/3613","targetHints":{"allow":["GET"]}}],"collection":[{"href":"https:\/\/traduzca.com\/en\/wp-json\/wp\/v2\/posts"}],"about":[{"href":"https:\/\/traduzca.com\/en\/wp-json\/wp\/v2\/types\/post"}],"author":[{"embeddable":true,"href":"https:\/\/traduzca.com\/en\/wp-json\/wp\/v2\/users\/1"}],"replies":[{"embeddable":true,"href":"https:\/\/traduzca.com\/en\/wp-json\/wp\/v2\/comments?post=3613"}],"version-history":[{"count":2,"href":"https:\/\/traduzca.com\/en\/wp-json\/wp\/v2\/posts\/3613\/revisions"}],"predecessor-version":[{"id":3615,"href":"https:\/\/traduzca.com\/en\/wp-json\/wp\/v2\/posts\/3613\/revisions\/3615"}],"wp:attachment":[{"href":"https:\/\/traduzca.com\/en\/wp-json\/wp\/v2\/media?parent=3613"}],"wp:term":[{"taxonomy":"category","embeddable":true,"href":"https:\/\/traduzca.com\/en\/wp-json\/wp\/v2\/categories?post=3613"},{"taxonomy":"post_tag","embeddable":true,"href":"https:\/\/traduzca.com\/en\/wp-json\/wp\/v2\/tags?post=3613"}],"curies":[{"name":"wp","href":"https:\/\/api.w.org\/{rel}","templated":true}]}}