{"id":3631,"date":"2022-08-22T15:48:04","date_gmt":"2022-08-22T15:48:04","guid":{"rendered":"https:\/\/traduzca.com\/?p=3631"},"modified":"2026-02-13T19:05:24","modified_gmt":"2026-02-13T19:05:24","slug":"mexico-volta-a-exigir-visto-fisico-para-entrada-de-brasileiros","status":"publish","type":"post","link":"https:\/\/traduzca.com\/en\/mexico-volta-a-exigir-visto-fisico-para-entrada-de-brasileiros\/","title":{"rendered":"M\u00e9xico volta a exigir visto f\u00edsico para entrada de brasileiros"},"content":{"rendered":"<p>A partir de agora, o governo do M\u00e9xico passa a exigir novamente o visto f\u00edsico para brasileiros que desejarem viajar ao pa\u00eds com finalidade tur\u00edstica, comercial ou cultural. Publicada no \u00faltimo dia 3 de agosto no Di\u00e1rio Oficial, a decis\u00e3o d\u00e1 fim ao visto eletr\u00f4nico, que havia sido criado para facilitar o ingresso em solo mexicano.<\/p>\n<p>Quem conseguiu emitir o visto eletr\u00f4nico at\u00e9 17 de agosto poder\u00e1 entrar no M\u00e9xico pelos pr\u00f3ximos 30 dias no modelo antigo. Ou seja, por esse per\u00edodo, n\u00e3o ser\u00e1 necess\u00e1rio apresentar o visto f\u00edsico, bastando o passaporte e a declara\u00e7\u00e3o eletr\u00f4nica.<\/p>\n<p>Para solicitar o visto f\u00edsico, \u00e9 preciso realizar o agendamento de entrevista na embaixada do M\u00e9xico, em Bras\u00edlia, ou nos consulados do M\u00e9xico em S\u00e3o Paulo ou Rio de Janeiro, al\u00e9m de comparecer ao local com a documenta\u00e7\u00e3o exigida. O custo do processo \u00e9 de 48 d\u00f3lares (aproximadamente 250 reais, de acordo com a cota\u00e7\u00e3o de 22 de agosto). <a href=\"https:\/\/citas.sre.gob.mx\/\" target=\"_blank\" rel=\"noreferrer noopener\">Clique aqui para obter mais informa\u00e7\u00f5es<\/a>.<\/p>\n<p>Est\u00e3o isentos de visto cidad\u00e3os brasileiros com resid\u00eancia permanente no Canad\u00e1, Estados Unidos, Jap\u00e3o, Reino Unido, pa\u00edses que perten\u00e7am ao Espa\u00e7o Schengen e pa\u00edses membros da Alian\u00e7a do Pac\u00edfico (Chile, Col\u00f4mbia, M\u00e9xico e Peru), al\u00e9m de brasileiros que tenham visto v\u00e1lido e vigente para Canad\u00e1, Estados Unidos, Jap\u00e3o, Reino Unido e Irlanda do Norte ou pa\u00edses do Espa\u00e7o Schengen.<\/p>\n<p>Se precisar de tradu\u00e7\u00e3o de documentos, a Traduzca est\u00e1 sempre pronta para ajudar voc\u00ea. Realizamos tradu\u00e7\u00f5es juramentadas com toda a agilidade e precis\u00e3o para que voc\u00ea possa viajar tranquilo. <a href=\"https:\/\/traduzca.com\/en\/orcamento\/\" target=\"_blank\" rel=\"noreferrer noopener\">Fa\u00e7a um or\u00e7amento online clicando aqui<\/a>.<\/p>","protected":false},"excerpt":{"rendered":"<p>A partir de agora, o governo do M\u00e9xico passa a exigir novamente o visto f\u00edsico para brasileiros que desejarem viajar ao pa\u00eds com finalidade tur\u00edstica, comercial ou cultural. Publicada no \u00faltimo dia 3&#8230;<\/p>","protected":false},"author":1,"featured_media":0,"comment_status":"closed","ping_status":"closed","sticky":false,"template":"","format":"standard","meta":{"_acf_changed":false,"footnotes":""},"categories":[34,33],"tags":[35,9],"class_list":["post-3631","post","type-post","status-publish","format-standard","hentry","category-blog","category-noticias","tag-blog","tag-noticias"],"acf":[],"yoast_head":"<!-- This site is optimized with the Yoast SEO plugin v26.9 - https:\/\/yoast.com\/product\/yoast-seo-wordpress\/ -->\n<title>M\u00e9xico volta a exigir visto f\u00edsico para entrada de brasileiros - Traduzca<\/title>\n<meta name=\"robots\" content=\"index, follow, max-snippet:-1, max-image-preview:large, max-video-preview:-1\" \/>\n<link rel=\"canonical\" href=\"https:\/\/traduzca.com\/en\/mexico-volta-a-exigir-visto-fisico-para-entrada-de-brasileiros\/\" \/>\n<meta property=\"og:locale\" content=\"en_US\" \/>\n<meta property=\"og:type\" content=\"article\" \/>\n<meta property=\"og:title\" content=\"M\u00e9xico volta a exigir visto f\u00edsico para entrada de brasileiros - Traduzca\" \/>\n<meta property=\"og:description\" content=\"A partir de agora, o governo do M\u00e9xico passa a exigir novamente o visto f\u00edsico para brasileiros que desejarem viajar ao pa\u00eds com finalidade tur\u00edstica, comercial ou cultural. Publicada no \u00faltimo dia 3...\" \/>\n<meta property=\"og:url\" content=\"https:\/\/traduzca.com\/en\/mexico-volta-a-exigir-visto-fisico-para-entrada-de-brasileiros\/\" \/>\n<meta property=\"og:site_name\" content=\"Traduzca\" \/>\n<meta property=\"article:publisher\" content=\"https:\/\/www.facebook.com\/traduzca\" \/>\n<meta property=\"article:published_time\" content=\"2022-08-22T15:48:04+00:00\" \/>\n<meta property=\"article:modified_time\" content=\"2026-02-13T19:05:24+00:00\" \/>\n<meta name=\"author\" content=\"traduzca_admin\" \/>\n<meta name=\"twitter:card\" content=\"summary_large_image\" \/>\n<meta name=\"twitter:label1\" content=\"Written by\" \/>\n\t<meta name=\"twitter:data1\" content=\"traduzca_admin\" \/>\n\t<meta name=\"twitter:label2\" content=\"Est. reading time\" \/>\n\t<meta name=\"twitter:data2\" content=\"1 minute\" \/>\n<script type=\"application\/ld+json\" class=\"yoast-schema-graph\">{\"@context\":\"https:\/\/schema.org\",\"@graph\":[{\"@type\":\"Article\",\"@id\":\"https:\/\/traduzca.com\/mexico-volta-a-exigir-visto-fisico-para-entrada-de-brasileiros\/#article\",\"isPartOf\":{\"@id\":\"https:\/\/traduzca.com\/mexico-volta-a-exigir-visto-fisico-para-entrada-de-brasileiros\/\"},\"author\":{\"name\":\"traduzca_admin\",\"@id\":\"https:\/\/traduzca.com\/#\/schema\/person\/b4689f634b68236dfb176043283b2ae8\"},\"headline\":\"M\u00e9xico volta a exigir visto f\u00edsico para entrada de brasileiros\",\"datePublished\":\"2022-08-22T15:48:04+00:00\",\"dateModified\":\"2026-02-13T19:05:24+00:00\",\"mainEntityOfPage\":{\"@id\":\"https:\/\/traduzca.com\/mexico-volta-a-exigir-visto-fisico-para-entrada-de-brasileiros\/\"},\"wordCount\":307,\"publisher\":{\"@id\":\"https:\/\/traduzca.com\/#organization\"},\"keywords\":[\"Blog\",\"NOT\u00cdCIAS\"],\"articleSection\":[\"Blog\",\"Not\u00edcias\"],\"inLanguage\":\"en-US\"},{\"@type\":\"WebPage\",\"@id\":\"https:\/\/traduzca.com\/mexico-volta-a-exigir-visto-fisico-para-entrada-de-brasileiros\/\",\"url\":\"https:\/\/traduzca.com\/mexico-volta-a-exigir-visto-fisico-para-entrada-de-brasileiros\/\",\"name\":\"M\u00e9xico volta a exigir visto f\u00edsico para entrada de brasileiros - Traduzca\",\"isPartOf\":{\"@id\":\"https:\/\/traduzca.com\/#website\"},\"datePublished\":\"2022-08-22T15:48:04+00:00\",\"dateModified\":\"2026-02-13T19:05:24+00:00\",\"breadcrumb\":{\"@id\":\"https:\/\/traduzca.com\/mexico-volta-a-exigir-visto-fisico-para-entrada-de-brasileiros\/#breadcrumb\"},\"inLanguage\":\"en-US\",\"potentialAction\":[{\"@type\":\"ReadAction\",\"target\":[\"https:\/\/traduzca.com\/mexico-volta-a-exigir-visto-fisico-para-entrada-de-brasileiros\/\"]}]},{\"@type\":\"BreadcrumbList\",\"@id\":\"https:\/\/traduzca.com\/mexico-volta-a-exigir-visto-fisico-para-entrada-de-brasileiros\/#breadcrumb\",\"itemListElement\":[{\"@type\":\"ListItem\",\"position\":1,\"name\":\"Home\",\"item\":\"https:\/\/traduzca.com\/\"},{\"@type\":\"ListItem\",\"position\":2,\"name\":\"M\u00e9xico volta a exigir visto f\u00edsico para entrada de brasileiros\"}]},{\"@type\":\"WebSite\",\"@id\":\"https:\/\/traduzca.com\/#website\",\"url\":\"https:\/\/traduzca.com\/\",\"name\":\"Traduzca\",\"description\":\"A Traduzca conecta voc\u00ea a tradutores nativos com expertise t\u00e9cnica. Qualidade, sigilo e pontualidade para romper as barreiras do seu neg\u00f3cio.\",\"publisher\":{\"@id\":\"https:\/\/traduzca.com\/#organization\"},\"potentialAction\":[{\"@type\":\"SearchAction\",\"target\":{\"@type\":\"EntryPoint\",\"urlTemplate\":\"https:\/\/traduzca.com\/?s={search_term_string}\"},\"query-input\":{\"@type\":\"PropertyValueSpecification\",\"valueRequired\":true,\"valueName\":\"search_term_string\"}}],\"inLanguage\":\"en-US\"},{\"@type\":\"Organization\",\"@id\":\"https:\/\/traduzca.com\/#organization\",\"name\":\"Traduzca\",\"url\":\"https:\/\/traduzca.com\/\",\"logo\":{\"@type\":\"ImageObject\",\"inLanguage\":\"en-US\",\"@id\":\"https:\/\/traduzca.com\/#\/schema\/logo\/image\/\",\"url\":\"https:\/\/traduzca.com\/wp-content\/uploads\/2026\/02\/cropped-favicon.png\",\"contentUrl\":\"https:\/\/traduzca.com\/wp-content\/uploads\/2026\/02\/cropped-favicon.png\",\"width\":97,\"height\":94,\"caption\":\"Traduzca\"},\"image\":{\"@id\":\"https:\/\/traduzca.com\/#\/schema\/logo\/image\/\"},\"sameAs\":[\"https:\/\/www.facebook.com\/traduzca\"]},{\"@type\":\"Person\",\"@id\":\"https:\/\/traduzca.com\/#\/schema\/person\/b4689f634b68236dfb176043283b2ae8\",\"name\":\"traduzca_admin\",\"image\":{\"@type\":\"ImageObject\",\"inLanguage\":\"en-US\",\"@id\":\"https:\/\/traduzca.com\/#\/schema\/person\/image\/\",\"url\":\"https:\/\/secure.gravatar.com\/avatar\/3e977bbac939cc66d785e2b0963953e99cf6fed540960c0ef0a9e984e569dd2f?s=96&d=mm&r=g\",\"contentUrl\":\"https:\/\/secure.gravatar.com\/avatar\/3e977bbac939cc66d785e2b0963953e99cf6fed540960c0ef0a9e984e569dd2f?s=96&d=mm&r=g\",\"caption\":\"traduzca_admin\"},\"sameAs\":[\"https:\/\/traduzca.com\"],\"url\":\"https:\/\/traduzca.com\/en\/author\/traduzca_admin\/\"}]}<\/script>\n<!-- \/ Yoast SEO plugin. -->","yoast_head_json":{"title":"M\u00e9xico volta a exigir visto f\u00edsico para entrada de brasileiros - Traduzca","robots":{"index":"index","follow":"follow","max-snippet":"max-snippet:-1","max-image-preview":"max-image-preview:large","max-video-preview":"max-video-preview:-1"},"canonical":"https:\/\/traduzca.com\/en\/mexico-volta-a-exigir-visto-fisico-para-entrada-de-brasileiros\/","og_locale":"en_US","og_type":"article","og_title":"M\u00e9xico volta a exigir visto f\u00edsico para entrada de brasileiros - Traduzca","og_description":"A partir de agora, o governo do M\u00e9xico passa a exigir novamente o visto f\u00edsico para brasileiros que desejarem viajar ao pa\u00eds com finalidade tur\u00edstica, comercial ou cultural. Publicada no \u00faltimo dia 3...","og_url":"https:\/\/traduzca.com\/en\/mexico-volta-a-exigir-visto-fisico-para-entrada-de-brasileiros\/","og_site_name":"Traduzca","article_publisher":"https:\/\/www.facebook.com\/traduzca","article_published_time":"2022-08-22T15:48:04+00:00","article_modified_time":"2026-02-13T19:05:24+00:00","author":"traduzca_admin","twitter_card":"summary_large_image","twitter_misc":{"Written by":"traduzca_admin","Est. reading time":"1 minute"},"schema":{"@context":"https:\/\/schema.org","@graph":[{"@type":"Article","@id":"https:\/\/traduzca.com\/mexico-volta-a-exigir-visto-fisico-para-entrada-de-brasileiros\/#article","isPartOf":{"@id":"https:\/\/traduzca.com\/mexico-volta-a-exigir-visto-fisico-para-entrada-de-brasileiros\/"},"author":{"name":"traduzca_admin","@id":"https:\/\/traduzca.com\/#\/schema\/person\/b4689f634b68236dfb176043283b2ae8"},"headline":"M\u00e9xico volta a exigir visto f\u00edsico para entrada de brasileiros","datePublished":"2022-08-22T15:48:04+00:00","dateModified":"2026-02-13T19:05:24+00:00","mainEntityOfPage":{"@id":"https:\/\/traduzca.com\/mexico-volta-a-exigir-visto-fisico-para-entrada-de-brasileiros\/"},"wordCount":307,"publisher":{"@id":"https:\/\/traduzca.com\/#organization"},"keywords":["Blog","NOT\u00cdCIAS"],"articleSection":["Blog","Not\u00edcias"],"inLanguage":"en-US"},{"@type":"WebPage","@id":"https:\/\/traduzca.com\/mexico-volta-a-exigir-visto-fisico-para-entrada-de-brasileiros\/","url":"https:\/\/traduzca.com\/mexico-volta-a-exigir-visto-fisico-para-entrada-de-brasileiros\/","name":"M\u00e9xico volta a exigir visto f\u00edsico para entrada de brasileiros - Traduzca","isPartOf":{"@id":"https:\/\/traduzca.com\/#website"},"datePublished":"2022-08-22T15:48:04+00:00","dateModified":"2026-02-13T19:05:24+00:00","breadcrumb":{"@id":"https:\/\/traduzca.com\/mexico-volta-a-exigir-visto-fisico-para-entrada-de-brasileiros\/#breadcrumb"},"inLanguage":"en-US","potentialAction":[{"@type":"ReadAction","target":["https:\/\/traduzca.com\/mexico-volta-a-exigir-visto-fisico-para-entrada-de-brasileiros\/"]}]},{"@type":"BreadcrumbList","@id":"https:\/\/traduzca.com\/mexico-volta-a-exigir-visto-fisico-para-entrada-de-brasileiros\/#breadcrumb","itemListElement":[{"@type":"ListItem","position":1,"name":"Home","item":"https:\/\/traduzca.com\/"},{"@type":"ListItem","position":2,"name":"M\u00e9xico volta a exigir visto f\u00edsico para entrada de brasileiros"}]},{"@type":"WebSite","@id":"https:\/\/traduzca.com\/#website","url":"https:\/\/traduzca.com\/","name":"Traduzca","description":"Traduzca connects you with native translators with technical expertise. Quality, confidentiality, and on-time delivery to break down the barriers of your business.","publisher":{"@id":"https:\/\/traduzca.com\/#organization"},"potentialAction":[{"@type":"SearchAction","target":{"@type":"EntryPoint","urlTemplate":"https:\/\/traduzca.com\/?s={search_term_string}"},"query-input":{"@type":"PropertyValueSpecification","valueRequired":true,"valueName":"search_term_string"}}],"inLanguage":"en-US"},{"@type":"Organization","@id":"https:\/\/traduzca.com\/#organization","name":"Traduzca","url":"https:\/\/traduzca.com\/","logo":{"@type":"ImageObject","inLanguage":"en-US","@id":"https:\/\/traduzca.com\/#\/schema\/logo\/image\/","url":"https:\/\/traduzca.com\/wp-content\/uploads\/2026\/02\/cropped-favicon.png","contentUrl":"https:\/\/traduzca.com\/wp-content\/uploads\/2026\/02\/cropped-favicon.png","width":97,"height":94,"caption":"Traduzca"},"image":{"@id":"https:\/\/traduzca.com\/#\/schema\/logo\/image\/"},"sameAs":["https:\/\/www.facebook.com\/traduzca"]},{"@type":"Person","@id":"https:\/\/traduzca.com\/#\/schema\/person\/b4689f634b68236dfb176043283b2ae8","name":"traduzca_admin","image":{"@type":"ImageObject","inLanguage":"en-US","@id":"https:\/\/traduzca.com\/#\/schema\/person\/image\/","url":"https:\/\/secure.gravatar.com\/avatar\/3e977bbac939cc66d785e2b0963953e99cf6fed540960c0ef0a9e984e569dd2f?s=96&d=mm&r=g","contentUrl":"https:\/\/secure.gravatar.com\/avatar\/3e977bbac939cc66d785e2b0963953e99cf6fed540960c0ef0a9e984e569dd2f?s=96&d=mm&r=g","caption":"traduzca_admin"},"sameAs":["https:\/\/traduzca.com"],"url":"https:\/\/traduzca.com\/en\/author\/traduzca_admin\/"}]}},"_links":{"self":[{"href":"https:\/\/traduzca.com\/en\/wp-json\/wp\/v2\/posts\/3631","targetHints":{"allow":["GET"]}}],"collection":[{"href":"https:\/\/traduzca.com\/en\/wp-json\/wp\/v2\/posts"}],"about":[{"href":"https:\/\/traduzca.com\/en\/wp-json\/wp\/v2\/types\/post"}],"author":[{"embeddable":true,"href":"https:\/\/traduzca.com\/en\/wp-json\/wp\/v2\/users\/1"}],"replies":[{"embeddable":true,"href":"https:\/\/traduzca.com\/en\/wp-json\/wp\/v2\/comments?post=3631"}],"version-history":[{"count":2,"href":"https:\/\/traduzca.com\/en\/wp-json\/wp\/v2\/posts\/3631\/revisions"}],"predecessor-version":[{"id":3633,"href":"https:\/\/traduzca.com\/en\/wp-json\/wp\/v2\/posts\/3631\/revisions\/3633"}],"wp:attachment":[{"href":"https:\/\/traduzca.com\/en\/wp-json\/wp\/v2\/media?parent=3631"}],"wp:term":[{"taxonomy":"category","embeddable":true,"href":"https:\/\/traduzca.com\/en\/wp-json\/wp\/v2\/categories?post=3631"},{"taxonomy":"post_tag","embeddable":true,"href":"https:\/\/traduzca.com\/en\/wp-json\/wp\/v2\/tags?post=3631"}],"curies":[{"name":"wp","href":"https:\/\/api.w.org\/{rel}","templated":true}]}}