{"id":3721,"date":"2022-10-19T14:41:51","date_gmt":"2022-10-19T14:41:51","guid":{"rendered":"https:\/\/traduzca.com\/?p=3721"},"modified":"2026-02-14T02:38:45","modified_gmt":"2026-02-14T02:38:45","slug":"eventos-presenciais-viram-prioridade-para-empresas-em-2023-aponta-relatorio","status":"publish","type":"post","link":"https:\/\/traduzca.com\/en\/eventos-presenciais-viram-prioridade-para-empresas-em-2023-aponta-relatorio\/","title":{"rendered":"Eventos presenciais viram prioridade para empresas em 2023, aponta relat\u00f3rio"},"content":{"rendered":"<p>Depois de per\u00edodos dif\u00edceis em fun\u00e7\u00e3o das limita\u00e7\u00f5es impostas pela pandemia, o setor de eventos vislumbra um horizonte positivo, segundo o que aponta o relat\u00f3rio Global Meetings and Events Forecast, elaborado pela American Express Global Business Travel (Amex GBT). De acordo com o levantamento, os encontros presenciais ganhar\u00e3o cada vez mais prioridade, impulsionando os neg\u00f3cios em todo o mundo.<\/p>\n<p>O clima \u00e9 de total otimismo por um 2023 mais intenso do mercado MICE, que engloba encontros, turismo de incentivo, confer\u00eancias e exibi\u00e7\u00f5es. Isso porque, segundo concluiu o estudo, a dispers\u00e3o das equipes em ambientes fora do espa\u00e7o f\u00edsico das empresas amplifica a import\u00e2ncia dos eventos presenciais neste per\u00edodo de retomada para promover e estimular os contatos pessoais e profissionais.<\/p>\n<p>A pesquisa indicou que a Am\u00e9rica Latina lidera a previs\u00e3o de aumento de participantes em eventos h\u00edbridos ou presenciais, com um crescimento superior a 5%. Mais de 60% dos entrevistados acreditam que o n\u00famero de eventos presenciais voltar\u00e3o aos n\u00edveis pr\u00e9-pandemia em um ou dois anos. No \u00e2mbito mundial, acredita-se que, em 2023, os eventos presenciais ter\u00e3o grande destaque: 87% das reuni\u00f5es ter\u00e3o esse componente, 6% a mais do que as previs\u00f5es de 2022.<\/p>\n<p>O mundo est\u00e1 voltando a se conectar, e a Traduzca est\u00e1 pronta para ser, mais uma vez, parceira da sua empresa. Temos a solu\u00e7\u00e3o de que voc\u00ea precisa para tradu\u00e7\u00f5es simult\u00e2neas em eventos, palestras e cursos. Na tradu\u00e7\u00e3o simult\u00e2nea, a fala do orador \u00e9 traduzida simultaneamente pelo int\u00e9rprete e transmitida diretamente ao p\u00fablico por meio de um sistema de r\u00e1dio e fones de ouvido. Sua empresa ou evento necessita de um servi\u00e7o como esse? <a href=\"https:\/\/traduzca.com\/en\/orcamento\/\" target=\"_blank\" rel=\"noreferrer noopener\">Solicite um or\u00e7amento conosco<\/a>.<\/p>","protected":false},"excerpt":{"rendered":"<p>Depois de per\u00edodos dif\u00edceis em fun\u00e7\u00e3o das limita\u00e7\u00f5es impostas pela pandemia, o setor de eventos vislumbra um horizonte positivo, segundo o que aponta o relat\u00f3rio Global Meetings and Events Forecast, &#8230;<\/p>","protected":false},"author":1,"featured_media":0,"comment_status":"closed","ping_status":"closed","sticky":false,"template":"","format":"standard","meta":{"_acf_changed":false,"footnotes":""},"categories":[34,33],"tags":[35,9],"class_list":["post-3721","post","type-post","status-publish","format-standard","hentry","category-blog","category-noticias","tag-blog","tag-noticias"],"acf":[],"yoast_head":"<!-- This site is optimized with the Yoast SEO plugin v26.9 - https:\/\/yoast.com\/product\/yoast-seo-wordpress\/ -->\n<title>Eventos presenciais viram prioridade para empresas em 2023, aponta relat\u00f3rio - Traduzca<\/title>\n<meta name=\"robots\" content=\"index, follow, max-snippet:-1, max-image-preview:large, max-video-preview:-1\" \/>\n<link rel=\"canonical\" href=\"https:\/\/traduzca.com\/en\/eventos-presenciais-viram-prioridade-para-empresas-em-2023-aponta-relatorio\/\" \/>\n<meta property=\"og:locale\" content=\"en_US\" \/>\n<meta property=\"og:type\" content=\"article\" \/>\n<meta property=\"og:title\" content=\"Eventos presenciais viram prioridade para empresas em 2023, aponta relat\u00f3rio - Traduzca\" \/>\n<meta property=\"og:description\" content=\"Depois de per\u00edodos dif\u00edceis em fun\u00e7\u00e3o das limita\u00e7\u00f5es impostas pela pandemia, o setor de eventos vislumbra um horizonte positivo, segundo o que aponta o relat\u00f3rio Global Meetings and Events Forecast, ...\" \/>\n<meta property=\"og:url\" content=\"https:\/\/traduzca.com\/en\/eventos-presenciais-viram-prioridade-para-empresas-em-2023-aponta-relatorio\/\" \/>\n<meta property=\"og:site_name\" content=\"Traduzca\" \/>\n<meta property=\"article:publisher\" content=\"https:\/\/www.facebook.com\/traduzca\" \/>\n<meta property=\"article:published_time\" content=\"2022-10-19T14:41:51+00:00\" \/>\n<meta property=\"article:modified_time\" content=\"2026-02-14T02:38:45+00:00\" \/>\n<meta name=\"author\" content=\"traduzca_admin\" \/>\n<meta name=\"twitter:card\" content=\"summary_large_image\" \/>\n<meta name=\"twitter:label1\" content=\"Written by\" \/>\n\t<meta name=\"twitter:data1\" content=\"traduzca_admin\" \/>\n\t<meta name=\"twitter:label2\" content=\"Est. reading time\" \/>\n\t<meta name=\"twitter:data2\" content=\"1 minute\" \/>\n<script type=\"application\/ld+json\" class=\"yoast-schema-graph\">{\"@context\":\"https:\/\/schema.org\",\"@graph\":[{\"@type\":\"Article\",\"@id\":\"https:\/\/traduzca.com\/eventos-presenciais-viram-prioridade-para-empresas-em-2023-aponta-relatorio\/#article\",\"isPartOf\":{\"@id\":\"https:\/\/traduzca.com\/eventos-presenciais-viram-prioridade-para-empresas-em-2023-aponta-relatorio\/\"},\"author\":{\"name\":\"traduzca_admin\",\"@id\":\"https:\/\/traduzca.com\/#\/schema\/person\/b4689f634b68236dfb176043283b2ae8\"},\"headline\":\"Eventos presenciais viram prioridade para empresas em 2023, aponta relat\u00f3rio\",\"datePublished\":\"2022-10-19T14:41:51+00:00\",\"dateModified\":\"2026-02-14T02:38:45+00:00\",\"mainEntityOfPage\":{\"@id\":\"https:\/\/traduzca.com\/eventos-presenciais-viram-prioridade-para-empresas-em-2023-aponta-relatorio\/\"},\"wordCount\":307,\"publisher\":{\"@id\":\"https:\/\/traduzca.com\/#organization\"},\"keywords\":[\"Blog\",\"NOT\u00cdCIAS\"],\"articleSection\":[\"Blog\",\"Not\u00edcias\"],\"inLanguage\":\"en-US\"},{\"@type\":\"WebPage\",\"@id\":\"https:\/\/traduzca.com\/eventos-presenciais-viram-prioridade-para-empresas-em-2023-aponta-relatorio\/\",\"url\":\"https:\/\/traduzca.com\/eventos-presenciais-viram-prioridade-para-empresas-em-2023-aponta-relatorio\/\",\"name\":\"Eventos presenciais viram prioridade para empresas em 2023, aponta relat\u00f3rio - Traduzca\",\"isPartOf\":{\"@id\":\"https:\/\/traduzca.com\/#website\"},\"datePublished\":\"2022-10-19T14:41:51+00:00\",\"dateModified\":\"2026-02-14T02:38:45+00:00\",\"breadcrumb\":{\"@id\":\"https:\/\/traduzca.com\/eventos-presenciais-viram-prioridade-para-empresas-em-2023-aponta-relatorio\/#breadcrumb\"},\"inLanguage\":\"en-US\",\"potentialAction\":[{\"@type\":\"ReadAction\",\"target\":[\"https:\/\/traduzca.com\/eventos-presenciais-viram-prioridade-para-empresas-em-2023-aponta-relatorio\/\"]}]},{\"@type\":\"BreadcrumbList\",\"@id\":\"https:\/\/traduzca.com\/eventos-presenciais-viram-prioridade-para-empresas-em-2023-aponta-relatorio\/#breadcrumb\",\"itemListElement\":[{\"@type\":\"ListItem\",\"position\":1,\"name\":\"Home\",\"item\":\"https:\/\/traduzca.com\/\"},{\"@type\":\"ListItem\",\"position\":2,\"name\":\"Eventos presenciais viram prioridade para empresas em 2023, aponta relat\u00f3rio\"}]},{\"@type\":\"WebSite\",\"@id\":\"https:\/\/traduzca.com\/#website\",\"url\":\"https:\/\/traduzca.com\/\",\"name\":\"Traduzca\",\"description\":\"A Traduzca conecta voc\u00ea a tradutores nativos com expertise t\u00e9cnica. Qualidade, sigilo e pontualidade para romper as barreiras do seu neg\u00f3cio.\",\"publisher\":{\"@id\":\"https:\/\/traduzca.com\/#organization\"},\"potentialAction\":[{\"@type\":\"SearchAction\",\"target\":{\"@type\":\"EntryPoint\",\"urlTemplate\":\"https:\/\/traduzca.com\/?s={search_term_string}\"},\"query-input\":{\"@type\":\"PropertyValueSpecification\",\"valueRequired\":true,\"valueName\":\"search_term_string\"}}],\"inLanguage\":\"en-US\"},{\"@type\":\"Organization\",\"@id\":\"https:\/\/traduzca.com\/#organization\",\"name\":\"Traduzca\",\"url\":\"https:\/\/traduzca.com\/\",\"logo\":{\"@type\":\"ImageObject\",\"inLanguage\":\"en-US\",\"@id\":\"https:\/\/traduzca.com\/#\/schema\/logo\/image\/\",\"url\":\"https:\/\/traduzca.com\/wp-content\/uploads\/2026\/02\/cropped-favicon.png\",\"contentUrl\":\"https:\/\/traduzca.com\/wp-content\/uploads\/2026\/02\/cropped-favicon.png\",\"width\":97,\"height\":94,\"caption\":\"Traduzca\"},\"image\":{\"@id\":\"https:\/\/traduzca.com\/#\/schema\/logo\/image\/\"},\"sameAs\":[\"https:\/\/www.facebook.com\/traduzca\"]},{\"@type\":\"Person\",\"@id\":\"https:\/\/traduzca.com\/#\/schema\/person\/b4689f634b68236dfb176043283b2ae8\",\"name\":\"traduzca_admin\",\"image\":{\"@type\":\"ImageObject\",\"inLanguage\":\"en-US\",\"@id\":\"https:\/\/traduzca.com\/#\/schema\/person\/image\/\",\"url\":\"https:\/\/secure.gravatar.com\/avatar\/3e977bbac939cc66d785e2b0963953e99cf6fed540960c0ef0a9e984e569dd2f?s=96&d=mm&r=g\",\"contentUrl\":\"https:\/\/secure.gravatar.com\/avatar\/3e977bbac939cc66d785e2b0963953e99cf6fed540960c0ef0a9e984e569dd2f?s=96&d=mm&r=g\",\"caption\":\"traduzca_admin\"},\"sameAs\":[\"https:\/\/traduzca.com\"],\"url\":\"https:\/\/traduzca.com\/en\/author\/traduzca_admin\/\"}]}<\/script>\n<!-- \/ Yoast SEO plugin. -->","yoast_head_json":{"title":"Eventos presenciais viram prioridade para empresas em 2023, aponta relat\u00f3rio - Traduzca","robots":{"index":"index","follow":"follow","max-snippet":"max-snippet:-1","max-image-preview":"max-image-preview:large","max-video-preview":"max-video-preview:-1"},"canonical":"https:\/\/traduzca.com\/en\/eventos-presenciais-viram-prioridade-para-empresas-em-2023-aponta-relatorio\/","og_locale":"en_US","og_type":"article","og_title":"Eventos presenciais viram prioridade para empresas em 2023, aponta relat\u00f3rio - Traduzca","og_description":"Depois de per\u00edodos dif\u00edceis em fun\u00e7\u00e3o das limita\u00e7\u00f5es impostas pela pandemia, o setor de eventos vislumbra um horizonte positivo, segundo o que aponta o relat\u00f3rio Global Meetings and Events Forecast, ...","og_url":"https:\/\/traduzca.com\/en\/eventos-presenciais-viram-prioridade-para-empresas-em-2023-aponta-relatorio\/","og_site_name":"Traduzca","article_publisher":"https:\/\/www.facebook.com\/traduzca","article_published_time":"2022-10-19T14:41:51+00:00","article_modified_time":"2026-02-14T02:38:45+00:00","author":"traduzca_admin","twitter_card":"summary_large_image","twitter_misc":{"Written by":"traduzca_admin","Est. reading time":"1 minute"},"schema":{"@context":"https:\/\/schema.org","@graph":[{"@type":"Article","@id":"https:\/\/traduzca.com\/eventos-presenciais-viram-prioridade-para-empresas-em-2023-aponta-relatorio\/#article","isPartOf":{"@id":"https:\/\/traduzca.com\/eventos-presenciais-viram-prioridade-para-empresas-em-2023-aponta-relatorio\/"},"author":{"name":"traduzca_admin","@id":"https:\/\/traduzca.com\/#\/schema\/person\/b4689f634b68236dfb176043283b2ae8"},"headline":"Eventos presenciais viram prioridade para empresas em 2023, aponta relat\u00f3rio","datePublished":"2022-10-19T14:41:51+00:00","dateModified":"2026-02-14T02:38:45+00:00","mainEntityOfPage":{"@id":"https:\/\/traduzca.com\/eventos-presenciais-viram-prioridade-para-empresas-em-2023-aponta-relatorio\/"},"wordCount":307,"publisher":{"@id":"https:\/\/traduzca.com\/#organization"},"keywords":["Blog","NOT\u00cdCIAS"],"articleSection":["Blog","Not\u00edcias"],"inLanguage":"en-US"},{"@type":"WebPage","@id":"https:\/\/traduzca.com\/eventos-presenciais-viram-prioridade-para-empresas-em-2023-aponta-relatorio\/","url":"https:\/\/traduzca.com\/eventos-presenciais-viram-prioridade-para-empresas-em-2023-aponta-relatorio\/","name":"Eventos presenciais viram prioridade para empresas em 2023, aponta relat\u00f3rio - Traduzca","isPartOf":{"@id":"https:\/\/traduzca.com\/#website"},"datePublished":"2022-10-19T14:41:51+00:00","dateModified":"2026-02-14T02:38:45+00:00","breadcrumb":{"@id":"https:\/\/traduzca.com\/eventos-presenciais-viram-prioridade-para-empresas-em-2023-aponta-relatorio\/#breadcrumb"},"inLanguage":"en-US","potentialAction":[{"@type":"ReadAction","target":["https:\/\/traduzca.com\/eventos-presenciais-viram-prioridade-para-empresas-em-2023-aponta-relatorio\/"]}]},{"@type":"BreadcrumbList","@id":"https:\/\/traduzca.com\/eventos-presenciais-viram-prioridade-para-empresas-em-2023-aponta-relatorio\/#breadcrumb","itemListElement":[{"@type":"ListItem","position":1,"name":"Home","item":"https:\/\/traduzca.com\/"},{"@type":"ListItem","position":2,"name":"Eventos presenciais viram prioridade para empresas em 2023, aponta relat\u00f3rio"}]},{"@type":"WebSite","@id":"https:\/\/traduzca.com\/#website","url":"https:\/\/traduzca.com\/","name":"Traduzca","description":"Traduzca connects you with native translators with technical expertise. Quality, confidentiality, and on-time delivery to break down the barriers of your business.","publisher":{"@id":"https:\/\/traduzca.com\/#organization"},"potentialAction":[{"@type":"SearchAction","target":{"@type":"EntryPoint","urlTemplate":"https:\/\/traduzca.com\/?s={search_term_string}"},"query-input":{"@type":"PropertyValueSpecification","valueRequired":true,"valueName":"search_term_string"}}],"inLanguage":"en-US"},{"@type":"Organization","@id":"https:\/\/traduzca.com\/#organization","name":"Traduzca","url":"https:\/\/traduzca.com\/","logo":{"@type":"ImageObject","inLanguage":"en-US","@id":"https:\/\/traduzca.com\/#\/schema\/logo\/image\/","url":"https:\/\/traduzca.com\/wp-content\/uploads\/2026\/02\/cropped-favicon.png","contentUrl":"https:\/\/traduzca.com\/wp-content\/uploads\/2026\/02\/cropped-favicon.png","width":97,"height":94,"caption":"Traduzca"},"image":{"@id":"https:\/\/traduzca.com\/#\/schema\/logo\/image\/"},"sameAs":["https:\/\/www.facebook.com\/traduzca"]},{"@type":"Person","@id":"https:\/\/traduzca.com\/#\/schema\/person\/b4689f634b68236dfb176043283b2ae8","name":"traduzca_admin","image":{"@type":"ImageObject","inLanguage":"en-US","@id":"https:\/\/traduzca.com\/#\/schema\/person\/image\/","url":"https:\/\/secure.gravatar.com\/avatar\/3e977bbac939cc66d785e2b0963953e99cf6fed540960c0ef0a9e984e569dd2f?s=96&d=mm&r=g","contentUrl":"https:\/\/secure.gravatar.com\/avatar\/3e977bbac939cc66d785e2b0963953e99cf6fed540960c0ef0a9e984e569dd2f?s=96&d=mm&r=g","caption":"traduzca_admin"},"sameAs":["https:\/\/traduzca.com"],"url":"https:\/\/traduzca.com\/en\/author\/traduzca_admin\/"}]}},"_links":{"self":[{"href":"https:\/\/traduzca.com\/en\/wp-json\/wp\/v2\/posts\/3721","targetHints":{"allow":["GET"]}}],"collection":[{"href":"https:\/\/traduzca.com\/en\/wp-json\/wp\/v2\/posts"}],"about":[{"href":"https:\/\/traduzca.com\/en\/wp-json\/wp\/v2\/types\/post"}],"author":[{"embeddable":true,"href":"https:\/\/traduzca.com\/en\/wp-json\/wp\/v2\/users\/1"}],"replies":[{"embeddable":true,"href":"https:\/\/traduzca.com\/en\/wp-json\/wp\/v2\/comments?post=3721"}],"version-history":[{"count":2,"href":"https:\/\/traduzca.com\/en\/wp-json\/wp\/v2\/posts\/3721\/revisions"}],"predecessor-version":[{"id":3723,"href":"https:\/\/traduzca.com\/en\/wp-json\/wp\/v2\/posts\/3721\/revisions\/3723"}],"wp:attachment":[{"href":"https:\/\/traduzca.com\/en\/wp-json\/wp\/v2\/media?parent=3721"}],"wp:term":[{"taxonomy":"category","embeddable":true,"href":"https:\/\/traduzca.com\/en\/wp-json\/wp\/v2\/categories?post=3721"},{"taxonomy":"post_tag","embeddable":true,"href":"https:\/\/traduzca.com\/en\/wp-json\/wp\/v2\/tags?post=3721"}],"curies":[{"name":"wp","href":"https:\/\/api.w.org\/{rel}","templated":true}]}}