{"id":2369,"date":"2022-05-30T17:48:30","date_gmt":"2022-05-30T17:48:30","guid":{"rendered":"https:\/\/traduzca.com\/?p=2369"},"modified":"2026-02-13T17:56:54","modified_gmt":"2026-02-13T17:56:54","slug":"alemanha-suspende-restricoes-de-entrada-no-pais-em-junho","status":"publish","type":"post","link":"https:\/\/traduzca.com\/es\/alemanha-suspende-restricoes-de-entrada-no-pais-em-junho\/","title":{"rendered":"Alemanha suspende restri\u00e7\u00f5es de entrada no pa\u00eds em junho"},"content":{"rendered":"<p>O governo da Alemanha anunciou que ir\u00e1 flexibilizar restri\u00e7\u00f5es vigentes desde o in\u00edcio da pandemia de Covid-19. Assim, a entrada de estrangeiros no pa\u00eds se tornar\u00e1 mais facilitada. A partir de 1\u00ba de junho, os viajantes n\u00e3o precisar\u00e3o comprovar vacina\u00e7\u00e3o, apresentar teste negativo nem mostrar que se recuperaram da doen\u00e7a recentemente.<\/p>\n<p>At\u00e9 este m\u00eas de maio, as autoridades alem\u00e3s exigiam a apresenta\u00e7\u00e3o de um desses documentos a todos os maiores de 12 anos que iriam ingressar no pa\u00eds. Por enquanto, a nova recomenda\u00e7\u00e3o valer\u00e1 de junho at\u00e9 o final de agosto. O objetivo do governo local \u00e9 facilitar a mobilidade das pessoas durante o ver\u00e3o europeu.<\/p>\n<p>Ou seja, mesmo que os casos de Covid-19 estejam em franca queda em solo alem\u00e3o, ainda h\u00e1 possibilidade de as restri\u00e7\u00f5es retornarem a partir de setembro. Caso isso aconte\u00e7a, a Alemanha antecipou que passar\u00e1 a aceitar todas as vacinas aprovadas pela Organiza\u00e7\u00e3o Mundial da Sa\u00fade (OMS) e n\u00e3o apenas pela Uni\u00e3o Europeia (UE), caso da Coronavac, aplicada no Brasil.<\/p>\n<p>Diante das constantes altera\u00e7\u00f5es de protocolos por parte dos pa\u00edses, \u00e9 importante o viajante estar sempre pronto, com os documentos atualizados e certificados, caso seja necess\u00e1ria a apresenta\u00e7\u00e3o dos mesmos. A tradu\u00e7\u00e3o juramentada \u00e9 fundamental para garantir a seguran\u00e7a de que o documento em quest\u00e3o ser\u00e1 aceito por todos os \u00f3rg\u00e3os de fronteira no exterior. A Traduzca disp\u00f5e de profissionais prontos para atender esse servi\u00e7o com agilidade e precis\u00e3o. <a href=\"https:\/\/traduzca.com\/es\/orcamento\/\" target=\"_blank\" rel=\"noreferrer noopener\">Solicite um or\u00e7amento online<\/a>.<\/p>","protected":false},"excerpt":{"rendered":"<p>O governo da Alemanha anunciou que ir\u00e1 flexibilizar restri\u00e7\u00f5es vigentes desde o in\u00edcio da pandemia de Covid-19. Assim, a entrada de estrangeiros no pa\u00eds se tornar\u00e1 mais facilitada. A partir de 1\u00ba de &#8230;<\/p>","protected":false},"author":1,"featured_media":0,"comment_status":"closed","ping_status":"closed","sticky":false,"template":"","format":"standard","meta":{"_acf_changed":false,"footnotes":""},"categories":[34,33],"tags":[],"class_list":["post-2369","post","type-post","status-publish","format-standard","hentry","category-blog","category-noticias"],"acf":[],"yoast_head":"<!-- This site is optimized with the Yoast SEO plugin v26.9 - https:\/\/yoast.com\/product\/yoast-seo-wordpress\/ -->\n<title>Alemanha suspende restri\u00e7\u00f5es de entrada no pa\u00eds em junho - Traduzca<\/title>\n<meta name=\"robots\" content=\"index, follow, max-snippet:-1, max-image-preview:large, max-video-preview:-1\" \/>\n<link rel=\"canonical\" href=\"https:\/\/traduzca.com\/es\/alemanha-suspende-restricoes-de-entrada-no-pais-em-junho\/\" \/>\n<meta property=\"og:locale\" content=\"es_ES\" \/>\n<meta property=\"og:type\" content=\"article\" \/>\n<meta property=\"og:title\" content=\"Alemanha suspende restri\u00e7\u00f5es de entrada no pa\u00eds em junho - Traduzca\" \/>\n<meta property=\"og:description\" content=\"O governo da Alemanha anunciou que ir\u00e1 flexibilizar restri\u00e7\u00f5es vigentes desde o in\u00edcio da pandemia de Covid-19. Assim, a entrada de estrangeiros no pa\u00eds se tornar\u00e1 mais facilitada. A partir de 1\u00ba de ...\" \/>\n<meta property=\"og:url\" content=\"https:\/\/traduzca.com\/es\/alemanha-suspende-restricoes-de-entrada-no-pais-em-junho\/\" \/>\n<meta property=\"og:site_name\" content=\"Traduzca\" \/>\n<meta property=\"article:publisher\" content=\"https:\/\/www.facebook.com\/traduzca\" \/>\n<meta property=\"article:published_time\" content=\"2022-05-30T17:48:30+00:00\" \/>\n<meta property=\"article:modified_time\" content=\"2026-02-13T17:56:54+00:00\" \/>\n<meta name=\"author\" content=\"traduzca_admin\" \/>\n<meta name=\"twitter:card\" content=\"summary_large_image\" \/>\n<meta name=\"twitter:label1\" content=\"Written by\" \/>\n\t<meta name=\"twitter:data1\" content=\"traduzca_admin\" \/>\n\t<meta name=\"twitter:label2\" content=\"Est. reading time\" \/>\n\t<meta name=\"twitter:data2\" content=\"1 minute\" \/>\n<script type=\"application\/ld+json\" class=\"yoast-schema-graph\">{\"@context\":\"https:\/\/schema.org\",\"@graph\":[{\"@type\":\"Article\",\"@id\":\"https:\/\/traduzca.com\/alemanha-suspende-restricoes-de-entrada-no-pais-em-junho\/#article\",\"isPartOf\":{\"@id\":\"https:\/\/traduzca.com\/alemanha-suspende-restricoes-de-entrada-no-pais-em-junho\/\"},\"author\":{\"name\":\"traduzca_admin\",\"@id\":\"https:\/\/traduzca.com\/#\/schema\/person\/b4689f634b68236dfb176043283b2ae8\"},\"headline\":\"Alemanha suspende restri\u00e7\u00f5es de entrada no pa\u00eds em junho\",\"datePublished\":\"2022-05-30T17:48:30+00:00\",\"dateModified\":\"2026-02-13T17:56:54+00:00\",\"mainEntityOfPage\":{\"@id\":\"https:\/\/traduzca.com\/alemanha-suspende-restricoes-de-entrada-no-pais-em-junho\/\"},\"wordCount\":276,\"publisher\":{\"@id\":\"https:\/\/traduzca.com\/#organization\"},\"articleSection\":[\"Blog\",\"Not\u00edcias\"],\"inLanguage\":\"es-ES\"},{\"@type\":\"WebPage\",\"@id\":\"https:\/\/traduzca.com\/alemanha-suspende-restricoes-de-entrada-no-pais-em-junho\/\",\"url\":\"https:\/\/traduzca.com\/alemanha-suspende-restricoes-de-entrada-no-pais-em-junho\/\",\"name\":\"Alemanha suspende restri\u00e7\u00f5es de entrada no pa\u00eds em junho - Traduzca\",\"isPartOf\":{\"@id\":\"https:\/\/traduzca.com\/#website\"},\"datePublished\":\"2022-05-30T17:48:30+00:00\",\"dateModified\":\"2026-02-13T17:56:54+00:00\",\"breadcrumb\":{\"@id\":\"https:\/\/traduzca.com\/alemanha-suspende-restricoes-de-entrada-no-pais-em-junho\/#breadcrumb\"},\"inLanguage\":\"es-ES\",\"potentialAction\":[{\"@type\":\"ReadAction\",\"target\":[\"https:\/\/traduzca.com\/alemanha-suspende-restricoes-de-entrada-no-pais-em-junho\/\"]}]},{\"@type\":\"BreadcrumbList\",\"@id\":\"https:\/\/traduzca.com\/alemanha-suspende-restricoes-de-entrada-no-pais-em-junho\/#breadcrumb\",\"itemListElement\":[{\"@type\":\"ListItem\",\"position\":1,\"name\":\"Home\",\"item\":\"https:\/\/traduzca.com\/\"},{\"@type\":\"ListItem\",\"position\":2,\"name\":\"Alemanha suspende restri\u00e7\u00f5es de entrada no pa\u00eds em junho\"}]},{\"@type\":\"WebSite\",\"@id\":\"https:\/\/traduzca.com\/#website\",\"url\":\"https:\/\/traduzca.com\/\",\"name\":\"Traduzca\",\"description\":\"A Traduzca conecta voc\u00ea a tradutores nativos com expertise t\u00e9cnica. Qualidade, sigilo e pontualidade para romper as barreiras do seu neg\u00f3cio.\",\"publisher\":{\"@id\":\"https:\/\/traduzca.com\/#organization\"},\"potentialAction\":[{\"@type\":\"SearchAction\",\"target\":{\"@type\":\"EntryPoint\",\"urlTemplate\":\"https:\/\/traduzca.com\/?s={search_term_string}\"},\"query-input\":{\"@type\":\"PropertyValueSpecification\",\"valueRequired\":true,\"valueName\":\"search_term_string\"}}],\"inLanguage\":\"es-ES\"},{\"@type\":\"Organization\",\"@id\":\"https:\/\/traduzca.com\/#organization\",\"name\":\"Traduzca\",\"url\":\"https:\/\/traduzca.com\/\",\"logo\":{\"@type\":\"ImageObject\",\"inLanguage\":\"es-ES\",\"@id\":\"https:\/\/traduzca.com\/#\/schema\/logo\/image\/\",\"url\":\"https:\/\/traduzca.com\/wp-content\/uploads\/2026\/02\/cropped-favicon.png\",\"contentUrl\":\"https:\/\/traduzca.com\/wp-content\/uploads\/2026\/02\/cropped-favicon.png\",\"width\":97,\"height\":94,\"caption\":\"Traduzca\"},\"image\":{\"@id\":\"https:\/\/traduzca.com\/#\/schema\/logo\/image\/\"},\"sameAs\":[\"https:\/\/www.facebook.com\/traduzca\"]},{\"@type\":\"Person\",\"@id\":\"https:\/\/traduzca.com\/#\/schema\/person\/b4689f634b68236dfb176043283b2ae8\",\"name\":\"traduzca_admin\",\"image\":{\"@type\":\"ImageObject\",\"inLanguage\":\"es-ES\",\"@id\":\"https:\/\/traduzca.com\/#\/schema\/person\/image\/\",\"url\":\"https:\/\/secure.gravatar.com\/avatar\/3e977bbac939cc66d785e2b0963953e99cf6fed540960c0ef0a9e984e569dd2f?s=96&d=mm&r=g\",\"contentUrl\":\"https:\/\/secure.gravatar.com\/avatar\/3e977bbac939cc66d785e2b0963953e99cf6fed540960c0ef0a9e984e569dd2f?s=96&d=mm&r=g\",\"caption\":\"traduzca_admin\"},\"sameAs\":[\"https:\/\/traduzca.com\"],\"url\":\"https:\/\/traduzca.com\/es\/author\/traduzca_admin\/\"}]}<\/script>\n<!-- \/ Yoast SEO plugin. -->","yoast_head_json":{"title":"Alemanha suspende restri\u00e7\u00f5es de entrada no pa\u00eds em junho - Traduzca","robots":{"index":"index","follow":"follow","max-snippet":"max-snippet:-1","max-image-preview":"max-image-preview:large","max-video-preview":"max-video-preview:-1"},"canonical":"https:\/\/traduzca.com\/es\/alemanha-suspende-restricoes-de-entrada-no-pais-em-junho\/","og_locale":"es_ES","og_type":"article","og_title":"Alemanha suspende restri\u00e7\u00f5es de entrada no pa\u00eds em junho - Traduzca","og_description":"O governo da Alemanha anunciou que ir\u00e1 flexibilizar restri\u00e7\u00f5es vigentes desde o in\u00edcio da pandemia de Covid-19. Assim, a entrada de estrangeiros no pa\u00eds se tornar\u00e1 mais facilitada. A partir de 1\u00ba de ...","og_url":"https:\/\/traduzca.com\/es\/alemanha-suspende-restricoes-de-entrada-no-pais-em-junho\/","og_site_name":"Traduzca","article_publisher":"https:\/\/www.facebook.com\/traduzca","article_published_time":"2022-05-30T17:48:30+00:00","article_modified_time":"2026-02-13T17:56:54+00:00","author":"traduzca_admin","twitter_card":"summary_large_image","twitter_misc":{"Written by":"traduzca_admin","Est. reading time":"1 minute"},"schema":{"@context":"https:\/\/schema.org","@graph":[{"@type":"Article","@id":"https:\/\/traduzca.com\/alemanha-suspende-restricoes-de-entrada-no-pais-em-junho\/#article","isPartOf":{"@id":"https:\/\/traduzca.com\/alemanha-suspende-restricoes-de-entrada-no-pais-em-junho\/"},"author":{"name":"traduzca_admin","@id":"https:\/\/traduzca.com\/#\/schema\/person\/b4689f634b68236dfb176043283b2ae8"},"headline":"Alemanha suspende restri\u00e7\u00f5es de entrada no pa\u00eds em junho","datePublished":"2022-05-30T17:48:30+00:00","dateModified":"2026-02-13T17:56:54+00:00","mainEntityOfPage":{"@id":"https:\/\/traduzca.com\/alemanha-suspende-restricoes-de-entrada-no-pais-em-junho\/"},"wordCount":276,"publisher":{"@id":"https:\/\/traduzca.com\/#organization"},"articleSection":["Blog","Not\u00edcias"],"inLanguage":"es-ES"},{"@type":"WebPage","@id":"https:\/\/traduzca.com\/alemanha-suspende-restricoes-de-entrada-no-pais-em-junho\/","url":"https:\/\/traduzca.com\/alemanha-suspende-restricoes-de-entrada-no-pais-em-junho\/","name":"Alemanha suspende restri\u00e7\u00f5es de entrada no pa\u00eds em junho - Traduzca","isPartOf":{"@id":"https:\/\/traduzca.com\/#website"},"datePublished":"2022-05-30T17:48:30+00:00","dateModified":"2026-02-13T17:56:54+00:00","breadcrumb":{"@id":"https:\/\/traduzca.com\/alemanha-suspende-restricoes-de-entrada-no-pais-em-junho\/#breadcrumb"},"inLanguage":"es-ES","potentialAction":[{"@type":"ReadAction","target":["https:\/\/traduzca.com\/alemanha-suspende-restricoes-de-entrada-no-pais-em-junho\/"]}]},{"@type":"BreadcrumbList","@id":"https:\/\/traduzca.com\/alemanha-suspende-restricoes-de-entrada-no-pais-em-junho\/#breadcrumb","itemListElement":[{"@type":"ListItem","position":1,"name":"Home","item":"https:\/\/traduzca.com\/"},{"@type":"ListItem","position":2,"name":"Alemanha suspende restri\u00e7\u00f5es de entrada no pa\u00eds em junho"}]},{"@type":"WebSite","@id":"https:\/\/traduzca.com\/#website","url":"https:\/\/traduzca.com\/","name":"Traduzca","description":"Traduzca lo conecta con traductores nativos con experiencia t\u00e9cnica. Calidad, confidencialidad y puntualidad para derribar las barreras de su negocio.","publisher":{"@id":"https:\/\/traduzca.com\/#organization"},"potentialAction":[{"@type":"SearchAction","target":{"@type":"EntryPoint","urlTemplate":"https:\/\/traduzca.com\/?s={search_term_string}"},"query-input":{"@type":"PropertyValueSpecification","valueRequired":true,"valueName":"search_term_string"}}],"inLanguage":"es-ES"},{"@type":"Organization","@id":"https:\/\/traduzca.com\/#organization","name":"Traduzca","url":"https:\/\/traduzca.com\/","logo":{"@type":"ImageObject","inLanguage":"es-ES","@id":"https:\/\/traduzca.com\/#\/schema\/logo\/image\/","url":"https:\/\/traduzca.com\/wp-content\/uploads\/2026\/02\/cropped-favicon.png","contentUrl":"https:\/\/traduzca.com\/wp-content\/uploads\/2026\/02\/cropped-favicon.png","width":97,"height":94,"caption":"Traduzca"},"image":{"@id":"https:\/\/traduzca.com\/#\/schema\/logo\/image\/"},"sameAs":["https:\/\/www.facebook.com\/traduzca"]},{"@type":"Person","@id":"https:\/\/traduzca.com\/#\/schema\/person\/b4689f634b68236dfb176043283b2ae8","name":"traduzca_admin","image":{"@type":"ImageObject","inLanguage":"es-ES","@id":"https:\/\/traduzca.com\/#\/schema\/person\/image\/","url":"https:\/\/secure.gravatar.com\/avatar\/3e977bbac939cc66d785e2b0963953e99cf6fed540960c0ef0a9e984e569dd2f?s=96&d=mm&r=g","contentUrl":"https:\/\/secure.gravatar.com\/avatar\/3e977bbac939cc66d785e2b0963953e99cf6fed540960c0ef0a9e984e569dd2f?s=96&d=mm&r=g","caption":"traduzca_admin"},"sameAs":["https:\/\/traduzca.com"],"url":"https:\/\/traduzca.com\/es\/author\/traduzca_admin\/"}]}},"_links":{"self":[{"href":"https:\/\/traduzca.com\/es\/wp-json\/wp\/v2\/posts\/2369","targetHints":{"allow":["GET"]}}],"collection":[{"href":"https:\/\/traduzca.com\/es\/wp-json\/wp\/v2\/posts"}],"about":[{"href":"https:\/\/traduzca.com\/es\/wp-json\/wp\/v2\/types\/post"}],"author":[{"embeddable":true,"href":"https:\/\/traduzca.com\/es\/wp-json\/wp\/v2\/users\/1"}],"replies":[{"embeddable":true,"href":"https:\/\/traduzca.com\/es\/wp-json\/wp\/v2\/comments?post=2369"}],"version-history":[{"count":2,"href":"https:\/\/traduzca.com\/es\/wp-json\/wp\/v2\/posts\/2369\/revisions"}],"predecessor-version":[{"id":2371,"href":"https:\/\/traduzca.com\/es\/wp-json\/wp\/v2\/posts\/2369\/revisions\/2371"}],"wp:attachment":[{"href":"https:\/\/traduzca.com\/es\/wp-json\/wp\/v2\/media?parent=2369"}],"wp:term":[{"taxonomy":"category","embeddable":true,"href":"https:\/\/traduzca.com\/es\/wp-json\/wp\/v2\/categories?post=2369"},{"taxonomy":"post_tag","embeddable":true,"href":"https:\/\/traduzca.com\/es\/wp-json\/wp\/v2\/tags?post=2369"}],"curies":[{"name":"wp","href":"https:\/\/api.w.org\/{rel}","templated":true}]}}