{"id":2381,"date":"2022-03-28T15:08:57","date_gmt":"2022-03-28T15:08:57","guid":{"rendered":"https:\/\/traduzca.com\/?p=2381"},"modified":"2026-02-13T17:57:30","modified_gmt":"2026-02-13T17:57:30","slug":"evento-mundial-de-inovacao-south-summit-tera-edicao-em-porto-alegre-em-maio","status":"publish","type":"post","link":"https:\/\/traduzca.com\/es\/evento-mundial-de-inovacao-south-summit-tera-edicao-em-porto-alegre-em-maio\/","title":{"rendered":"Evento mundial de inova\u00e7\u00e3o, South Summit ter\u00e1 edi\u00e7\u00e3o em Porto Alegre em maio"},"content":{"rendered":"<p>Ap\u00f3s celebrar seu passado e suas conquistas com o anivers\u00e1rio de 250 anos, Porto Alegre aproveita a data especial para olhar \u00e0 frente e se conectar com o futuro. De 4 a 6 de maio, a capital dos ga\u00fachos receber\u00e1 o South Summit, na primeira edi\u00e7\u00e3o do evento em solo sul-americano.<\/p>\n<p>Sediado em Madri, Espanha, o South Summit \u00e9 um dos maiores encontros de inova\u00e7\u00e3o do mundo e funciona como uma plataforma global para conex\u00f5es entre startups, corpora\u00e7\u00f5es e investidores com o objetivo de gerar resultados e neg\u00f3cios.<\/p>\n<p>Entre as atra\u00e7\u00f5es do evento est\u00e1 uma competi\u00e7\u00e3o de startups. A ideia \u00e9 incentivar o empreendedorismo na regi\u00e3o e propiciar a expans\u00e3o das empresas para outros mercados. Os finalistas das edi\u00e7\u00f5es anteriores alcan\u00e7aram mais de US$ 6 milh\u00f5es em investimentos, al\u00e9m de fechar acordos com empresas de diversos setores produtivos.<\/p>\n<p>Segundo os organizadores, Porto Alegre foi escolhida porque possui mais de 1.000 startups e 15 grandes parques tecnol\u00f3gicos, criando um ecossistema de inova\u00e7\u00e3o. A cidade tamb\u00e9m tem um dos 20 unic\u00f3rnios do pa\u00eds, isto \u00e9, uma empresa avaliada em mais de US$ 1 bilh\u00e3o.<\/p>\n<p>O evento ser\u00e1 realizado em um espa\u00e7o de 5.000 m\u00b2 no Cais Mau\u00e1, em frente ao Gua\u00edba, um dos cart\u00f5es postais de Porto Alegre. S\u00e3o esperados mais de 300 palestrantes de dezenas de pa\u00edses. A segunda edi\u00e7\u00e3o do South Summit Brasil j\u00e1 est\u00e1 marcada para mar\u00e7o de 2023, tamb\u00e9m na capital do Rio Grande do Sul.<\/p>","protected":false},"excerpt":{"rendered":"<p>Ap\u00f3s celebrar seu passado e suas conquistas com o anivers\u00e1rio de 250 anos, Porto Alegre aproveita a data especial para olhar \u00e0 frente e se conectar com o futuro. De 4 a 6 de maio, a capital dos ga\u00fach&#8230;<\/p>","protected":false},"author":1,"featured_media":0,"comment_status":"closed","ping_status":"closed","sticky":false,"template":"","format":"standard","meta":{"_acf_changed":false,"footnotes":""},"categories":[34,33],"tags":[],"class_list":["post-2381","post","type-post","status-publish","format-standard","hentry","category-blog","category-noticias"],"acf":[],"yoast_head":"<!-- This site is optimized with the Yoast SEO plugin v26.9 - https:\/\/yoast.com\/product\/yoast-seo-wordpress\/ -->\n<title>Evento mundial de inova\u00e7\u00e3o, South Summit ter\u00e1 edi\u00e7\u00e3o em Porto Alegre em maio - Traduzca<\/title>\n<meta name=\"robots\" content=\"index, follow, max-snippet:-1, max-image-preview:large, max-video-preview:-1\" \/>\n<link rel=\"canonical\" href=\"https:\/\/traduzca.com\/es\/evento-mundial-de-inovacao-south-summit-tera-edicao-em-porto-alegre-em-maio\/\" \/>\n<meta property=\"og:locale\" content=\"es_ES\" \/>\n<meta property=\"og:type\" content=\"article\" \/>\n<meta property=\"og:title\" content=\"Evento mundial de inova\u00e7\u00e3o, South Summit ter\u00e1 edi\u00e7\u00e3o em Porto Alegre em maio - Traduzca\" \/>\n<meta property=\"og:description\" content=\"Ap\u00f3s celebrar seu passado e suas conquistas com o anivers\u00e1rio de 250 anos, Porto Alegre aproveita a data especial para olhar \u00e0 frente e se conectar com o futuro. De 4 a 6 de maio, a capital dos ga\u00fach...\" \/>\n<meta property=\"og:url\" content=\"https:\/\/traduzca.com\/es\/evento-mundial-de-inovacao-south-summit-tera-edicao-em-porto-alegre-em-maio\/\" \/>\n<meta property=\"og:site_name\" content=\"Traduzca\" \/>\n<meta property=\"article:publisher\" content=\"https:\/\/www.facebook.com\/traduzca\" \/>\n<meta property=\"article:published_time\" content=\"2022-03-28T15:08:57+00:00\" \/>\n<meta property=\"article:modified_time\" content=\"2026-02-13T17:57:30+00:00\" \/>\n<meta name=\"author\" content=\"traduzca_admin\" \/>\n<meta name=\"twitter:card\" content=\"summary_large_image\" \/>\n<meta name=\"twitter:label1\" content=\"Written by\" \/>\n\t<meta name=\"twitter:data1\" content=\"traduzca_admin\" \/>\n\t<meta name=\"twitter:label2\" content=\"Est. reading time\" \/>\n\t<meta name=\"twitter:data2\" content=\"1 minute\" \/>\n<script type=\"application\/ld+json\" class=\"yoast-schema-graph\">{\"@context\":\"https:\/\/schema.org\",\"@graph\":[{\"@type\":\"Article\",\"@id\":\"https:\/\/traduzca.com\/evento-mundial-de-inovacao-south-summit-tera-edicao-em-porto-alegre-em-maio\/#article\",\"isPartOf\":{\"@id\":\"https:\/\/traduzca.com\/evento-mundial-de-inovacao-south-summit-tera-edicao-em-porto-alegre-em-maio\/\"},\"author\":{\"name\":\"traduzca_admin\",\"@id\":\"https:\/\/traduzca.com\/#\/schema\/person\/b4689f634b68236dfb176043283b2ae8\"},\"headline\":\"Evento mundial de inova\u00e7\u00e3o, South Summit ter\u00e1 edi\u00e7\u00e3o em Porto Alegre em maio\",\"datePublished\":\"2022-03-28T15:08:57+00:00\",\"dateModified\":\"2026-02-13T17:57:30+00:00\",\"mainEntityOfPage\":{\"@id\":\"https:\/\/traduzca.com\/evento-mundial-de-inovacao-south-summit-tera-edicao-em-porto-alegre-em-maio\/\"},\"wordCount\":268,\"publisher\":{\"@id\":\"https:\/\/traduzca.com\/#organization\"},\"articleSection\":[\"Blog\",\"Not\u00edcias\"],\"inLanguage\":\"es-ES\"},{\"@type\":\"WebPage\",\"@id\":\"https:\/\/traduzca.com\/evento-mundial-de-inovacao-south-summit-tera-edicao-em-porto-alegre-em-maio\/\",\"url\":\"https:\/\/traduzca.com\/evento-mundial-de-inovacao-south-summit-tera-edicao-em-porto-alegre-em-maio\/\",\"name\":\"Evento mundial de inova\u00e7\u00e3o, South Summit ter\u00e1 edi\u00e7\u00e3o em Porto Alegre em maio - Traduzca\",\"isPartOf\":{\"@id\":\"https:\/\/traduzca.com\/#website\"},\"datePublished\":\"2022-03-28T15:08:57+00:00\",\"dateModified\":\"2026-02-13T17:57:30+00:00\",\"breadcrumb\":{\"@id\":\"https:\/\/traduzca.com\/evento-mundial-de-inovacao-south-summit-tera-edicao-em-porto-alegre-em-maio\/#breadcrumb\"},\"inLanguage\":\"es-ES\",\"potentialAction\":[{\"@type\":\"ReadAction\",\"target\":[\"https:\/\/traduzca.com\/evento-mundial-de-inovacao-south-summit-tera-edicao-em-porto-alegre-em-maio\/\"]}]},{\"@type\":\"BreadcrumbList\",\"@id\":\"https:\/\/traduzca.com\/evento-mundial-de-inovacao-south-summit-tera-edicao-em-porto-alegre-em-maio\/#breadcrumb\",\"itemListElement\":[{\"@type\":\"ListItem\",\"position\":1,\"name\":\"Home\",\"item\":\"https:\/\/traduzca.com\/\"},{\"@type\":\"ListItem\",\"position\":2,\"name\":\"Evento mundial de inova\u00e7\u00e3o, South Summit ter\u00e1 edi\u00e7\u00e3o em Porto Alegre em maio\"}]},{\"@type\":\"WebSite\",\"@id\":\"https:\/\/traduzca.com\/#website\",\"url\":\"https:\/\/traduzca.com\/\",\"name\":\"Traduzca\",\"description\":\"A Traduzca conecta voc\u00ea a tradutores nativos com expertise t\u00e9cnica. Qualidade, sigilo e pontualidade para romper as barreiras do seu neg\u00f3cio.\",\"publisher\":{\"@id\":\"https:\/\/traduzca.com\/#organization\"},\"potentialAction\":[{\"@type\":\"SearchAction\",\"target\":{\"@type\":\"EntryPoint\",\"urlTemplate\":\"https:\/\/traduzca.com\/?s={search_term_string}\"},\"query-input\":{\"@type\":\"PropertyValueSpecification\",\"valueRequired\":true,\"valueName\":\"search_term_string\"}}],\"inLanguage\":\"es-ES\"},{\"@type\":\"Organization\",\"@id\":\"https:\/\/traduzca.com\/#organization\",\"name\":\"Traduzca\",\"url\":\"https:\/\/traduzca.com\/\",\"logo\":{\"@type\":\"ImageObject\",\"inLanguage\":\"es-ES\",\"@id\":\"https:\/\/traduzca.com\/#\/schema\/logo\/image\/\",\"url\":\"https:\/\/traduzca.com\/wp-content\/uploads\/2026\/02\/cropped-favicon.png\",\"contentUrl\":\"https:\/\/traduzca.com\/wp-content\/uploads\/2026\/02\/cropped-favicon.png\",\"width\":97,\"height\":94,\"caption\":\"Traduzca\"},\"image\":{\"@id\":\"https:\/\/traduzca.com\/#\/schema\/logo\/image\/\"},\"sameAs\":[\"https:\/\/www.facebook.com\/traduzca\"]},{\"@type\":\"Person\",\"@id\":\"https:\/\/traduzca.com\/#\/schema\/person\/b4689f634b68236dfb176043283b2ae8\",\"name\":\"traduzca_admin\",\"image\":{\"@type\":\"ImageObject\",\"inLanguage\":\"es-ES\",\"@id\":\"https:\/\/traduzca.com\/#\/schema\/person\/image\/\",\"url\":\"https:\/\/secure.gravatar.com\/avatar\/3e977bbac939cc66d785e2b0963953e99cf6fed540960c0ef0a9e984e569dd2f?s=96&d=mm&r=g\",\"contentUrl\":\"https:\/\/secure.gravatar.com\/avatar\/3e977bbac939cc66d785e2b0963953e99cf6fed540960c0ef0a9e984e569dd2f?s=96&d=mm&r=g\",\"caption\":\"traduzca_admin\"},\"sameAs\":[\"https:\/\/traduzca.com\"],\"url\":\"https:\/\/traduzca.com\/es\/author\/traduzca_admin\/\"}]}<\/script>\n<!-- \/ Yoast SEO plugin. -->","yoast_head_json":{"title":"Evento mundial de inova\u00e7\u00e3o, South Summit ter\u00e1 edi\u00e7\u00e3o em Porto Alegre em maio - Traduzca","robots":{"index":"index","follow":"follow","max-snippet":"max-snippet:-1","max-image-preview":"max-image-preview:large","max-video-preview":"max-video-preview:-1"},"canonical":"https:\/\/traduzca.com\/es\/evento-mundial-de-inovacao-south-summit-tera-edicao-em-porto-alegre-em-maio\/","og_locale":"es_ES","og_type":"article","og_title":"Evento mundial de inova\u00e7\u00e3o, South Summit ter\u00e1 edi\u00e7\u00e3o em Porto Alegre em maio - Traduzca","og_description":"Ap\u00f3s celebrar seu passado e suas conquistas com o anivers\u00e1rio de 250 anos, Porto Alegre aproveita a data especial para olhar \u00e0 frente e se conectar com o futuro. De 4 a 6 de maio, a capital dos ga\u00fach...","og_url":"https:\/\/traduzca.com\/es\/evento-mundial-de-inovacao-south-summit-tera-edicao-em-porto-alegre-em-maio\/","og_site_name":"Traduzca","article_publisher":"https:\/\/www.facebook.com\/traduzca","article_published_time":"2022-03-28T15:08:57+00:00","article_modified_time":"2026-02-13T17:57:30+00:00","author":"traduzca_admin","twitter_card":"summary_large_image","twitter_misc":{"Written by":"traduzca_admin","Est. reading time":"1 minute"},"schema":{"@context":"https:\/\/schema.org","@graph":[{"@type":"Article","@id":"https:\/\/traduzca.com\/evento-mundial-de-inovacao-south-summit-tera-edicao-em-porto-alegre-em-maio\/#article","isPartOf":{"@id":"https:\/\/traduzca.com\/evento-mundial-de-inovacao-south-summit-tera-edicao-em-porto-alegre-em-maio\/"},"author":{"name":"traduzca_admin","@id":"https:\/\/traduzca.com\/#\/schema\/person\/b4689f634b68236dfb176043283b2ae8"},"headline":"Evento mundial de inova\u00e7\u00e3o, South Summit ter\u00e1 edi\u00e7\u00e3o em Porto Alegre em maio","datePublished":"2022-03-28T15:08:57+00:00","dateModified":"2026-02-13T17:57:30+00:00","mainEntityOfPage":{"@id":"https:\/\/traduzca.com\/evento-mundial-de-inovacao-south-summit-tera-edicao-em-porto-alegre-em-maio\/"},"wordCount":268,"publisher":{"@id":"https:\/\/traduzca.com\/#organization"},"articleSection":["Blog","Not\u00edcias"],"inLanguage":"es-ES"},{"@type":"WebPage","@id":"https:\/\/traduzca.com\/evento-mundial-de-inovacao-south-summit-tera-edicao-em-porto-alegre-em-maio\/","url":"https:\/\/traduzca.com\/evento-mundial-de-inovacao-south-summit-tera-edicao-em-porto-alegre-em-maio\/","name":"Evento mundial de inova\u00e7\u00e3o, South Summit ter\u00e1 edi\u00e7\u00e3o em Porto Alegre em maio - Traduzca","isPartOf":{"@id":"https:\/\/traduzca.com\/#website"},"datePublished":"2022-03-28T15:08:57+00:00","dateModified":"2026-02-13T17:57:30+00:00","breadcrumb":{"@id":"https:\/\/traduzca.com\/evento-mundial-de-inovacao-south-summit-tera-edicao-em-porto-alegre-em-maio\/#breadcrumb"},"inLanguage":"es-ES","potentialAction":[{"@type":"ReadAction","target":["https:\/\/traduzca.com\/evento-mundial-de-inovacao-south-summit-tera-edicao-em-porto-alegre-em-maio\/"]}]},{"@type":"BreadcrumbList","@id":"https:\/\/traduzca.com\/evento-mundial-de-inovacao-south-summit-tera-edicao-em-porto-alegre-em-maio\/#breadcrumb","itemListElement":[{"@type":"ListItem","position":1,"name":"Home","item":"https:\/\/traduzca.com\/"},{"@type":"ListItem","position":2,"name":"Evento mundial de inova\u00e7\u00e3o, South Summit ter\u00e1 edi\u00e7\u00e3o em Porto Alegre em maio"}]},{"@type":"WebSite","@id":"https:\/\/traduzca.com\/#website","url":"https:\/\/traduzca.com\/","name":"Traduzca","description":"Traduzca lo conecta con traductores nativos con experiencia t\u00e9cnica. Calidad, confidencialidad y puntualidad para derribar las barreras de su negocio.","publisher":{"@id":"https:\/\/traduzca.com\/#organization"},"potentialAction":[{"@type":"SearchAction","target":{"@type":"EntryPoint","urlTemplate":"https:\/\/traduzca.com\/?s={search_term_string}"},"query-input":{"@type":"PropertyValueSpecification","valueRequired":true,"valueName":"search_term_string"}}],"inLanguage":"es-ES"},{"@type":"Organization","@id":"https:\/\/traduzca.com\/#organization","name":"Traduzca","url":"https:\/\/traduzca.com\/","logo":{"@type":"ImageObject","inLanguage":"es-ES","@id":"https:\/\/traduzca.com\/#\/schema\/logo\/image\/","url":"https:\/\/traduzca.com\/wp-content\/uploads\/2026\/02\/cropped-favicon.png","contentUrl":"https:\/\/traduzca.com\/wp-content\/uploads\/2026\/02\/cropped-favicon.png","width":97,"height":94,"caption":"Traduzca"},"image":{"@id":"https:\/\/traduzca.com\/#\/schema\/logo\/image\/"},"sameAs":["https:\/\/www.facebook.com\/traduzca"]},{"@type":"Person","@id":"https:\/\/traduzca.com\/#\/schema\/person\/b4689f634b68236dfb176043283b2ae8","name":"traduzca_admin","image":{"@type":"ImageObject","inLanguage":"es-ES","@id":"https:\/\/traduzca.com\/#\/schema\/person\/image\/","url":"https:\/\/secure.gravatar.com\/avatar\/3e977bbac939cc66d785e2b0963953e99cf6fed540960c0ef0a9e984e569dd2f?s=96&d=mm&r=g","contentUrl":"https:\/\/secure.gravatar.com\/avatar\/3e977bbac939cc66d785e2b0963953e99cf6fed540960c0ef0a9e984e569dd2f?s=96&d=mm&r=g","caption":"traduzca_admin"},"sameAs":["https:\/\/traduzca.com"],"url":"https:\/\/traduzca.com\/es\/author\/traduzca_admin\/"}]}},"_links":{"self":[{"href":"https:\/\/traduzca.com\/es\/wp-json\/wp\/v2\/posts\/2381","targetHints":{"allow":["GET"]}}],"collection":[{"href":"https:\/\/traduzca.com\/es\/wp-json\/wp\/v2\/posts"}],"about":[{"href":"https:\/\/traduzca.com\/es\/wp-json\/wp\/v2\/types\/post"}],"author":[{"embeddable":true,"href":"https:\/\/traduzca.com\/es\/wp-json\/wp\/v2\/users\/1"}],"replies":[{"embeddable":true,"href":"https:\/\/traduzca.com\/es\/wp-json\/wp\/v2\/comments?post=2381"}],"version-history":[{"count":2,"href":"https:\/\/traduzca.com\/es\/wp-json\/wp\/v2\/posts\/2381\/revisions"}],"predecessor-version":[{"id":2383,"href":"https:\/\/traduzca.com\/es\/wp-json\/wp\/v2\/posts\/2381\/revisions\/2383"}],"wp:attachment":[{"href":"https:\/\/traduzca.com\/es\/wp-json\/wp\/v2\/media?parent=2381"}],"wp:term":[{"taxonomy":"category","embeddable":true,"href":"https:\/\/traduzca.com\/es\/wp-json\/wp\/v2\/categories?post=2381"},{"taxonomy":"post_tag","embeddable":true,"href":"https:\/\/traduzca.com\/es\/wp-json\/wp\/v2\/tags?post=2381"}],"curies":[{"name":"wp","href":"https:\/\/api.w.org\/{rel}","templated":true}]}}