{"id":2606,"date":"2015-08-12T18:30:47","date_gmt":"2015-08-12T18:30:47","guid":{"rendered":"https:\/\/traduzca.com\/?p=2606"},"modified":"2026-02-13T18:11:18","modified_gmt":"2026-02-13T18:11:18","slug":"traduzca-traducao-materiais-43o-festival-cinema-gramado","status":"publish","type":"post","link":"https:\/\/traduzca.com\/es\/traduzca-traducao-materiais-43o-festival-cinema-gramado\/","title":{"rendered":"Traduzca fez a tradu\u00e7\u00e3o de materiais do 43\u00ba Festival de Cinema de Gramado"},"content":{"rendered":"<p style=\"text-align: justify;\"><a href=\"https:\/\/www.traduzca.com\/wp-content\/uploads\/2015\/08\/tradu\u00e7\u00e3o1.jpg\"><img fetchpriority=\"high\" decoding=\"async\" class=\"aligncenter size-full wp-image-8510\" src=\"https:\/\/www.traduzca.com\/wp-content\/uploads\/2015\/08\/tradu\u00e7\u00e3o1.jpg\" alt=\"tradu\u00e7\u00e3o\" width=\"700\" height=\"467\" \/><\/a><\/p>\n<p style=\"text-align: justify;\">Luz! C\u00e2mera! Tradu\u00e7\u00e3o! A Traduzca est\u00e1 ao lado do 43\u00ba Festival de Cinema de Gramado, que acontece de 7 a 15 de agosto em Gramado, na serra ga\u00facha. Foi realizada a tradu\u00e7\u00e3o para o espanhol de sinopses dos curta e longa-metragens, das fichas t\u00e9cnicas dos filmes, releases de imprensa e textos sobre os homenageados, al\u00e9m das se\u00e7\u00f5es do <a href=\"http:\/\/www.festivaldegramado.net\/novo\/noticias.php?lang=es\" target=\"_blank\" rel=\"noopener noreferrer\">site oficial do evento<\/a>.<\/p>\n<p style=\"text-align: justify;\">A atriz Mar\u00edlia P\u00eara \u00e9 uma das homenageadas. Ela recebe o trof\u00e9u Oscarito, enquanto o ator e cineasta Daniel Filho ser\u00e1 homenageado com o trof\u00e9u Cidade de Gramado. J\u00e1 o diretor, roteirista, ator e produtor argentino Fernando Solanas, apelidado de &#8220;Pino Solanas&#8221;, premiado internacionalmente com filmes como \u201cEl Exilio de Gardel\u201d e \u201cSur\u201d, receber\u00e1 o Kikito de Cristal da organiza\u00e7\u00e3o do evento.<\/p>\n<p style=\"text-align: justify;\">Na mostra competitiva, filmes ga\u00fachos e de outros estados brasileiros concorrem ao Kikito. Produ\u00e7\u00f5es da Argentina, Col\u00f4mbia, Costa Rica, Cuba, Equador, M\u00e9xico e Uruguai formam a competi\u00e7\u00e3o de longas latinos.<\/p>\n<p style=\"text-align: justify;\">A edi\u00e7\u00e3o de 2015 do Festival de Cinema de Gramado tem a tripla curadoria da produtora e diretora argentina Eva Powowarski, do ga\u00facho cr\u00edtico de cinema Marcos Santu\u00e1rio e do jornalista Rubens Ewald Filho.<\/p>","protected":false},"excerpt":{"rendered":"<p>Luz! C\u00e2mera! Tradu\u00e7\u00e3o! A Traduzca est\u00e1 ao lado do 43\u00ba Festival de Cinema de Gramado, que acontece de 7 a 15 de agosto em Gramado, na serra ga\u00facha. Foi realizada a tradu\u00e7\u00e3o para o espanhol de sinopses&#8230;<\/p>","protected":false},"author":1,"featured_media":0,"comment_status":"closed","ping_status":"closed","sticky":false,"template":"","format":"standard","meta":{"_acf_changed":false,"footnotes":""},"categories":[34,33],"tags":[35,9],"class_list":["post-2606","post","type-post","status-publish","format-standard","hentry","category-blog","category-noticias","tag-blog","tag-noticias"],"acf":[],"yoast_head":"<!-- This site is optimized with the Yoast SEO plugin v26.9 - https:\/\/yoast.com\/product\/yoast-seo-wordpress\/ -->\n<title>Traduzca fez a tradu\u00e7\u00e3o de materiais do 43\u00ba Festival de Cinema de Gramado - Traduzca<\/title>\n<meta name=\"robots\" content=\"index, follow, max-snippet:-1, max-image-preview:large, max-video-preview:-1\" \/>\n<link rel=\"canonical\" href=\"https:\/\/traduzca.com\/es\/traduzca-traducao-materiais-43o-festival-cinema-gramado\/\" \/>\n<meta property=\"og:locale\" content=\"es_ES\" \/>\n<meta property=\"og:type\" content=\"article\" \/>\n<meta property=\"og:title\" content=\"Traduzca fez a tradu\u00e7\u00e3o de materiais do 43\u00ba Festival de Cinema de Gramado - Traduzca\" \/>\n<meta property=\"og:description\" content=\"Luz! C\u00e2mera! Tradu\u00e7\u00e3o! A Traduzca est\u00e1 ao lado do 43\u00ba Festival de Cinema de Gramado, que acontece de 7 a 15 de agosto em Gramado, na serra ga\u00facha. Foi realizada a tradu\u00e7\u00e3o para o espanhol de sinopses...\" \/>\n<meta property=\"og:url\" content=\"https:\/\/traduzca.com\/es\/traduzca-traducao-materiais-43o-festival-cinema-gramado\/\" \/>\n<meta property=\"og:site_name\" content=\"Traduzca\" \/>\n<meta property=\"article:publisher\" content=\"https:\/\/www.facebook.com\/traduzca\" \/>\n<meta property=\"article:published_time\" content=\"2015-08-12T18:30:47+00:00\" \/>\n<meta property=\"article:modified_time\" content=\"2026-02-13T18:11:18+00:00\" \/>\n<meta name=\"author\" content=\"traduzca_admin\" \/>\n<meta name=\"twitter:card\" content=\"summary_large_image\" \/>\n<meta name=\"twitter:label1\" content=\"Written by\" \/>\n\t<meta name=\"twitter:data1\" content=\"traduzca_admin\" \/>\n\t<meta name=\"twitter:label2\" content=\"Est. reading time\" \/>\n\t<meta name=\"twitter:data2\" content=\"1 minute\" \/>\n<script type=\"application\/ld+json\" class=\"yoast-schema-graph\">{\"@context\":\"https:\/\/schema.org\",\"@graph\":[{\"@type\":\"Article\",\"@id\":\"https:\/\/traduzca.com\/traduzca-traducao-materiais-43o-festival-cinema-gramado\/#article\",\"isPartOf\":{\"@id\":\"https:\/\/traduzca.com\/traduzca-traducao-materiais-43o-festival-cinema-gramado\/\"},\"author\":{\"name\":\"traduzca_admin\",\"@id\":\"https:\/\/traduzca.com\/#\/schema\/person\/b4689f634b68236dfb176043283b2ae8\"},\"headline\":\"Traduzca fez a tradu\u00e7\u00e3o de materiais do 43\u00ba Festival de Cinema de Gramado\",\"datePublished\":\"2015-08-12T18:30:47+00:00\",\"dateModified\":\"2026-02-13T18:11:18+00:00\",\"mainEntityOfPage\":{\"@id\":\"https:\/\/traduzca.com\/traduzca-traducao-materiais-43o-festival-cinema-gramado\/\"},\"wordCount\":217,\"publisher\":{\"@id\":\"https:\/\/traduzca.com\/#organization\"},\"keywords\":[\"Blog\",\"NOT\u00cdCIAS\"],\"articleSection\":[\"Blog\",\"Not\u00edcias\"],\"inLanguage\":\"es-ES\"},{\"@type\":\"WebPage\",\"@id\":\"https:\/\/traduzca.com\/traduzca-traducao-materiais-43o-festival-cinema-gramado\/\",\"url\":\"https:\/\/traduzca.com\/traduzca-traducao-materiais-43o-festival-cinema-gramado\/\",\"name\":\"Traduzca fez a tradu\u00e7\u00e3o de materiais do 43\u00ba Festival de Cinema de Gramado - Traduzca\",\"isPartOf\":{\"@id\":\"https:\/\/traduzca.com\/#website\"},\"datePublished\":\"2015-08-12T18:30:47+00:00\",\"dateModified\":\"2026-02-13T18:11:18+00:00\",\"breadcrumb\":{\"@id\":\"https:\/\/traduzca.com\/traduzca-traducao-materiais-43o-festival-cinema-gramado\/#breadcrumb\"},\"inLanguage\":\"es-ES\",\"potentialAction\":[{\"@type\":\"ReadAction\",\"target\":[\"https:\/\/traduzca.com\/traduzca-traducao-materiais-43o-festival-cinema-gramado\/\"]}]},{\"@type\":\"BreadcrumbList\",\"@id\":\"https:\/\/traduzca.com\/traduzca-traducao-materiais-43o-festival-cinema-gramado\/#breadcrumb\",\"itemListElement\":[{\"@type\":\"ListItem\",\"position\":1,\"name\":\"Home\",\"item\":\"https:\/\/traduzca.com\/\"},{\"@type\":\"ListItem\",\"position\":2,\"name\":\"Traduzca fez a tradu\u00e7\u00e3o de materiais do 43\u00ba Festival de Cinema de Gramado\"}]},{\"@type\":\"WebSite\",\"@id\":\"https:\/\/traduzca.com\/#website\",\"url\":\"https:\/\/traduzca.com\/\",\"name\":\"Traduzca\",\"description\":\"A Traduzca conecta voc\u00ea a tradutores nativos com expertise t\u00e9cnica. Qualidade, sigilo e pontualidade para romper as barreiras do seu neg\u00f3cio.\",\"publisher\":{\"@id\":\"https:\/\/traduzca.com\/#organization\"},\"potentialAction\":[{\"@type\":\"SearchAction\",\"target\":{\"@type\":\"EntryPoint\",\"urlTemplate\":\"https:\/\/traduzca.com\/?s={search_term_string}\"},\"query-input\":{\"@type\":\"PropertyValueSpecification\",\"valueRequired\":true,\"valueName\":\"search_term_string\"}}],\"inLanguage\":\"es-ES\"},{\"@type\":\"Organization\",\"@id\":\"https:\/\/traduzca.com\/#organization\",\"name\":\"Traduzca\",\"url\":\"https:\/\/traduzca.com\/\",\"logo\":{\"@type\":\"ImageObject\",\"inLanguage\":\"es-ES\",\"@id\":\"https:\/\/traduzca.com\/#\/schema\/logo\/image\/\",\"url\":\"https:\/\/traduzca.com\/wp-content\/uploads\/2026\/02\/cropped-favicon.png\",\"contentUrl\":\"https:\/\/traduzca.com\/wp-content\/uploads\/2026\/02\/cropped-favicon.png\",\"width\":97,\"height\":94,\"caption\":\"Traduzca\"},\"image\":{\"@id\":\"https:\/\/traduzca.com\/#\/schema\/logo\/image\/\"},\"sameAs\":[\"https:\/\/www.facebook.com\/traduzca\"]},{\"@type\":\"Person\",\"@id\":\"https:\/\/traduzca.com\/#\/schema\/person\/b4689f634b68236dfb176043283b2ae8\",\"name\":\"traduzca_admin\",\"image\":{\"@type\":\"ImageObject\",\"inLanguage\":\"es-ES\",\"@id\":\"https:\/\/traduzca.com\/#\/schema\/person\/image\/\",\"url\":\"https:\/\/secure.gravatar.com\/avatar\/3e977bbac939cc66d785e2b0963953e99cf6fed540960c0ef0a9e984e569dd2f?s=96&d=mm&r=g\",\"contentUrl\":\"https:\/\/secure.gravatar.com\/avatar\/3e977bbac939cc66d785e2b0963953e99cf6fed540960c0ef0a9e984e569dd2f?s=96&d=mm&r=g\",\"caption\":\"traduzca_admin\"},\"sameAs\":[\"https:\/\/traduzca.com\"],\"url\":\"https:\/\/traduzca.com\/es\/author\/traduzca_admin\/\"}]}<\/script>\n<!-- \/ Yoast SEO plugin. -->","yoast_head_json":{"title":"Traduzca fez a tradu\u00e7\u00e3o de materiais do 43\u00ba Festival de Cinema de Gramado - Traduzca","robots":{"index":"index","follow":"follow","max-snippet":"max-snippet:-1","max-image-preview":"max-image-preview:large","max-video-preview":"max-video-preview:-1"},"canonical":"https:\/\/traduzca.com\/es\/traduzca-traducao-materiais-43o-festival-cinema-gramado\/","og_locale":"es_ES","og_type":"article","og_title":"Traduzca fez a tradu\u00e7\u00e3o de materiais do 43\u00ba Festival de Cinema de Gramado - Traduzca","og_description":"Luz! C\u00e2mera! Tradu\u00e7\u00e3o! A Traduzca est\u00e1 ao lado do 43\u00ba Festival de Cinema de Gramado, que acontece de 7 a 15 de agosto em Gramado, na serra ga\u00facha. Foi realizada a tradu\u00e7\u00e3o para o espanhol de sinopses...","og_url":"https:\/\/traduzca.com\/es\/traduzca-traducao-materiais-43o-festival-cinema-gramado\/","og_site_name":"Traduzca","article_publisher":"https:\/\/www.facebook.com\/traduzca","article_published_time":"2015-08-12T18:30:47+00:00","article_modified_time":"2026-02-13T18:11:18+00:00","author":"traduzca_admin","twitter_card":"summary_large_image","twitter_misc":{"Written by":"traduzca_admin","Est. reading time":"1 minute"},"schema":{"@context":"https:\/\/schema.org","@graph":[{"@type":"Article","@id":"https:\/\/traduzca.com\/traduzca-traducao-materiais-43o-festival-cinema-gramado\/#article","isPartOf":{"@id":"https:\/\/traduzca.com\/traduzca-traducao-materiais-43o-festival-cinema-gramado\/"},"author":{"name":"traduzca_admin","@id":"https:\/\/traduzca.com\/#\/schema\/person\/b4689f634b68236dfb176043283b2ae8"},"headline":"Traduzca fez a tradu\u00e7\u00e3o de materiais do 43\u00ba Festival de Cinema de Gramado","datePublished":"2015-08-12T18:30:47+00:00","dateModified":"2026-02-13T18:11:18+00:00","mainEntityOfPage":{"@id":"https:\/\/traduzca.com\/traduzca-traducao-materiais-43o-festival-cinema-gramado\/"},"wordCount":217,"publisher":{"@id":"https:\/\/traduzca.com\/#organization"},"keywords":["Blog","NOT\u00cdCIAS"],"articleSection":["Blog","Not\u00edcias"],"inLanguage":"es-ES"},{"@type":"WebPage","@id":"https:\/\/traduzca.com\/traduzca-traducao-materiais-43o-festival-cinema-gramado\/","url":"https:\/\/traduzca.com\/traduzca-traducao-materiais-43o-festival-cinema-gramado\/","name":"Traduzca fez a tradu\u00e7\u00e3o de materiais do 43\u00ba Festival de Cinema de Gramado - Traduzca","isPartOf":{"@id":"https:\/\/traduzca.com\/#website"},"datePublished":"2015-08-12T18:30:47+00:00","dateModified":"2026-02-13T18:11:18+00:00","breadcrumb":{"@id":"https:\/\/traduzca.com\/traduzca-traducao-materiais-43o-festival-cinema-gramado\/#breadcrumb"},"inLanguage":"es-ES","potentialAction":[{"@type":"ReadAction","target":["https:\/\/traduzca.com\/traduzca-traducao-materiais-43o-festival-cinema-gramado\/"]}]},{"@type":"BreadcrumbList","@id":"https:\/\/traduzca.com\/traduzca-traducao-materiais-43o-festival-cinema-gramado\/#breadcrumb","itemListElement":[{"@type":"ListItem","position":1,"name":"Home","item":"https:\/\/traduzca.com\/"},{"@type":"ListItem","position":2,"name":"Traduzca fez a tradu\u00e7\u00e3o de materiais do 43\u00ba Festival de Cinema de Gramado"}]},{"@type":"WebSite","@id":"https:\/\/traduzca.com\/#website","url":"https:\/\/traduzca.com\/","name":"Traduzca","description":"Traduzca lo conecta con traductores nativos con experiencia t\u00e9cnica. Calidad, confidencialidad y puntualidad para derribar las barreras de su negocio.","publisher":{"@id":"https:\/\/traduzca.com\/#organization"},"potentialAction":[{"@type":"SearchAction","target":{"@type":"EntryPoint","urlTemplate":"https:\/\/traduzca.com\/?s={search_term_string}"},"query-input":{"@type":"PropertyValueSpecification","valueRequired":true,"valueName":"search_term_string"}}],"inLanguage":"es-ES"},{"@type":"Organization","@id":"https:\/\/traduzca.com\/#organization","name":"Traduzca","url":"https:\/\/traduzca.com\/","logo":{"@type":"ImageObject","inLanguage":"es-ES","@id":"https:\/\/traduzca.com\/#\/schema\/logo\/image\/","url":"https:\/\/traduzca.com\/wp-content\/uploads\/2026\/02\/cropped-favicon.png","contentUrl":"https:\/\/traduzca.com\/wp-content\/uploads\/2026\/02\/cropped-favicon.png","width":97,"height":94,"caption":"Traduzca"},"image":{"@id":"https:\/\/traduzca.com\/#\/schema\/logo\/image\/"},"sameAs":["https:\/\/www.facebook.com\/traduzca"]},{"@type":"Person","@id":"https:\/\/traduzca.com\/#\/schema\/person\/b4689f634b68236dfb176043283b2ae8","name":"traduzca_admin","image":{"@type":"ImageObject","inLanguage":"es-ES","@id":"https:\/\/traduzca.com\/#\/schema\/person\/image\/","url":"https:\/\/secure.gravatar.com\/avatar\/3e977bbac939cc66d785e2b0963953e99cf6fed540960c0ef0a9e984e569dd2f?s=96&d=mm&r=g","contentUrl":"https:\/\/secure.gravatar.com\/avatar\/3e977bbac939cc66d785e2b0963953e99cf6fed540960c0ef0a9e984e569dd2f?s=96&d=mm&r=g","caption":"traduzca_admin"},"sameAs":["https:\/\/traduzca.com"],"url":"https:\/\/traduzca.com\/es\/author\/traduzca_admin\/"}]}},"_links":{"self":[{"href":"https:\/\/traduzca.com\/es\/wp-json\/wp\/v2\/posts\/2606","targetHints":{"allow":["GET"]}}],"collection":[{"href":"https:\/\/traduzca.com\/es\/wp-json\/wp\/v2\/posts"}],"about":[{"href":"https:\/\/traduzca.com\/es\/wp-json\/wp\/v2\/types\/post"}],"author":[{"embeddable":true,"href":"https:\/\/traduzca.com\/es\/wp-json\/wp\/v2\/users\/1"}],"replies":[{"embeddable":true,"href":"https:\/\/traduzca.com\/es\/wp-json\/wp\/v2\/comments?post=2606"}],"version-history":[{"count":1,"href":"https:\/\/traduzca.com\/es\/wp-json\/wp\/v2\/posts\/2606\/revisions"}],"predecessor-version":[{"id":2607,"href":"https:\/\/traduzca.com\/es\/wp-json\/wp\/v2\/posts\/2606\/revisions\/2607"}],"wp:attachment":[{"href":"https:\/\/traduzca.com\/es\/wp-json\/wp\/v2\/media?parent=2606"}],"wp:term":[{"taxonomy":"category","embeddable":true,"href":"https:\/\/traduzca.com\/es\/wp-json\/wp\/v2\/categories?post=2606"},{"taxonomy":"post_tag","embeddable":true,"href":"https:\/\/traduzca.com\/es\/wp-json\/wp\/v2\/tags?post=2606"}],"curies":[{"name":"wp","href":"https:\/\/api.w.org\/{rel}","templated":true}]}}