{"id":3151,"date":"2021-06-10T19:06:09","date_gmt":"2021-06-10T19:06:09","guid":{"rendered":"https:\/\/traduzca.com\/?p=3151"},"modified":"2026-02-13T18:43:30","modified_gmt":"2026-02-13T18:43:30","slug":"jeff-bezos-anuncia-que-estara-a-bordo-do-primeiro-foguete-de-turismo-espacial","status":"publish","type":"post","link":"https:\/\/traduzca.com\/es\/jeff-bezos-anuncia-que-estara-a-bordo-do-primeiro-foguete-de-turismo-espacial\/","title":{"rendered":"Jeff Bezos anuncia que estar\u00e1 a bordo do primeiro foguete de turismo espacial"},"content":{"rendered":"<p>Muita gente j\u00e1 est\u00e1 planejando a pr\u00f3xima viagem. Destinos n\u00e3o faltam: cidades tur\u00edsticas no Brasil ou na Am\u00e9rica do Sul, Europa, Estados Unidos, Austr\u00e1lia, o Espa\u00e7o. Sim, o Espa\u00e7o. O turismo espacial come\u00e7ar\u00e1 este ano, e o primeiro voo partir\u00e1 da Terra no dia 20 de julho, com o bilion\u00e1rio norte-americano Jeff Bezos, e seu irm\u00e3o Mark Bezos, a bordo do foguete New Shepard. E voc\u00ea, toparia dar \u201cum pulo\u201d fora da Terra e voltar?<\/p>\n<figure class=\"wp-block-image size-large\"><img decoding=\"async\" src=\"https:\/\/www.traduzca.com\/wp-content\/uploads\/2021\/06\/jeff-bezos-blue-origin-viagem-espacial-1024x575.jpeg\" alt=\"\" class=\"wp-image-60241\"\/><\/figure>\n<p>O New Shepard foi batizado em homenagem ao cosmonauta Alan Shepard, primeiro norte-americano a viajar para o espa\u00e7o, 1961, na miss\u00e3o Mercury-Redstone 3, e a quinta pessoa a pisar na superf\u00edcie da Lua, em 1971.<\/p>\n<p>Esta semana, o fundador da Amazon, Jeff Bezos, anunciou que estar\u00e1 a bordo da nave da sua empresa, a Blue Origin, quando realizar o primeiro voo espacial tripulado. Em sua conta no Instagram, <a href=\"https:\/\/www.instagram.com\/p\/CP0MSOqnYEo\/\" target=\"_blank\" rel=\"noreferrer noopener\"><strong>Bezos publicou um v\u00eddeo<\/strong><\/a> dizendo que sonha em viajar para o espa\u00e7o desde os &#8220;cinco anos de idade&#8221;, e que realizar\u00e1 esta &#8220;aventura&#8221; ao lado do seu &#8220;melhor amigo&#8221;, referindo-se ao irm\u00e3o.<\/p>\n<p>Al\u00e9m dos irm\u00e3os Bezos, a Blue Origin est\u00e1 leiloando um assento para um terceiro passageiro no foguete New Shepard. At\u00e9 o momento, quase 6 mil pessoas de 143 pa\u00edses, dispostas a pagar aproximadamente US$ 3 milh\u00f5es, se candidataram para participar da viagem que vai durar 10 minutos, sendo apenas quatro minutos acima da linha de Karman, que marca a fronteira entre a atmosfera da Terra e o espa\u00e7o, a mais de 100 quil\u00f4metros de altitude.<\/p>\n<p>Jeff Bezos \u00e9 um dos bilion\u00e1rios que est\u00e1 investindo bilh\u00f5es de d\u00f3lares na corrida pelo turismo espacial. Al\u00e9m da Blue Origin, a SpaceX, de Elon Musk, e a Virgin Galactic, de Richard Branson, tamb\u00e9m realizam pesquisas e testes com foguetes tripulados e n\u00e3o tripulados, todos em parceria com a Nasa.<\/p>","protected":false},"excerpt":{"rendered":"<p>Muita gente j\u00e1 est\u00e1 planejando a pr\u00f3xima viagem. Destinos n\u00e3o faltam: cidades tur\u00edsticas no Brasil ou na Am\u00e9rica do Sul, Europa, Estados Unidos, Austr\u00e1lia, o Espa\u00e7o. Sim, o Espa\u00e7o. O turismo espacial&#8230;<\/p>","protected":false},"author":1,"featured_media":0,"comment_status":"closed","ping_status":"closed","sticky":false,"template":"","format":"standard","meta":{"_acf_changed":false,"footnotes":""},"categories":[34,33],"tags":[35,9],"class_list":["post-3151","post","type-post","status-publish","format-standard","hentry","category-blog","category-noticias","tag-blog","tag-noticias"],"acf":[],"yoast_head":"<!-- This site is optimized with the Yoast SEO plugin v26.9 - https:\/\/yoast.com\/product\/yoast-seo-wordpress\/ -->\n<title>Jeff Bezos anuncia que estar\u00e1 a bordo do primeiro foguete de turismo espacial - Traduzca<\/title>\n<meta name=\"robots\" content=\"index, follow, max-snippet:-1, max-image-preview:large, max-video-preview:-1\" \/>\n<link rel=\"canonical\" href=\"https:\/\/traduzca.com\/es\/jeff-bezos-anuncia-que-estara-a-bordo-do-primeiro-foguete-de-turismo-espacial\/\" \/>\n<meta property=\"og:locale\" content=\"es_ES\" \/>\n<meta property=\"og:type\" content=\"article\" \/>\n<meta property=\"og:title\" content=\"Jeff Bezos anuncia que estar\u00e1 a bordo do primeiro foguete de turismo espacial - Traduzca\" \/>\n<meta property=\"og:description\" content=\"Muita gente j\u00e1 est\u00e1 planejando a pr\u00f3xima viagem. Destinos n\u00e3o faltam: cidades tur\u00edsticas no Brasil ou na Am\u00e9rica do Sul, Europa, Estados Unidos, Austr\u00e1lia, o Espa\u00e7o. Sim, o Espa\u00e7o. O turismo espacial...\" \/>\n<meta property=\"og:url\" content=\"https:\/\/traduzca.com\/es\/jeff-bezos-anuncia-que-estara-a-bordo-do-primeiro-foguete-de-turismo-espacial\/\" \/>\n<meta property=\"og:site_name\" content=\"Traduzca\" \/>\n<meta property=\"article:publisher\" content=\"https:\/\/www.facebook.com\/traduzca\" \/>\n<meta property=\"article:published_time\" content=\"2021-06-10T19:06:09+00:00\" \/>\n<meta property=\"article:modified_time\" content=\"2026-02-13T18:43:30+00:00\" \/>\n<meta name=\"author\" content=\"traduzca_admin\" \/>\n<meta name=\"twitter:card\" content=\"summary_large_image\" \/>\n<meta name=\"twitter:label1\" content=\"Written by\" \/>\n\t<meta name=\"twitter:data1\" content=\"traduzca_admin\" \/>\n\t<meta name=\"twitter:label2\" content=\"Est. reading time\" \/>\n\t<meta name=\"twitter:data2\" content=\"2 minutes\" \/>\n<script type=\"application\/ld+json\" class=\"yoast-schema-graph\">{\"@context\":\"https:\/\/schema.org\",\"@graph\":[{\"@type\":\"Article\",\"@id\":\"https:\/\/traduzca.com\/jeff-bezos-anuncia-que-estara-a-bordo-do-primeiro-foguete-de-turismo-espacial\/#article\",\"isPartOf\":{\"@id\":\"https:\/\/traduzca.com\/jeff-bezos-anuncia-que-estara-a-bordo-do-primeiro-foguete-de-turismo-espacial\/\"},\"author\":{\"name\":\"traduzca_admin\",\"@id\":\"https:\/\/traduzca.com\/#\/schema\/person\/b4689f634b68236dfb176043283b2ae8\"},\"headline\":\"Jeff Bezos anuncia que estar\u00e1 a bordo do primeiro foguete de turismo espacial\",\"datePublished\":\"2021-06-10T19:06:09+00:00\",\"dateModified\":\"2026-02-13T18:43:30+00:00\",\"mainEntityOfPage\":{\"@id\":\"https:\/\/traduzca.com\/jeff-bezos-anuncia-que-estara-a-bordo-do-primeiro-foguete-de-turismo-espacial\/\"},\"wordCount\":331,\"publisher\":{\"@id\":\"https:\/\/traduzca.com\/#organization\"},\"image\":{\"@id\":\"https:\/\/traduzca.com\/jeff-bezos-anuncia-que-estara-a-bordo-do-primeiro-foguete-de-turismo-espacial\/#primaryimage\"},\"thumbnailUrl\":\"https:\/\/www.traduzca.com\/wp-content\/uploads\/2021\/06\/jeff-bezos-blue-origin-viagem-espacial-1024x575.jpeg\",\"keywords\":[\"Blog\",\"NOT\u00cdCIAS\"],\"articleSection\":[\"Blog\",\"Not\u00edcias\"],\"inLanguage\":\"es-ES\"},{\"@type\":\"WebPage\",\"@id\":\"https:\/\/traduzca.com\/jeff-bezos-anuncia-que-estara-a-bordo-do-primeiro-foguete-de-turismo-espacial\/\",\"url\":\"https:\/\/traduzca.com\/jeff-bezos-anuncia-que-estara-a-bordo-do-primeiro-foguete-de-turismo-espacial\/\",\"name\":\"Jeff Bezos anuncia que estar\u00e1 a bordo do primeiro foguete de turismo espacial - Traduzca\",\"isPartOf\":{\"@id\":\"https:\/\/traduzca.com\/#website\"},\"primaryImageOfPage\":{\"@id\":\"https:\/\/traduzca.com\/jeff-bezos-anuncia-que-estara-a-bordo-do-primeiro-foguete-de-turismo-espacial\/#primaryimage\"},\"image\":{\"@id\":\"https:\/\/traduzca.com\/jeff-bezos-anuncia-que-estara-a-bordo-do-primeiro-foguete-de-turismo-espacial\/#primaryimage\"},\"thumbnailUrl\":\"https:\/\/www.traduzca.com\/wp-content\/uploads\/2021\/06\/jeff-bezos-blue-origin-viagem-espacial-1024x575.jpeg\",\"datePublished\":\"2021-06-10T19:06:09+00:00\",\"dateModified\":\"2026-02-13T18:43:30+00:00\",\"breadcrumb\":{\"@id\":\"https:\/\/traduzca.com\/jeff-bezos-anuncia-que-estara-a-bordo-do-primeiro-foguete-de-turismo-espacial\/#breadcrumb\"},\"inLanguage\":\"es-ES\",\"potentialAction\":[{\"@type\":\"ReadAction\",\"target\":[\"https:\/\/traduzca.com\/jeff-bezos-anuncia-que-estara-a-bordo-do-primeiro-foguete-de-turismo-espacial\/\"]}]},{\"@type\":\"ImageObject\",\"inLanguage\":\"es-ES\",\"@id\":\"https:\/\/traduzca.com\/jeff-bezos-anuncia-que-estara-a-bordo-do-primeiro-foguete-de-turismo-espacial\/#primaryimage\",\"url\":\"https:\/\/www.traduzca.com\/wp-content\/uploads\/2021\/06\/jeff-bezos-blue-origin-viagem-espacial-1024x575.jpeg\",\"contentUrl\":\"https:\/\/www.traduzca.com\/wp-content\/uploads\/2021\/06\/jeff-bezos-blue-origin-viagem-espacial-1024x575.jpeg\"},{\"@type\":\"BreadcrumbList\",\"@id\":\"https:\/\/traduzca.com\/jeff-bezos-anuncia-que-estara-a-bordo-do-primeiro-foguete-de-turismo-espacial\/#breadcrumb\",\"itemListElement\":[{\"@type\":\"ListItem\",\"position\":1,\"name\":\"Home\",\"item\":\"https:\/\/traduzca.com\/\"},{\"@type\":\"ListItem\",\"position\":2,\"name\":\"Jeff Bezos anuncia que estar\u00e1 a bordo do primeiro foguete de turismo espacial\"}]},{\"@type\":\"WebSite\",\"@id\":\"https:\/\/traduzca.com\/#website\",\"url\":\"https:\/\/traduzca.com\/\",\"name\":\"Traduzca\",\"description\":\"A Traduzca conecta voc\u00ea a tradutores nativos com expertise t\u00e9cnica. Qualidade, sigilo e pontualidade para romper as barreiras do seu neg\u00f3cio.\",\"publisher\":{\"@id\":\"https:\/\/traduzca.com\/#organization\"},\"potentialAction\":[{\"@type\":\"SearchAction\",\"target\":{\"@type\":\"EntryPoint\",\"urlTemplate\":\"https:\/\/traduzca.com\/?s={search_term_string}\"},\"query-input\":{\"@type\":\"PropertyValueSpecification\",\"valueRequired\":true,\"valueName\":\"search_term_string\"}}],\"inLanguage\":\"es-ES\"},{\"@type\":\"Organization\",\"@id\":\"https:\/\/traduzca.com\/#organization\",\"name\":\"Traduzca\",\"url\":\"https:\/\/traduzca.com\/\",\"logo\":{\"@type\":\"ImageObject\",\"inLanguage\":\"es-ES\",\"@id\":\"https:\/\/traduzca.com\/#\/schema\/logo\/image\/\",\"url\":\"https:\/\/traduzca.com\/wp-content\/uploads\/2026\/02\/cropped-favicon.png\",\"contentUrl\":\"https:\/\/traduzca.com\/wp-content\/uploads\/2026\/02\/cropped-favicon.png\",\"width\":97,\"height\":94,\"caption\":\"Traduzca\"},\"image\":{\"@id\":\"https:\/\/traduzca.com\/#\/schema\/logo\/image\/\"},\"sameAs\":[\"https:\/\/www.facebook.com\/traduzca\"]},{\"@type\":\"Person\",\"@id\":\"https:\/\/traduzca.com\/#\/schema\/person\/b4689f634b68236dfb176043283b2ae8\",\"name\":\"traduzca_admin\",\"image\":{\"@type\":\"ImageObject\",\"inLanguage\":\"es-ES\",\"@id\":\"https:\/\/traduzca.com\/#\/schema\/person\/image\/\",\"url\":\"https:\/\/secure.gravatar.com\/avatar\/3e977bbac939cc66d785e2b0963953e99cf6fed540960c0ef0a9e984e569dd2f?s=96&d=mm&r=g\",\"contentUrl\":\"https:\/\/secure.gravatar.com\/avatar\/3e977bbac939cc66d785e2b0963953e99cf6fed540960c0ef0a9e984e569dd2f?s=96&d=mm&r=g\",\"caption\":\"traduzca_admin\"},\"sameAs\":[\"https:\/\/traduzca.com\"],\"url\":\"https:\/\/traduzca.com\/es\/author\/traduzca_admin\/\"}]}<\/script>\n<!-- \/ Yoast SEO plugin. -->","yoast_head_json":{"title":"Jeff Bezos anuncia que estar\u00e1 a bordo do primeiro foguete de turismo espacial - Traduzca","robots":{"index":"index","follow":"follow","max-snippet":"max-snippet:-1","max-image-preview":"max-image-preview:large","max-video-preview":"max-video-preview:-1"},"canonical":"https:\/\/traduzca.com\/es\/jeff-bezos-anuncia-que-estara-a-bordo-do-primeiro-foguete-de-turismo-espacial\/","og_locale":"es_ES","og_type":"article","og_title":"Jeff Bezos anuncia que estar\u00e1 a bordo do primeiro foguete de turismo espacial - Traduzca","og_description":"Muita gente j\u00e1 est\u00e1 planejando a pr\u00f3xima viagem. Destinos n\u00e3o faltam: cidades tur\u00edsticas no Brasil ou na Am\u00e9rica do Sul, Europa, Estados Unidos, Austr\u00e1lia, o Espa\u00e7o. Sim, o Espa\u00e7o. O turismo espacial...","og_url":"https:\/\/traduzca.com\/es\/jeff-bezos-anuncia-que-estara-a-bordo-do-primeiro-foguete-de-turismo-espacial\/","og_site_name":"Traduzca","article_publisher":"https:\/\/www.facebook.com\/traduzca","article_published_time":"2021-06-10T19:06:09+00:00","article_modified_time":"2026-02-13T18:43:30+00:00","author":"traduzca_admin","twitter_card":"summary_large_image","twitter_misc":{"Written by":"traduzca_admin","Est. reading time":"2 minutes"},"schema":{"@context":"https:\/\/schema.org","@graph":[{"@type":"Article","@id":"https:\/\/traduzca.com\/jeff-bezos-anuncia-que-estara-a-bordo-do-primeiro-foguete-de-turismo-espacial\/#article","isPartOf":{"@id":"https:\/\/traduzca.com\/jeff-bezos-anuncia-que-estara-a-bordo-do-primeiro-foguete-de-turismo-espacial\/"},"author":{"name":"traduzca_admin","@id":"https:\/\/traduzca.com\/#\/schema\/person\/b4689f634b68236dfb176043283b2ae8"},"headline":"Jeff Bezos anuncia que estar\u00e1 a bordo do primeiro foguete de turismo espacial","datePublished":"2021-06-10T19:06:09+00:00","dateModified":"2026-02-13T18:43:30+00:00","mainEntityOfPage":{"@id":"https:\/\/traduzca.com\/jeff-bezos-anuncia-que-estara-a-bordo-do-primeiro-foguete-de-turismo-espacial\/"},"wordCount":331,"publisher":{"@id":"https:\/\/traduzca.com\/#organization"},"image":{"@id":"https:\/\/traduzca.com\/jeff-bezos-anuncia-que-estara-a-bordo-do-primeiro-foguete-de-turismo-espacial\/#primaryimage"},"thumbnailUrl":"https:\/\/www.traduzca.com\/wp-content\/uploads\/2021\/06\/jeff-bezos-blue-origin-viagem-espacial-1024x575.jpeg","keywords":["Blog","NOT\u00cdCIAS"],"articleSection":["Blog","Not\u00edcias"],"inLanguage":"es-ES"},{"@type":"WebPage","@id":"https:\/\/traduzca.com\/jeff-bezos-anuncia-que-estara-a-bordo-do-primeiro-foguete-de-turismo-espacial\/","url":"https:\/\/traduzca.com\/jeff-bezos-anuncia-que-estara-a-bordo-do-primeiro-foguete-de-turismo-espacial\/","name":"Jeff Bezos anuncia que estar\u00e1 a bordo do primeiro foguete de turismo espacial - Traduzca","isPartOf":{"@id":"https:\/\/traduzca.com\/#website"},"primaryImageOfPage":{"@id":"https:\/\/traduzca.com\/jeff-bezos-anuncia-que-estara-a-bordo-do-primeiro-foguete-de-turismo-espacial\/#primaryimage"},"image":{"@id":"https:\/\/traduzca.com\/jeff-bezos-anuncia-que-estara-a-bordo-do-primeiro-foguete-de-turismo-espacial\/#primaryimage"},"thumbnailUrl":"https:\/\/www.traduzca.com\/wp-content\/uploads\/2021\/06\/jeff-bezos-blue-origin-viagem-espacial-1024x575.jpeg","datePublished":"2021-06-10T19:06:09+00:00","dateModified":"2026-02-13T18:43:30+00:00","breadcrumb":{"@id":"https:\/\/traduzca.com\/jeff-bezos-anuncia-que-estara-a-bordo-do-primeiro-foguete-de-turismo-espacial\/#breadcrumb"},"inLanguage":"es-ES","potentialAction":[{"@type":"ReadAction","target":["https:\/\/traduzca.com\/jeff-bezos-anuncia-que-estara-a-bordo-do-primeiro-foguete-de-turismo-espacial\/"]}]},{"@type":"ImageObject","inLanguage":"es-ES","@id":"https:\/\/traduzca.com\/jeff-bezos-anuncia-que-estara-a-bordo-do-primeiro-foguete-de-turismo-espacial\/#primaryimage","url":"https:\/\/www.traduzca.com\/wp-content\/uploads\/2021\/06\/jeff-bezos-blue-origin-viagem-espacial-1024x575.jpeg","contentUrl":"https:\/\/www.traduzca.com\/wp-content\/uploads\/2021\/06\/jeff-bezos-blue-origin-viagem-espacial-1024x575.jpeg"},{"@type":"BreadcrumbList","@id":"https:\/\/traduzca.com\/jeff-bezos-anuncia-que-estara-a-bordo-do-primeiro-foguete-de-turismo-espacial\/#breadcrumb","itemListElement":[{"@type":"ListItem","position":1,"name":"Home","item":"https:\/\/traduzca.com\/"},{"@type":"ListItem","position":2,"name":"Jeff Bezos anuncia que estar\u00e1 a bordo do primeiro foguete de turismo espacial"}]},{"@type":"WebSite","@id":"https:\/\/traduzca.com\/#website","url":"https:\/\/traduzca.com\/","name":"Traduzca","description":"Traduzca lo conecta con traductores nativos con experiencia t\u00e9cnica. Calidad, confidencialidad y puntualidad para derribar las barreras de su negocio.","publisher":{"@id":"https:\/\/traduzca.com\/#organization"},"potentialAction":[{"@type":"SearchAction","target":{"@type":"EntryPoint","urlTemplate":"https:\/\/traduzca.com\/?s={search_term_string}"},"query-input":{"@type":"PropertyValueSpecification","valueRequired":true,"valueName":"search_term_string"}}],"inLanguage":"es-ES"},{"@type":"Organization","@id":"https:\/\/traduzca.com\/#organization","name":"Traduzca","url":"https:\/\/traduzca.com\/","logo":{"@type":"ImageObject","inLanguage":"es-ES","@id":"https:\/\/traduzca.com\/#\/schema\/logo\/image\/","url":"https:\/\/traduzca.com\/wp-content\/uploads\/2026\/02\/cropped-favicon.png","contentUrl":"https:\/\/traduzca.com\/wp-content\/uploads\/2026\/02\/cropped-favicon.png","width":97,"height":94,"caption":"Traduzca"},"image":{"@id":"https:\/\/traduzca.com\/#\/schema\/logo\/image\/"},"sameAs":["https:\/\/www.facebook.com\/traduzca"]},{"@type":"Person","@id":"https:\/\/traduzca.com\/#\/schema\/person\/b4689f634b68236dfb176043283b2ae8","name":"traduzca_admin","image":{"@type":"ImageObject","inLanguage":"es-ES","@id":"https:\/\/traduzca.com\/#\/schema\/person\/image\/","url":"https:\/\/secure.gravatar.com\/avatar\/3e977bbac939cc66d785e2b0963953e99cf6fed540960c0ef0a9e984e569dd2f?s=96&d=mm&r=g","contentUrl":"https:\/\/secure.gravatar.com\/avatar\/3e977bbac939cc66d785e2b0963953e99cf6fed540960c0ef0a9e984e569dd2f?s=96&d=mm&r=g","caption":"traduzca_admin"},"sameAs":["https:\/\/traduzca.com"],"url":"https:\/\/traduzca.com\/es\/author\/traduzca_admin\/"}]}},"_links":{"self":[{"href":"https:\/\/traduzca.com\/es\/wp-json\/wp\/v2\/posts\/3151","targetHints":{"allow":["GET"]}}],"collection":[{"href":"https:\/\/traduzca.com\/es\/wp-json\/wp\/v2\/posts"}],"about":[{"href":"https:\/\/traduzca.com\/es\/wp-json\/wp\/v2\/types\/post"}],"author":[{"embeddable":true,"href":"https:\/\/traduzca.com\/es\/wp-json\/wp\/v2\/users\/1"}],"replies":[{"embeddable":true,"href":"https:\/\/traduzca.com\/es\/wp-json\/wp\/v2\/comments?post=3151"}],"version-history":[{"count":2,"href":"https:\/\/traduzca.com\/es\/wp-json\/wp\/v2\/posts\/3151\/revisions"}],"predecessor-version":[{"id":3153,"href":"https:\/\/traduzca.com\/es\/wp-json\/wp\/v2\/posts\/3151\/revisions\/3153"}],"wp:attachment":[{"href":"https:\/\/traduzca.com\/es\/wp-json\/wp\/v2\/media?parent=3151"}],"wp:term":[{"taxonomy":"category","embeddable":true,"href":"https:\/\/traduzca.com\/es\/wp-json\/wp\/v2\/categories?post=3151"},{"taxonomy":"post_tag","embeddable":true,"href":"https:\/\/traduzca.com\/es\/wp-json\/wp\/v2\/tags?post=3151"}],"curies":[{"name":"wp","href":"https:\/\/api.w.org\/{rel}","templated":true}]}}