{"id":3301,"date":"2021-10-14T11:17:35","date_gmt":"2021-10-14T11:17:35","guid":{"rendered":"https:\/\/traduzca.com\/?p=3301"},"modified":"2026-02-13T18:50:29","modified_gmt":"2026-02-13T18:50:29","slug":"australia-se-prepara-para-reabertura-gradual-das-fronteiras","status":"publish","type":"post","link":"https:\/\/traduzca.com\/es\/australia-se-prepara-para-reabertura-gradual-das-fronteiras\/","title":{"rendered":"Austr\u00e1lia se prepara para reabertura gradual das fronteiras"},"content":{"rendered":"<p>Um dos destinos mais buscados por brasileiros no exterior est\u00e1 mudando as regras para os viajantes, o que gera expectativa positiva para a reabertura das fronteiras. O primeiro-ministro da Austr\u00e1lia, Scott Morrison, anunciou que o pa\u00eds iniciar\u00e1 o processo de forma gradual em novembro.&nbsp;<\/p>\n<p>A primeira fase do plano de reabertura ter\u00e1 como foco os cidad\u00e3os e residentes no pa\u00eds. Com a medida, os australianos totalmente vacinados poder\u00e3o viajar para o exterior e realizar uma quarentena de sete dias em casa ap\u00f3s seu retorno. J\u00e1 os n\u00e3o vacinados dever\u00e3o realizar quarentena por 14 dias em um hotel pr\u00e9-aprovado pelo governo.<\/p>\n<p>Ainda n\u00e3o h\u00e1 uma data espec\u00edfica para a reabertura para estrangeiros. Recentemente, o ministro do Turismo, Dan Tehan, revelou o desejo de reabrir as fronteiras at\u00e9 o Natal. Ou quando 80% da popula\u00e7\u00e3o do pa\u00eds esteja vacinada.&nbsp;<\/p>\n<p>Para quem deseja estudar na Austr\u00e1lia, agora \u00e9 a hora de acelerar o planejamento. Um dos detalhes mais importantes \u00e9 a tradu\u00e7\u00e3o juramentada chancelada pela <a href=\"https:\/\/www.naati.com.au\/\" target=\"_blank\" rel=\"noreferrer noopener\">National Accreditation Authority for Translators and Interpreters<\/a> (Autoridade Nacional de Credenciamento para Tradutores e Int\u00e9rpretes, na vers\u00e3o em portugu\u00eas), ou simplesmente tradu\u00e7\u00e3o NAATI.<\/p>\n<p>A NAATI \u00e9 uma organiza\u00e7\u00e3o ligada ao governo australiano que credencia e certifica tradutores e int\u00e9rpretes profissionais, que est\u00e3o aptos a trabalhar e traduzir documentos na Austr\u00e1lia. <a href=\"https:\/\/traduzca.com\/es\/traducao-naati\/\" target=\"_blank\" rel=\"noreferrer noopener\">A Traduzca disp\u00f5e de profissionais credenciados pela entidade<\/a> e realiza tradu\u00e7\u00f5es NAATI de hist\u00f3ricos escolares, diplomas de gradua\u00e7\u00e3o e p\u00f3s-gradua\u00e7\u00e3o, al\u00e9m de carteiras de habilita\u00e7\u00e3o e certid\u00f5es de nascimento, garantindo a validade de suas tradu\u00e7\u00f5es juramentadas ao viajar para o pa\u00eds.\u00a0<\/p>\n<p>Sobram motivos para quem deseja residir na Austr\u00e1lia. Conforme j\u00e1 postado aqui no blog, o pa\u00eds tem um dos <a href=\"https:\/\/traduzca.com\/es\/conheca-os-10-paises-com-maior-salario-minimo-no-mundo\/\" target=\"_blank\" rel=\"noreferrer noopener\">sal\u00e1rios-minimos mais altos<\/a> e \u00e9 considerado um dos <a href=\"https:\/\/traduzca.com\/es\/veja-como-esta-a-lista-atualizada-dos-10-paises-mais-seguros-do-mundo\/\" target=\"_blank\" rel=\"noreferrer noopener\">mais seguros do mundo<\/a>. Al\u00e9m disso, ainda oferece facilidade na obten\u00e7\u00e3o de vistos para quem deseja estudar e tem boa qualidade de vida!<\/p>","protected":false},"excerpt":{"rendered":"<p>Um dos destinos mais buscados por brasileiros no exterior est\u00e1 mudando as regras para os viajantes, o que gera expectativa positiva para a reabertura das fronteiras. O primeiro-ministro da Austr\u00e1lia,&#8230;<\/p>","protected":false},"author":1,"featured_media":0,"comment_status":"closed","ping_status":"closed","sticky":false,"template":"","format":"standard","meta":{"_acf_changed":false,"footnotes":""},"categories":[34,33],"tags":[35,9],"class_list":["post-3301","post","type-post","status-publish","format-standard","hentry","category-blog","category-noticias","tag-blog","tag-noticias"],"acf":[],"yoast_head":"<!-- This site is optimized with the Yoast SEO plugin v26.9 - https:\/\/yoast.com\/product\/yoast-seo-wordpress\/ -->\n<title>Austr\u00e1lia se prepara para reabertura gradual das fronteiras - Traduzca<\/title>\n<meta name=\"robots\" content=\"index, follow, max-snippet:-1, max-image-preview:large, max-video-preview:-1\" \/>\n<link rel=\"canonical\" href=\"https:\/\/traduzca.com\/es\/australia-se-prepara-para-reabertura-gradual-das-fronteiras\/\" \/>\n<meta property=\"og:locale\" content=\"es_ES\" \/>\n<meta property=\"og:type\" content=\"article\" \/>\n<meta property=\"og:title\" content=\"Austr\u00e1lia se prepara para reabertura gradual das fronteiras - Traduzca\" \/>\n<meta property=\"og:description\" content=\"Um dos destinos mais buscados por brasileiros no exterior est\u00e1 mudando as regras para os viajantes, o que gera expectativa positiva para a reabertura das fronteiras. O primeiro-ministro da Austr\u00e1lia,...\" \/>\n<meta property=\"og:url\" content=\"https:\/\/traduzca.com\/es\/australia-se-prepara-para-reabertura-gradual-das-fronteiras\/\" \/>\n<meta property=\"og:site_name\" content=\"Traduzca\" \/>\n<meta property=\"article:publisher\" content=\"https:\/\/www.facebook.com\/traduzca\" \/>\n<meta property=\"article:published_time\" content=\"2021-10-14T11:17:35+00:00\" \/>\n<meta property=\"article:modified_time\" content=\"2026-02-13T18:50:29+00:00\" \/>\n<meta name=\"author\" content=\"traduzca_admin\" \/>\n<meta name=\"twitter:card\" content=\"summary_large_image\" \/>\n<meta name=\"twitter:label1\" content=\"Written by\" \/>\n\t<meta name=\"twitter:data1\" content=\"traduzca_admin\" \/>\n\t<meta name=\"twitter:label2\" content=\"Est. reading time\" \/>\n\t<meta name=\"twitter:data2\" content=\"2 minutes\" \/>\n<script type=\"application\/ld+json\" class=\"yoast-schema-graph\">{\"@context\":\"https:\/\/schema.org\",\"@graph\":[{\"@type\":\"Article\",\"@id\":\"https:\/\/traduzca.com\/australia-se-prepara-para-reabertura-gradual-das-fronteiras\/#article\",\"isPartOf\":{\"@id\":\"https:\/\/traduzca.com\/australia-se-prepara-para-reabertura-gradual-das-fronteiras\/\"},\"author\":{\"name\":\"traduzca_admin\",\"@id\":\"https:\/\/traduzca.com\/#\/schema\/person\/b4689f634b68236dfb176043283b2ae8\"},\"headline\":\"Austr\u00e1lia se prepara para reabertura gradual das fronteiras\",\"datePublished\":\"2021-10-14T11:17:35+00:00\",\"dateModified\":\"2026-02-13T18:50:29+00:00\",\"mainEntityOfPage\":{\"@id\":\"https:\/\/traduzca.com\/australia-se-prepara-para-reabertura-gradual-das-fronteiras\/\"},\"wordCount\":347,\"publisher\":{\"@id\":\"https:\/\/traduzca.com\/#organization\"},\"keywords\":[\"Blog\",\"NOT\u00cdCIAS\"],\"articleSection\":[\"Blog\",\"Not\u00edcias\"],\"inLanguage\":\"es-ES\"},{\"@type\":\"WebPage\",\"@id\":\"https:\/\/traduzca.com\/australia-se-prepara-para-reabertura-gradual-das-fronteiras\/\",\"url\":\"https:\/\/traduzca.com\/australia-se-prepara-para-reabertura-gradual-das-fronteiras\/\",\"name\":\"Austr\u00e1lia se prepara para reabertura gradual das fronteiras - Traduzca\",\"isPartOf\":{\"@id\":\"https:\/\/traduzca.com\/#website\"},\"datePublished\":\"2021-10-14T11:17:35+00:00\",\"dateModified\":\"2026-02-13T18:50:29+00:00\",\"breadcrumb\":{\"@id\":\"https:\/\/traduzca.com\/australia-se-prepara-para-reabertura-gradual-das-fronteiras\/#breadcrumb\"},\"inLanguage\":\"es-ES\",\"potentialAction\":[{\"@type\":\"ReadAction\",\"target\":[\"https:\/\/traduzca.com\/australia-se-prepara-para-reabertura-gradual-das-fronteiras\/\"]}]},{\"@type\":\"BreadcrumbList\",\"@id\":\"https:\/\/traduzca.com\/australia-se-prepara-para-reabertura-gradual-das-fronteiras\/#breadcrumb\",\"itemListElement\":[{\"@type\":\"ListItem\",\"position\":1,\"name\":\"Home\",\"item\":\"https:\/\/traduzca.com\/\"},{\"@type\":\"ListItem\",\"position\":2,\"name\":\"Austr\u00e1lia se prepara para reabertura gradual das fronteiras\"}]},{\"@type\":\"WebSite\",\"@id\":\"https:\/\/traduzca.com\/#website\",\"url\":\"https:\/\/traduzca.com\/\",\"name\":\"Traduzca\",\"description\":\"A Traduzca conecta voc\u00ea a tradutores nativos com expertise t\u00e9cnica. Qualidade, sigilo e pontualidade para romper as barreiras do seu neg\u00f3cio.\",\"publisher\":{\"@id\":\"https:\/\/traduzca.com\/#organization\"},\"potentialAction\":[{\"@type\":\"SearchAction\",\"target\":{\"@type\":\"EntryPoint\",\"urlTemplate\":\"https:\/\/traduzca.com\/?s={search_term_string}\"},\"query-input\":{\"@type\":\"PropertyValueSpecification\",\"valueRequired\":true,\"valueName\":\"search_term_string\"}}],\"inLanguage\":\"es-ES\"},{\"@type\":\"Organization\",\"@id\":\"https:\/\/traduzca.com\/#organization\",\"name\":\"Traduzca\",\"url\":\"https:\/\/traduzca.com\/\",\"logo\":{\"@type\":\"ImageObject\",\"inLanguage\":\"es-ES\",\"@id\":\"https:\/\/traduzca.com\/#\/schema\/logo\/image\/\",\"url\":\"https:\/\/traduzca.com\/wp-content\/uploads\/2026\/02\/cropped-favicon.png\",\"contentUrl\":\"https:\/\/traduzca.com\/wp-content\/uploads\/2026\/02\/cropped-favicon.png\",\"width\":97,\"height\":94,\"caption\":\"Traduzca\"},\"image\":{\"@id\":\"https:\/\/traduzca.com\/#\/schema\/logo\/image\/\"},\"sameAs\":[\"https:\/\/www.facebook.com\/traduzca\"]},{\"@type\":\"Person\",\"@id\":\"https:\/\/traduzca.com\/#\/schema\/person\/b4689f634b68236dfb176043283b2ae8\",\"name\":\"traduzca_admin\",\"image\":{\"@type\":\"ImageObject\",\"inLanguage\":\"es-ES\",\"@id\":\"https:\/\/traduzca.com\/#\/schema\/person\/image\/\",\"url\":\"https:\/\/secure.gravatar.com\/avatar\/3e977bbac939cc66d785e2b0963953e99cf6fed540960c0ef0a9e984e569dd2f?s=96&d=mm&r=g\",\"contentUrl\":\"https:\/\/secure.gravatar.com\/avatar\/3e977bbac939cc66d785e2b0963953e99cf6fed540960c0ef0a9e984e569dd2f?s=96&d=mm&r=g\",\"caption\":\"traduzca_admin\"},\"sameAs\":[\"https:\/\/traduzca.com\"],\"url\":\"https:\/\/traduzca.com\/es\/author\/traduzca_admin\/\"}]}<\/script>\n<!-- \/ Yoast SEO plugin. -->","yoast_head_json":{"title":"Austr\u00e1lia se prepara para reabertura gradual das fronteiras - Traduzca","robots":{"index":"index","follow":"follow","max-snippet":"max-snippet:-1","max-image-preview":"max-image-preview:large","max-video-preview":"max-video-preview:-1"},"canonical":"https:\/\/traduzca.com\/es\/australia-se-prepara-para-reabertura-gradual-das-fronteiras\/","og_locale":"es_ES","og_type":"article","og_title":"Austr\u00e1lia se prepara para reabertura gradual das fronteiras - Traduzca","og_description":"Um dos destinos mais buscados por brasileiros no exterior est\u00e1 mudando as regras para os viajantes, o que gera expectativa positiva para a reabertura das fronteiras. O primeiro-ministro da Austr\u00e1lia,...","og_url":"https:\/\/traduzca.com\/es\/australia-se-prepara-para-reabertura-gradual-das-fronteiras\/","og_site_name":"Traduzca","article_publisher":"https:\/\/www.facebook.com\/traduzca","article_published_time":"2021-10-14T11:17:35+00:00","article_modified_time":"2026-02-13T18:50:29+00:00","author":"traduzca_admin","twitter_card":"summary_large_image","twitter_misc":{"Written by":"traduzca_admin","Est. reading time":"2 minutes"},"schema":{"@context":"https:\/\/schema.org","@graph":[{"@type":"Article","@id":"https:\/\/traduzca.com\/australia-se-prepara-para-reabertura-gradual-das-fronteiras\/#article","isPartOf":{"@id":"https:\/\/traduzca.com\/australia-se-prepara-para-reabertura-gradual-das-fronteiras\/"},"author":{"name":"traduzca_admin","@id":"https:\/\/traduzca.com\/#\/schema\/person\/b4689f634b68236dfb176043283b2ae8"},"headline":"Austr\u00e1lia se prepara para reabertura gradual das fronteiras","datePublished":"2021-10-14T11:17:35+00:00","dateModified":"2026-02-13T18:50:29+00:00","mainEntityOfPage":{"@id":"https:\/\/traduzca.com\/australia-se-prepara-para-reabertura-gradual-das-fronteiras\/"},"wordCount":347,"publisher":{"@id":"https:\/\/traduzca.com\/#organization"},"keywords":["Blog","NOT\u00cdCIAS"],"articleSection":["Blog","Not\u00edcias"],"inLanguage":"es-ES"},{"@type":"WebPage","@id":"https:\/\/traduzca.com\/australia-se-prepara-para-reabertura-gradual-das-fronteiras\/","url":"https:\/\/traduzca.com\/australia-se-prepara-para-reabertura-gradual-das-fronteiras\/","name":"Austr\u00e1lia se prepara para reabertura gradual das fronteiras - Traduzca","isPartOf":{"@id":"https:\/\/traduzca.com\/#website"},"datePublished":"2021-10-14T11:17:35+00:00","dateModified":"2026-02-13T18:50:29+00:00","breadcrumb":{"@id":"https:\/\/traduzca.com\/australia-se-prepara-para-reabertura-gradual-das-fronteiras\/#breadcrumb"},"inLanguage":"es-ES","potentialAction":[{"@type":"ReadAction","target":["https:\/\/traduzca.com\/australia-se-prepara-para-reabertura-gradual-das-fronteiras\/"]}]},{"@type":"BreadcrumbList","@id":"https:\/\/traduzca.com\/australia-se-prepara-para-reabertura-gradual-das-fronteiras\/#breadcrumb","itemListElement":[{"@type":"ListItem","position":1,"name":"Home","item":"https:\/\/traduzca.com\/"},{"@type":"ListItem","position":2,"name":"Austr\u00e1lia se prepara para reabertura gradual das fronteiras"}]},{"@type":"WebSite","@id":"https:\/\/traduzca.com\/#website","url":"https:\/\/traduzca.com\/","name":"Traduzca","description":"Traduzca lo conecta con traductores nativos con experiencia t\u00e9cnica. Calidad, confidencialidad y puntualidad para derribar las barreras de su negocio.","publisher":{"@id":"https:\/\/traduzca.com\/#organization"},"potentialAction":[{"@type":"SearchAction","target":{"@type":"EntryPoint","urlTemplate":"https:\/\/traduzca.com\/?s={search_term_string}"},"query-input":{"@type":"PropertyValueSpecification","valueRequired":true,"valueName":"search_term_string"}}],"inLanguage":"es-ES"},{"@type":"Organization","@id":"https:\/\/traduzca.com\/#organization","name":"Traduzca","url":"https:\/\/traduzca.com\/","logo":{"@type":"ImageObject","inLanguage":"es-ES","@id":"https:\/\/traduzca.com\/#\/schema\/logo\/image\/","url":"https:\/\/traduzca.com\/wp-content\/uploads\/2026\/02\/cropped-favicon.png","contentUrl":"https:\/\/traduzca.com\/wp-content\/uploads\/2026\/02\/cropped-favicon.png","width":97,"height":94,"caption":"Traduzca"},"image":{"@id":"https:\/\/traduzca.com\/#\/schema\/logo\/image\/"},"sameAs":["https:\/\/www.facebook.com\/traduzca"]},{"@type":"Person","@id":"https:\/\/traduzca.com\/#\/schema\/person\/b4689f634b68236dfb176043283b2ae8","name":"traduzca_admin","image":{"@type":"ImageObject","inLanguage":"es-ES","@id":"https:\/\/traduzca.com\/#\/schema\/person\/image\/","url":"https:\/\/secure.gravatar.com\/avatar\/3e977bbac939cc66d785e2b0963953e99cf6fed540960c0ef0a9e984e569dd2f?s=96&d=mm&r=g","contentUrl":"https:\/\/secure.gravatar.com\/avatar\/3e977bbac939cc66d785e2b0963953e99cf6fed540960c0ef0a9e984e569dd2f?s=96&d=mm&r=g","caption":"traduzca_admin"},"sameAs":["https:\/\/traduzca.com"],"url":"https:\/\/traduzca.com\/es\/author\/traduzca_admin\/"}]}},"_links":{"self":[{"href":"https:\/\/traduzca.com\/es\/wp-json\/wp\/v2\/posts\/3301","targetHints":{"allow":["GET"]}}],"collection":[{"href":"https:\/\/traduzca.com\/es\/wp-json\/wp\/v2\/posts"}],"about":[{"href":"https:\/\/traduzca.com\/es\/wp-json\/wp\/v2\/types\/post"}],"author":[{"embeddable":true,"href":"https:\/\/traduzca.com\/es\/wp-json\/wp\/v2\/users\/1"}],"replies":[{"embeddable":true,"href":"https:\/\/traduzca.com\/es\/wp-json\/wp\/v2\/comments?post=3301"}],"version-history":[{"count":2,"href":"https:\/\/traduzca.com\/es\/wp-json\/wp\/v2\/posts\/3301\/revisions"}],"predecessor-version":[{"id":3303,"href":"https:\/\/traduzca.com\/es\/wp-json\/wp\/v2\/posts\/3301\/revisions\/3303"}],"wp:attachment":[{"href":"https:\/\/traduzca.com\/es\/wp-json\/wp\/v2\/media?parent=3301"}],"wp:term":[{"taxonomy":"category","embeddable":true,"href":"https:\/\/traduzca.com\/es\/wp-json\/wp\/v2\/categories?post=3301"},{"taxonomy":"post_tag","embeddable":true,"href":"https:\/\/traduzca.com\/es\/wp-json\/wp\/v2\/tags?post=3301"}],"curies":[{"name":"wp","href":"https:\/\/api.w.org\/{rel}","templated":true}]}}