{"id":3316,"date":"2021-10-25T16:53:17","date_gmt":"2021-10-25T16:53:17","guid":{"rendered":"https:\/\/traduzca.com\/?p=3316"},"modified":"2026-02-13T18:51:13","modified_gmt":"2026-02-13T18:51:13","slug":"leste-europeu-enfrenta-nova-alta-de-casos-de-covid-19-e-gera-alerta-na-regiao","status":"publish","type":"post","link":"https:\/\/traduzca.com\/es\/leste-europeu-enfrenta-nova-alta-de-casos-de-covid-19-e-gera-alerta-na-regiao\/","title":{"rendered":"Leste Europeu enfrenta nova alta de casos de Covid-19 e gera alerta na regi\u00e3o"},"content":{"rendered":"<p>Temos falado constantemente&nbsp;aqui&nbsp;no blog da Traduzca sobre o arrefecimento da pandemia&nbsp;de Covid-19&nbsp;e a consequente reabertura das fronteiras dos pa\u00edses, o que tem animado os neg\u00f3cios e os viajantes. Por outro lado, h\u00e1 um sinal de alerta: o Leste Europeu vive&nbsp;uma&nbsp;alta de casos e est\u00e1 atento para&nbsp;o surgimento de&nbsp;uma nova onda.&nbsp;<\/p>\n<p>A R\u00fassia \u00e9 um dos pa\u00edses que mais causa preocupa\u00e7\u00e3o. O pa\u00eds registrou recordes di\u00e1rios de mortes nos \u00faltimos dias e se tornou o epicentro do v\u00edrus. Por conta dos&nbsp;n\u00fameros&nbsp;elevados, o presidente Vladimir Putin decretou feriado de uma semana para tentar evitar a propaga\u00e7\u00e3o da doen\u00e7a.&nbsp;<\/p>\n<p>Na mesma linha da R\u00fassia est\u00e3o na\u00e7\u00f5es como Rom\u00eania, Bulg\u00e1ria, Ucr\u00e2nia, Cro\u00e1cia, Pol\u00f4nia, Let\u00f4nia e Est\u00f4nia. Esses&nbsp;pa\u00edses&nbsp;tamb\u00e9m s\u00e3o locais com altos \u00edndices&nbsp;de transmiss\u00e3o e passaram a impor&nbsp;maior&nbsp;rigidez para entrada, assim como outras medidas sanit\u00e1rias locais. A Let\u00f4nia, por exemplo, decretou um novo&nbsp;<em>lockdown<\/em>&nbsp;de&nbsp;pelo&nbsp;menos um m\u00eas.&nbsp;<\/p>\n<p>Um dos motivos apontados&nbsp;para a&nbsp;alta de casos \u00e9 justamente o baixo \u00edndice de vacina\u00e7\u00e3o&nbsp;nos pa\u00edses supracitados. Conforme o site&nbsp;<a href=\"https:\/\/ourworldindata.org\/covid-vaccinations\" target=\"_blank\" rel=\"noreferrer noopener\">Our World in Data<\/a>, a R\u00fassia conta com somente 32% da popula\u00e7\u00e3o vacinada, sendo este&nbsp;o mesmo caso dos demais pa\u00edses citados: Rom\u00eania (30%), Ucr\u00e2nia (16%), Bulg\u00e1ria (sem dados divulgados), Cro\u00e1cia (43%), Pol\u00f4nia (52%), Let\u00f4nia (51%) e Est\u00f4nia (55%).<\/p>\n<p><strong>Brasil em tend\u00eancia de queda<\/strong><\/p>\n<p>Enquanto isso, o Brasil segue em tend\u00eancia de queda de casos. Conforme os dados das secretarias de sa\u00fade estaduais apurados pelos ve\u00edculos de imprensa, a m\u00e9dia de novos casos nos \u00faltimos sete dias caiu 18% em compara\u00e7\u00e3o com 14 dias.<\/p>\n<p><strong>Dinamarca reabre fronteiras<\/strong><\/p>\n<p>Essa melhora nos \u00edndices tamb\u00e9m facilita a abertura das fronteiras de outros pa\u00edses para brasileiros.&nbsp;\u00c9 o caso da Dinamarca; o&nbsp;pa\u00eds escandinavo anunciou a reabertura para o turismo. At\u00e9 ent\u00e3o, os brasileiros estavam impedidos de ingressar no territ\u00f3rio na na\u00e7\u00e3o europeia sem comprovar motivo essencial.&nbsp;<\/p>","protected":false},"excerpt":{"rendered":"<p>Temos falado constantemente&nbsp;aqui&nbsp;no blog da Traduzca sobre o arrefecimento da pandemia&nbsp;de Covid-19&nbsp;e a consequente reabertura das fronteiras dos pa\u00edses, o que tem animado os neg\u00f3c&#8230;<\/p>","protected":false},"author":1,"featured_media":0,"comment_status":"closed","ping_status":"closed","sticky":false,"template":"","format":"standard","meta":{"_acf_changed":false,"footnotes":""},"categories":[34,33],"tags":[35,9],"class_list":["post-3316","post","type-post","status-publish","format-standard","hentry","category-blog","category-noticias","tag-blog","tag-noticias"],"acf":[],"yoast_head":"<!-- This site is optimized with the Yoast SEO plugin v26.9 - https:\/\/yoast.com\/product\/yoast-seo-wordpress\/ -->\n<title>Leste Europeu enfrenta nova alta de casos de Covid-19 e gera alerta na regi\u00e3o - Traduzca<\/title>\n<meta name=\"robots\" content=\"index, follow, max-snippet:-1, max-image-preview:large, max-video-preview:-1\" \/>\n<link rel=\"canonical\" href=\"https:\/\/traduzca.com\/es\/leste-europeu-enfrenta-nova-alta-de-casos-de-covid-19-e-gera-alerta-na-regiao\/\" \/>\n<meta property=\"og:locale\" content=\"es_ES\" \/>\n<meta property=\"og:type\" content=\"article\" \/>\n<meta property=\"og:title\" content=\"Leste Europeu enfrenta nova alta de casos de Covid-19 e gera alerta na regi\u00e3o - Traduzca\" \/>\n<meta property=\"og:description\" content=\"Temos falado constantemente&nbsp;aqui&nbsp;no blog da Traduzca sobre o arrefecimento da pandemia&nbsp;de Covid-19&nbsp;e a consequente reabertura das fronteiras dos pa\u00edses, o que tem animado os neg\u00f3c...\" \/>\n<meta property=\"og:url\" content=\"https:\/\/traduzca.com\/es\/leste-europeu-enfrenta-nova-alta-de-casos-de-covid-19-e-gera-alerta-na-regiao\/\" \/>\n<meta property=\"og:site_name\" content=\"Traduzca\" \/>\n<meta property=\"article:publisher\" content=\"https:\/\/www.facebook.com\/traduzca\" \/>\n<meta property=\"article:published_time\" content=\"2021-10-25T16:53:17+00:00\" \/>\n<meta property=\"article:modified_time\" content=\"2026-02-13T18:51:13+00:00\" \/>\n<meta name=\"author\" content=\"traduzca_admin\" \/>\n<meta name=\"twitter:card\" content=\"summary_large_image\" \/>\n<meta name=\"twitter:label1\" content=\"Written by\" \/>\n\t<meta name=\"twitter:data1\" content=\"traduzca_admin\" \/>\n\t<meta name=\"twitter:label2\" content=\"Est. reading time\" \/>\n\t<meta name=\"twitter:data2\" content=\"2 minutes\" \/>\n<script type=\"application\/ld+json\" class=\"yoast-schema-graph\">{\"@context\":\"https:\/\/schema.org\",\"@graph\":[{\"@type\":\"Article\",\"@id\":\"https:\/\/traduzca.com\/leste-europeu-enfrenta-nova-alta-de-casos-de-covid-19-e-gera-alerta-na-regiao\/#article\",\"isPartOf\":{\"@id\":\"https:\/\/traduzca.com\/leste-europeu-enfrenta-nova-alta-de-casos-de-covid-19-e-gera-alerta-na-regiao\/\"},\"author\":{\"name\":\"traduzca_admin\",\"@id\":\"https:\/\/traduzca.com\/#\/schema\/person\/b4689f634b68236dfb176043283b2ae8\"},\"headline\":\"Leste Europeu enfrenta nova alta de casos de Covid-19 e gera alerta na regi\u00e3o\",\"datePublished\":\"2021-10-25T16:53:17+00:00\",\"dateModified\":\"2026-02-13T18:51:13+00:00\",\"mainEntityOfPage\":{\"@id\":\"https:\/\/traduzca.com\/leste-europeu-enfrenta-nova-alta-de-casos-de-covid-19-e-gera-alerta-na-regiao\/\"},\"wordCount\":399,\"publisher\":{\"@id\":\"https:\/\/traduzca.com\/#organization\"},\"keywords\":[\"Blog\",\"NOT\u00cdCIAS\"],\"articleSection\":[\"Blog\",\"Not\u00edcias\"],\"inLanguage\":\"es-ES\"},{\"@type\":\"WebPage\",\"@id\":\"https:\/\/traduzca.com\/leste-europeu-enfrenta-nova-alta-de-casos-de-covid-19-e-gera-alerta-na-regiao\/\",\"url\":\"https:\/\/traduzca.com\/leste-europeu-enfrenta-nova-alta-de-casos-de-covid-19-e-gera-alerta-na-regiao\/\",\"name\":\"Leste Europeu enfrenta nova alta de casos de Covid-19 e gera alerta na regi\u00e3o - Traduzca\",\"isPartOf\":{\"@id\":\"https:\/\/traduzca.com\/#website\"},\"datePublished\":\"2021-10-25T16:53:17+00:00\",\"dateModified\":\"2026-02-13T18:51:13+00:00\",\"breadcrumb\":{\"@id\":\"https:\/\/traduzca.com\/leste-europeu-enfrenta-nova-alta-de-casos-de-covid-19-e-gera-alerta-na-regiao\/#breadcrumb\"},\"inLanguage\":\"es-ES\",\"potentialAction\":[{\"@type\":\"ReadAction\",\"target\":[\"https:\/\/traduzca.com\/leste-europeu-enfrenta-nova-alta-de-casos-de-covid-19-e-gera-alerta-na-regiao\/\"]}]},{\"@type\":\"BreadcrumbList\",\"@id\":\"https:\/\/traduzca.com\/leste-europeu-enfrenta-nova-alta-de-casos-de-covid-19-e-gera-alerta-na-regiao\/#breadcrumb\",\"itemListElement\":[{\"@type\":\"ListItem\",\"position\":1,\"name\":\"Home\",\"item\":\"https:\/\/traduzca.com\/\"},{\"@type\":\"ListItem\",\"position\":2,\"name\":\"Leste Europeu enfrenta nova alta de casos de Covid-19 e gera alerta na regi\u00e3o\"}]},{\"@type\":\"WebSite\",\"@id\":\"https:\/\/traduzca.com\/#website\",\"url\":\"https:\/\/traduzca.com\/\",\"name\":\"Traduzca\",\"description\":\"A Traduzca conecta voc\u00ea a tradutores nativos com expertise t\u00e9cnica. Qualidade, sigilo e pontualidade para romper as barreiras do seu neg\u00f3cio.\",\"publisher\":{\"@id\":\"https:\/\/traduzca.com\/#organization\"},\"potentialAction\":[{\"@type\":\"SearchAction\",\"target\":{\"@type\":\"EntryPoint\",\"urlTemplate\":\"https:\/\/traduzca.com\/?s={search_term_string}\"},\"query-input\":{\"@type\":\"PropertyValueSpecification\",\"valueRequired\":true,\"valueName\":\"search_term_string\"}}],\"inLanguage\":\"es-ES\"},{\"@type\":\"Organization\",\"@id\":\"https:\/\/traduzca.com\/#organization\",\"name\":\"Traduzca\",\"url\":\"https:\/\/traduzca.com\/\",\"logo\":{\"@type\":\"ImageObject\",\"inLanguage\":\"es-ES\",\"@id\":\"https:\/\/traduzca.com\/#\/schema\/logo\/image\/\",\"url\":\"https:\/\/traduzca.com\/wp-content\/uploads\/2026\/02\/cropped-favicon.png\",\"contentUrl\":\"https:\/\/traduzca.com\/wp-content\/uploads\/2026\/02\/cropped-favicon.png\",\"width\":97,\"height\":94,\"caption\":\"Traduzca\"},\"image\":{\"@id\":\"https:\/\/traduzca.com\/#\/schema\/logo\/image\/\"},\"sameAs\":[\"https:\/\/www.facebook.com\/traduzca\"]},{\"@type\":\"Person\",\"@id\":\"https:\/\/traduzca.com\/#\/schema\/person\/b4689f634b68236dfb176043283b2ae8\",\"name\":\"traduzca_admin\",\"image\":{\"@type\":\"ImageObject\",\"inLanguage\":\"es-ES\",\"@id\":\"https:\/\/traduzca.com\/#\/schema\/person\/image\/\",\"url\":\"https:\/\/secure.gravatar.com\/avatar\/3e977bbac939cc66d785e2b0963953e99cf6fed540960c0ef0a9e984e569dd2f?s=96&d=mm&r=g\",\"contentUrl\":\"https:\/\/secure.gravatar.com\/avatar\/3e977bbac939cc66d785e2b0963953e99cf6fed540960c0ef0a9e984e569dd2f?s=96&d=mm&r=g\",\"caption\":\"traduzca_admin\"},\"sameAs\":[\"https:\/\/traduzca.com\"],\"url\":\"https:\/\/traduzca.com\/es\/author\/traduzca_admin\/\"}]}<\/script>\n<!-- \/ Yoast SEO plugin. -->","yoast_head_json":{"title":"Leste Europeu enfrenta nova alta de casos de Covid-19 e gera alerta na regi\u00e3o - Traduzca","robots":{"index":"index","follow":"follow","max-snippet":"max-snippet:-1","max-image-preview":"max-image-preview:large","max-video-preview":"max-video-preview:-1"},"canonical":"https:\/\/traduzca.com\/es\/leste-europeu-enfrenta-nova-alta-de-casos-de-covid-19-e-gera-alerta-na-regiao\/","og_locale":"es_ES","og_type":"article","og_title":"Leste Europeu enfrenta nova alta de casos de Covid-19 e gera alerta na regi\u00e3o - Traduzca","og_description":"Temos falado constantemente&nbsp;aqui&nbsp;no blog da Traduzca sobre o arrefecimento da pandemia&nbsp;de Covid-19&nbsp;e a consequente reabertura das fronteiras dos pa\u00edses, o que tem animado os neg\u00f3c...","og_url":"https:\/\/traduzca.com\/es\/leste-europeu-enfrenta-nova-alta-de-casos-de-covid-19-e-gera-alerta-na-regiao\/","og_site_name":"Traduzca","article_publisher":"https:\/\/www.facebook.com\/traduzca","article_published_time":"2021-10-25T16:53:17+00:00","article_modified_time":"2026-02-13T18:51:13+00:00","author":"traduzca_admin","twitter_card":"summary_large_image","twitter_misc":{"Written by":"traduzca_admin","Est. reading time":"2 minutes"},"schema":{"@context":"https:\/\/schema.org","@graph":[{"@type":"Article","@id":"https:\/\/traduzca.com\/leste-europeu-enfrenta-nova-alta-de-casos-de-covid-19-e-gera-alerta-na-regiao\/#article","isPartOf":{"@id":"https:\/\/traduzca.com\/leste-europeu-enfrenta-nova-alta-de-casos-de-covid-19-e-gera-alerta-na-regiao\/"},"author":{"name":"traduzca_admin","@id":"https:\/\/traduzca.com\/#\/schema\/person\/b4689f634b68236dfb176043283b2ae8"},"headline":"Leste Europeu enfrenta nova alta de casos de Covid-19 e gera alerta na regi\u00e3o","datePublished":"2021-10-25T16:53:17+00:00","dateModified":"2026-02-13T18:51:13+00:00","mainEntityOfPage":{"@id":"https:\/\/traduzca.com\/leste-europeu-enfrenta-nova-alta-de-casos-de-covid-19-e-gera-alerta-na-regiao\/"},"wordCount":399,"publisher":{"@id":"https:\/\/traduzca.com\/#organization"},"keywords":["Blog","NOT\u00cdCIAS"],"articleSection":["Blog","Not\u00edcias"],"inLanguage":"es-ES"},{"@type":"WebPage","@id":"https:\/\/traduzca.com\/leste-europeu-enfrenta-nova-alta-de-casos-de-covid-19-e-gera-alerta-na-regiao\/","url":"https:\/\/traduzca.com\/leste-europeu-enfrenta-nova-alta-de-casos-de-covid-19-e-gera-alerta-na-regiao\/","name":"Leste Europeu enfrenta nova alta de casos de Covid-19 e gera alerta na regi\u00e3o - Traduzca","isPartOf":{"@id":"https:\/\/traduzca.com\/#website"},"datePublished":"2021-10-25T16:53:17+00:00","dateModified":"2026-02-13T18:51:13+00:00","breadcrumb":{"@id":"https:\/\/traduzca.com\/leste-europeu-enfrenta-nova-alta-de-casos-de-covid-19-e-gera-alerta-na-regiao\/#breadcrumb"},"inLanguage":"es-ES","potentialAction":[{"@type":"ReadAction","target":["https:\/\/traduzca.com\/leste-europeu-enfrenta-nova-alta-de-casos-de-covid-19-e-gera-alerta-na-regiao\/"]}]},{"@type":"BreadcrumbList","@id":"https:\/\/traduzca.com\/leste-europeu-enfrenta-nova-alta-de-casos-de-covid-19-e-gera-alerta-na-regiao\/#breadcrumb","itemListElement":[{"@type":"ListItem","position":1,"name":"Home","item":"https:\/\/traduzca.com\/"},{"@type":"ListItem","position":2,"name":"Leste Europeu enfrenta nova alta de casos de Covid-19 e gera alerta na regi\u00e3o"}]},{"@type":"WebSite","@id":"https:\/\/traduzca.com\/#website","url":"https:\/\/traduzca.com\/","name":"Traduzca","description":"Traduzca lo conecta con traductores nativos con experiencia t\u00e9cnica. Calidad, confidencialidad y puntualidad para derribar las barreras de su negocio.","publisher":{"@id":"https:\/\/traduzca.com\/#organization"},"potentialAction":[{"@type":"SearchAction","target":{"@type":"EntryPoint","urlTemplate":"https:\/\/traduzca.com\/?s={search_term_string}"},"query-input":{"@type":"PropertyValueSpecification","valueRequired":true,"valueName":"search_term_string"}}],"inLanguage":"es-ES"},{"@type":"Organization","@id":"https:\/\/traduzca.com\/#organization","name":"Traduzca","url":"https:\/\/traduzca.com\/","logo":{"@type":"ImageObject","inLanguage":"es-ES","@id":"https:\/\/traduzca.com\/#\/schema\/logo\/image\/","url":"https:\/\/traduzca.com\/wp-content\/uploads\/2026\/02\/cropped-favicon.png","contentUrl":"https:\/\/traduzca.com\/wp-content\/uploads\/2026\/02\/cropped-favicon.png","width":97,"height":94,"caption":"Traduzca"},"image":{"@id":"https:\/\/traduzca.com\/#\/schema\/logo\/image\/"},"sameAs":["https:\/\/www.facebook.com\/traduzca"]},{"@type":"Person","@id":"https:\/\/traduzca.com\/#\/schema\/person\/b4689f634b68236dfb176043283b2ae8","name":"traduzca_admin","image":{"@type":"ImageObject","inLanguage":"es-ES","@id":"https:\/\/traduzca.com\/#\/schema\/person\/image\/","url":"https:\/\/secure.gravatar.com\/avatar\/3e977bbac939cc66d785e2b0963953e99cf6fed540960c0ef0a9e984e569dd2f?s=96&d=mm&r=g","contentUrl":"https:\/\/secure.gravatar.com\/avatar\/3e977bbac939cc66d785e2b0963953e99cf6fed540960c0ef0a9e984e569dd2f?s=96&d=mm&r=g","caption":"traduzca_admin"},"sameAs":["https:\/\/traduzca.com"],"url":"https:\/\/traduzca.com\/es\/author\/traduzca_admin\/"}]}},"_links":{"self":[{"href":"https:\/\/traduzca.com\/es\/wp-json\/wp\/v2\/posts\/3316","targetHints":{"allow":["GET"]}}],"collection":[{"href":"https:\/\/traduzca.com\/es\/wp-json\/wp\/v2\/posts"}],"about":[{"href":"https:\/\/traduzca.com\/es\/wp-json\/wp\/v2\/types\/post"}],"author":[{"embeddable":true,"href":"https:\/\/traduzca.com\/es\/wp-json\/wp\/v2\/users\/1"}],"replies":[{"embeddable":true,"href":"https:\/\/traduzca.com\/es\/wp-json\/wp\/v2\/comments?post=3316"}],"version-history":[{"count":2,"href":"https:\/\/traduzca.com\/es\/wp-json\/wp\/v2\/posts\/3316\/revisions"}],"predecessor-version":[{"id":3318,"href":"https:\/\/traduzca.com\/es\/wp-json\/wp\/v2\/posts\/3316\/revisions\/3318"}],"wp:attachment":[{"href":"https:\/\/traduzca.com\/es\/wp-json\/wp\/v2\/media?parent=3316"}],"wp:term":[{"taxonomy":"category","embeddable":true,"href":"https:\/\/traduzca.com\/es\/wp-json\/wp\/v2\/categories?post=3316"},{"taxonomy":"post_tag","embeddable":true,"href":"https:\/\/traduzca.com\/es\/wp-json\/wp\/v2\/tags?post=3316"}],"curies":[{"name":"wp","href":"https:\/\/api.w.org\/{rel}","templated":true}]}}