{"id":3553,"date":"2022-06-22T14:34:50","date_gmt":"2022-06-22T14:34:50","guid":{"rendered":"https:\/\/traduzca.com\/?p=3553"},"modified":"2026-02-13T19:01:58","modified_gmt":"2026-02-13T19:01:58","slug":"traduzca-realiza-traducao-simultanea-na-inauguracao-da-nova-sede-da-sap-no-rs","status":"publish","type":"post","link":"https:\/\/traduzca.com\/es\/traduzca-realiza-traducao-simultanea-na-inauguracao-da-nova-sede-da-sap-no-rs\/","title":{"rendered":"Traduzca realiza tradu\u00e7\u00e3o simult\u00e2nea na inaugura\u00e7\u00e3o da nova sede da SAP no RS"},"content":{"rendered":"<p>A Traduzca realizou servi\u00e7os de tradu\u00e7\u00e3o simult\u00e2nea nos idiomas espanhol e ingl\u00eas durante o evento de inaugura\u00e7\u00e3o da nova sede da SAP em S\u00e3o Leopoldo, Rio Grande do Sul, na \u00faltima segunda-feira (20). \u00c9 a terceira unidade da multinacional alem\u00e3 no complexo localizado na Regi\u00e3o Metropolitana de Porto Alegre.<\/p>\n<p>Uma das principais desenvolvedoras de softwares no mundo, a SAP realiza a sua terceira expans\u00e3o desde a inaugura\u00e7\u00e3o da sede no Parque Tecnol\u00f3gico de S\u00e3o Leopoldo (Tecnosinos), na Unisinos, em 2006. O novo edif\u00edcio tem 14 mil metros quadrados de \u00e1rea constru\u00edda e espa\u00e7o para 850 novos funcion\u00e1rios.<\/p>\n<p>Estiveram presentes no evento o presidente do SAP Labs Latin America, Dennison John, o Chief Financial Officer (CFO) da SAP e membro do conselho, Luka Mucic, o reitor da Unisinos, Prof. Dr. Pe. Sergio Eduardo Mariucci, e o governador do Rio Grande do Sul, Ranolfo Vieira J\u00fanior.<\/p>\n<p><strong>Sobre a tradu\u00e7\u00e3o simult\u00e2nea<br \/><\/strong><br \/>No servi\u00e7o de tradu\u00e7\u00e3o simult\u00e2nea, a fala do orador \u00e9 traduzida simultaneamente pelo int\u00e9rprete e transmitida diretamente ao p\u00fablico por meio de um sistema de r\u00e1dio e fones de ouvido.<\/p>\n<p>A tradu\u00e7\u00e3o simult\u00e2nea \u00e9 indicada para eventos, palestras e cursos que tenham algum convidado que fale outro idioma. Sua empresa ou evento necessita de um servi\u00e7o como esse? <a href=\"https:\/\/traduzca.com\/es\/orcamento\/\" target=\"_blank\" rel=\"noreferrer noopener\">Solicite um or\u00e7amento aqui<\/a>.<\/p>","protected":false},"excerpt":{"rendered":"<p>A Traduzca realizou servi\u00e7os de tradu\u00e7\u00e3o simult\u00e2nea nos idiomas espanhol e ingl\u00eas durante o evento de inaugura\u00e7\u00e3o da nova sede da SAP em S\u00e3o Leopoldo, Rio Grande do Sul, na \u00faltima segunda-feira (20)&#8230;.<\/p>","protected":false},"author":1,"featured_media":0,"comment_status":"closed","ping_status":"closed","sticky":false,"template":"","format":"standard","meta":{"_acf_changed":false,"footnotes":""},"categories":[34,33],"tags":[35,9],"class_list":["post-3553","post","type-post","status-publish","format-standard","hentry","category-blog","category-noticias","tag-blog","tag-noticias"],"acf":[],"yoast_head":"<!-- This site is optimized with the Yoast SEO plugin v26.9 - https:\/\/yoast.com\/product\/yoast-seo-wordpress\/ -->\n<title>Traduzca realiza tradu\u00e7\u00e3o simult\u00e2nea na inaugura\u00e7\u00e3o da nova sede da SAP no RS - Traduzca<\/title>\n<meta name=\"robots\" content=\"index, follow, max-snippet:-1, max-image-preview:large, max-video-preview:-1\" \/>\n<link rel=\"canonical\" href=\"https:\/\/traduzca.com\/es\/traduzca-realiza-traducao-simultanea-na-inauguracao-da-nova-sede-da-sap-no-rs\/\" \/>\n<meta property=\"og:locale\" content=\"es_ES\" \/>\n<meta property=\"og:type\" content=\"article\" \/>\n<meta property=\"og:title\" content=\"Traduzca realiza tradu\u00e7\u00e3o simult\u00e2nea na inaugura\u00e7\u00e3o da nova sede da SAP no RS - Traduzca\" \/>\n<meta property=\"og:description\" content=\"A Traduzca realizou servi\u00e7os de tradu\u00e7\u00e3o simult\u00e2nea nos idiomas espanhol e ingl\u00eas durante o evento de inaugura\u00e7\u00e3o da nova sede da SAP em S\u00e3o Leopoldo, Rio Grande do Sul, na \u00faltima segunda-feira (20)....\" \/>\n<meta property=\"og:url\" content=\"https:\/\/traduzca.com\/es\/traduzca-realiza-traducao-simultanea-na-inauguracao-da-nova-sede-da-sap-no-rs\/\" \/>\n<meta property=\"og:site_name\" content=\"Traduzca\" \/>\n<meta property=\"article:publisher\" content=\"https:\/\/www.facebook.com\/traduzca\" \/>\n<meta property=\"article:published_time\" content=\"2022-06-22T14:34:50+00:00\" \/>\n<meta property=\"article:modified_time\" content=\"2026-02-13T19:01:58+00:00\" \/>\n<meta name=\"author\" content=\"traduzca_admin\" \/>\n<meta name=\"twitter:card\" content=\"summary_large_image\" \/>\n<meta name=\"twitter:label1\" content=\"Written by\" \/>\n\t<meta name=\"twitter:data1\" content=\"traduzca_admin\" \/>\n\t<meta name=\"twitter:label2\" content=\"Est. reading time\" \/>\n\t<meta name=\"twitter:data2\" content=\"1 minute\" \/>\n<script type=\"application\/ld+json\" class=\"yoast-schema-graph\">{\"@context\":\"https:\/\/schema.org\",\"@graph\":[{\"@type\":\"Article\",\"@id\":\"https:\/\/traduzca.com\/traduzca-realiza-traducao-simultanea-na-inauguracao-da-nova-sede-da-sap-no-rs\/#article\",\"isPartOf\":{\"@id\":\"https:\/\/traduzca.com\/traduzca-realiza-traducao-simultanea-na-inauguracao-da-nova-sede-da-sap-no-rs\/\"},\"author\":{\"name\":\"traduzca_admin\",\"@id\":\"https:\/\/traduzca.com\/#\/schema\/person\/b4689f634b68236dfb176043283b2ae8\"},\"headline\":\"Traduzca realiza tradu\u00e7\u00e3o simult\u00e2nea na inaugura\u00e7\u00e3o da nova sede da SAP no RS\",\"datePublished\":\"2022-06-22T14:34:50+00:00\",\"dateModified\":\"2026-02-13T19:01:58+00:00\",\"mainEntityOfPage\":{\"@id\":\"https:\/\/traduzca.com\/traduzca-realiza-traducao-simultanea-na-inauguracao-da-nova-sede-da-sap-no-rs\/\"},\"wordCount\":247,\"publisher\":{\"@id\":\"https:\/\/traduzca.com\/#organization\"},\"keywords\":[\"Blog\",\"NOT\u00cdCIAS\"],\"articleSection\":[\"Blog\",\"Not\u00edcias\"],\"inLanguage\":\"es-ES\"},{\"@type\":\"WebPage\",\"@id\":\"https:\/\/traduzca.com\/traduzca-realiza-traducao-simultanea-na-inauguracao-da-nova-sede-da-sap-no-rs\/\",\"url\":\"https:\/\/traduzca.com\/traduzca-realiza-traducao-simultanea-na-inauguracao-da-nova-sede-da-sap-no-rs\/\",\"name\":\"Traduzca realiza tradu\u00e7\u00e3o simult\u00e2nea na inaugura\u00e7\u00e3o da nova sede da SAP no RS - Traduzca\",\"isPartOf\":{\"@id\":\"https:\/\/traduzca.com\/#website\"},\"datePublished\":\"2022-06-22T14:34:50+00:00\",\"dateModified\":\"2026-02-13T19:01:58+00:00\",\"breadcrumb\":{\"@id\":\"https:\/\/traduzca.com\/traduzca-realiza-traducao-simultanea-na-inauguracao-da-nova-sede-da-sap-no-rs\/#breadcrumb\"},\"inLanguage\":\"es-ES\",\"potentialAction\":[{\"@type\":\"ReadAction\",\"target\":[\"https:\/\/traduzca.com\/traduzca-realiza-traducao-simultanea-na-inauguracao-da-nova-sede-da-sap-no-rs\/\"]}]},{\"@type\":\"BreadcrumbList\",\"@id\":\"https:\/\/traduzca.com\/traduzca-realiza-traducao-simultanea-na-inauguracao-da-nova-sede-da-sap-no-rs\/#breadcrumb\",\"itemListElement\":[{\"@type\":\"ListItem\",\"position\":1,\"name\":\"Home\",\"item\":\"https:\/\/traduzca.com\/\"},{\"@type\":\"ListItem\",\"position\":2,\"name\":\"Traduzca realiza tradu\u00e7\u00e3o simult\u00e2nea na inaugura\u00e7\u00e3o da nova sede da SAP no RS\"}]},{\"@type\":\"WebSite\",\"@id\":\"https:\/\/traduzca.com\/#website\",\"url\":\"https:\/\/traduzca.com\/\",\"name\":\"Traduzca\",\"description\":\"A Traduzca conecta voc\u00ea a tradutores nativos com expertise t\u00e9cnica. Qualidade, sigilo e pontualidade para romper as barreiras do seu neg\u00f3cio.\",\"publisher\":{\"@id\":\"https:\/\/traduzca.com\/#organization\"},\"potentialAction\":[{\"@type\":\"SearchAction\",\"target\":{\"@type\":\"EntryPoint\",\"urlTemplate\":\"https:\/\/traduzca.com\/?s={search_term_string}\"},\"query-input\":{\"@type\":\"PropertyValueSpecification\",\"valueRequired\":true,\"valueName\":\"search_term_string\"}}],\"inLanguage\":\"es-ES\"},{\"@type\":\"Organization\",\"@id\":\"https:\/\/traduzca.com\/#organization\",\"name\":\"Traduzca\",\"url\":\"https:\/\/traduzca.com\/\",\"logo\":{\"@type\":\"ImageObject\",\"inLanguage\":\"es-ES\",\"@id\":\"https:\/\/traduzca.com\/#\/schema\/logo\/image\/\",\"url\":\"https:\/\/traduzca.com\/wp-content\/uploads\/2026\/02\/cropped-favicon.png\",\"contentUrl\":\"https:\/\/traduzca.com\/wp-content\/uploads\/2026\/02\/cropped-favicon.png\",\"width\":97,\"height\":94,\"caption\":\"Traduzca\"},\"image\":{\"@id\":\"https:\/\/traduzca.com\/#\/schema\/logo\/image\/\"},\"sameAs\":[\"https:\/\/www.facebook.com\/traduzca\"]},{\"@type\":\"Person\",\"@id\":\"https:\/\/traduzca.com\/#\/schema\/person\/b4689f634b68236dfb176043283b2ae8\",\"name\":\"traduzca_admin\",\"image\":{\"@type\":\"ImageObject\",\"inLanguage\":\"es-ES\",\"@id\":\"https:\/\/traduzca.com\/#\/schema\/person\/image\/\",\"url\":\"https:\/\/secure.gravatar.com\/avatar\/3e977bbac939cc66d785e2b0963953e99cf6fed540960c0ef0a9e984e569dd2f?s=96&d=mm&r=g\",\"contentUrl\":\"https:\/\/secure.gravatar.com\/avatar\/3e977bbac939cc66d785e2b0963953e99cf6fed540960c0ef0a9e984e569dd2f?s=96&d=mm&r=g\",\"caption\":\"traduzca_admin\"},\"sameAs\":[\"https:\/\/traduzca.com\"],\"url\":\"https:\/\/traduzca.com\/es\/author\/traduzca_admin\/\"}]}<\/script>\n<!-- \/ Yoast SEO plugin. -->","yoast_head_json":{"title":"Traduzca realiza tradu\u00e7\u00e3o simult\u00e2nea na inaugura\u00e7\u00e3o da nova sede da SAP no RS - Traduzca","robots":{"index":"index","follow":"follow","max-snippet":"max-snippet:-1","max-image-preview":"max-image-preview:large","max-video-preview":"max-video-preview:-1"},"canonical":"https:\/\/traduzca.com\/es\/traduzca-realiza-traducao-simultanea-na-inauguracao-da-nova-sede-da-sap-no-rs\/","og_locale":"es_ES","og_type":"article","og_title":"Traduzca realiza tradu\u00e7\u00e3o simult\u00e2nea na inaugura\u00e7\u00e3o da nova sede da SAP no RS - Traduzca","og_description":"A Traduzca realizou servi\u00e7os de tradu\u00e7\u00e3o simult\u00e2nea nos idiomas espanhol e ingl\u00eas durante o evento de inaugura\u00e7\u00e3o da nova sede da SAP em S\u00e3o Leopoldo, Rio Grande do Sul, na \u00faltima segunda-feira (20)....","og_url":"https:\/\/traduzca.com\/es\/traduzca-realiza-traducao-simultanea-na-inauguracao-da-nova-sede-da-sap-no-rs\/","og_site_name":"Traduzca","article_publisher":"https:\/\/www.facebook.com\/traduzca","article_published_time":"2022-06-22T14:34:50+00:00","article_modified_time":"2026-02-13T19:01:58+00:00","author":"traduzca_admin","twitter_card":"summary_large_image","twitter_misc":{"Written by":"traduzca_admin","Est. reading time":"1 minute"},"schema":{"@context":"https:\/\/schema.org","@graph":[{"@type":"Article","@id":"https:\/\/traduzca.com\/traduzca-realiza-traducao-simultanea-na-inauguracao-da-nova-sede-da-sap-no-rs\/#article","isPartOf":{"@id":"https:\/\/traduzca.com\/traduzca-realiza-traducao-simultanea-na-inauguracao-da-nova-sede-da-sap-no-rs\/"},"author":{"name":"traduzca_admin","@id":"https:\/\/traduzca.com\/#\/schema\/person\/b4689f634b68236dfb176043283b2ae8"},"headline":"Traduzca realiza tradu\u00e7\u00e3o simult\u00e2nea na inaugura\u00e7\u00e3o da nova sede da SAP no RS","datePublished":"2022-06-22T14:34:50+00:00","dateModified":"2026-02-13T19:01:58+00:00","mainEntityOfPage":{"@id":"https:\/\/traduzca.com\/traduzca-realiza-traducao-simultanea-na-inauguracao-da-nova-sede-da-sap-no-rs\/"},"wordCount":247,"publisher":{"@id":"https:\/\/traduzca.com\/#organization"},"keywords":["Blog","NOT\u00cdCIAS"],"articleSection":["Blog","Not\u00edcias"],"inLanguage":"es-ES"},{"@type":"WebPage","@id":"https:\/\/traduzca.com\/traduzca-realiza-traducao-simultanea-na-inauguracao-da-nova-sede-da-sap-no-rs\/","url":"https:\/\/traduzca.com\/traduzca-realiza-traducao-simultanea-na-inauguracao-da-nova-sede-da-sap-no-rs\/","name":"Traduzca realiza tradu\u00e7\u00e3o simult\u00e2nea na inaugura\u00e7\u00e3o da nova sede da SAP no RS - Traduzca","isPartOf":{"@id":"https:\/\/traduzca.com\/#website"},"datePublished":"2022-06-22T14:34:50+00:00","dateModified":"2026-02-13T19:01:58+00:00","breadcrumb":{"@id":"https:\/\/traduzca.com\/traduzca-realiza-traducao-simultanea-na-inauguracao-da-nova-sede-da-sap-no-rs\/#breadcrumb"},"inLanguage":"es-ES","potentialAction":[{"@type":"ReadAction","target":["https:\/\/traduzca.com\/traduzca-realiza-traducao-simultanea-na-inauguracao-da-nova-sede-da-sap-no-rs\/"]}]},{"@type":"BreadcrumbList","@id":"https:\/\/traduzca.com\/traduzca-realiza-traducao-simultanea-na-inauguracao-da-nova-sede-da-sap-no-rs\/#breadcrumb","itemListElement":[{"@type":"ListItem","position":1,"name":"Home","item":"https:\/\/traduzca.com\/"},{"@type":"ListItem","position":2,"name":"Traduzca realiza tradu\u00e7\u00e3o simult\u00e2nea na inaugura\u00e7\u00e3o da nova sede da SAP no RS"}]},{"@type":"WebSite","@id":"https:\/\/traduzca.com\/#website","url":"https:\/\/traduzca.com\/","name":"Traduzca","description":"Traduzca lo conecta con traductores nativos con experiencia t\u00e9cnica. Calidad, confidencialidad y puntualidad para derribar las barreras de su negocio.","publisher":{"@id":"https:\/\/traduzca.com\/#organization"},"potentialAction":[{"@type":"SearchAction","target":{"@type":"EntryPoint","urlTemplate":"https:\/\/traduzca.com\/?s={search_term_string}"},"query-input":{"@type":"PropertyValueSpecification","valueRequired":true,"valueName":"search_term_string"}}],"inLanguage":"es-ES"},{"@type":"Organization","@id":"https:\/\/traduzca.com\/#organization","name":"Traduzca","url":"https:\/\/traduzca.com\/","logo":{"@type":"ImageObject","inLanguage":"es-ES","@id":"https:\/\/traduzca.com\/#\/schema\/logo\/image\/","url":"https:\/\/traduzca.com\/wp-content\/uploads\/2026\/02\/cropped-favicon.png","contentUrl":"https:\/\/traduzca.com\/wp-content\/uploads\/2026\/02\/cropped-favicon.png","width":97,"height":94,"caption":"Traduzca"},"image":{"@id":"https:\/\/traduzca.com\/#\/schema\/logo\/image\/"},"sameAs":["https:\/\/www.facebook.com\/traduzca"]},{"@type":"Person","@id":"https:\/\/traduzca.com\/#\/schema\/person\/b4689f634b68236dfb176043283b2ae8","name":"traduzca_admin","image":{"@type":"ImageObject","inLanguage":"es-ES","@id":"https:\/\/traduzca.com\/#\/schema\/person\/image\/","url":"https:\/\/secure.gravatar.com\/avatar\/3e977bbac939cc66d785e2b0963953e99cf6fed540960c0ef0a9e984e569dd2f?s=96&d=mm&r=g","contentUrl":"https:\/\/secure.gravatar.com\/avatar\/3e977bbac939cc66d785e2b0963953e99cf6fed540960c0ef0a9e984e569dd2f?s=96&d=mm&r=g","caption":"traduzca_admin"},"sameAs":["https:\/\/traduzca.com"],"url":"https:\/\/traduzca.com\/es\/author\/traduzca_admin\/"}]}},"_links":{"self":[{"href":"https:\/\/traduzca.com\/es\/wp-json\/wp\/v2\/posts\/3553","targetHints":{"allow":["GET"]}}],"collection":[{"href":"https:\/\/traduzca.com\/es\/wp-json\/wp\/v2\/posts"}],"about":[{"href":"https:\/\/traduzca.com\/es\/wp-json\/wp\/v2\/types\/post"}],"author":[{"embeddable":true,"href":"https:\/\/traduzca.com\/es\/wp-json\/wp\/v2\/users\/1"}],"replies":[{"embeddable":true,"href":"https:\/\/traduzca.com\/es\/wp-json\/wp\/v2\/comments?post=3553"}],"version-history":[{"count":2,"href":"https:\/\/traduzca.com\/es\/wp-json\/wp\/v2\/posts\/3553\/revisions"}],"predecessor-version":[{"id":3555,"href":"https:\/\/traduzca.com\/es\/wp-json\/wp\/v2\/posts\/3553\/revisions\/3555"}],"wp:attachment":[{"href":"https:\/\/traduzca.com\/es\/wp-json\/wp\/v2\/media?parent=3553"}],"wp:term":[{"taxonomy":"category","embeddable":true,"href":"https:\/\/traduzca.com\/es\/wp-json\/wp\/v2\/categories?post=3553"},{"taxonomy":"post_tag","embeddable":true,"href":"https:\/\/traduzca.com\/es\/wp-json\/wp\/v2\/tags?post=3553"}],"curies":[{"name":"wp","href":"https:\/\/api.w.org\/{rel}","templated":true}]}}