{"id":3565,"date":"2022-07-01T18:25:45","date_gmt":"2022-07-01T18:25:45","guid":{"rendered":"https:\/\/traduzca.com\/?p=3565"},"modified":"2026-02-13T19:02:25","modified_gmt":"2026-02-13T19:02:25","slug":"conheca-a-tragica-e-real-historia-por-tras-da-expressao-ines-e-morta","status":"publish","type":"post","link":"https:\/\/traduzca.com\/es\/conheca-a-tragica-e-real-historia-por-tras-da-expressao-ines-e-morta\/","title":{"rendered":"Conhe\u00e7a a tr\u00e1gica e real hist\u00f3ria por tr\u00e1s da express\u00e3o &#8220;In\u00eas \u00e9 morta&#8221;"},"content":{"rendered":"<p>\u00c9 muito prov\u00e1vel que voc\u00ea j\u00e1 tenha ouvido falar ou at\u00e9 mesmo tenha mencionado a express\u00e3o &#8220;In\u00eas \u00e9 morta&#8221;. Ela costuma ser usada no sentido de &#8220;agora, \u00e9 tarde demais&#8221;. Mas voc\u00ea sabia que a famosa frase tem origem em fatos reais? A hist\u00f3ria n\u00e3o \u00e9 s\u00f3 verdadeira como tr\u00e1gica e marcou a hist\u00f3ria da corte portuguesa.<\/p>\n<p>Segundo a cr\u00f4nica escrita por volta de 1440 pelo historiador portugu\u00eas Fern\u00e3o Lopes, o pr\u00edncipe Pedro I havia se apaixonado por In\u00eas de Castro, uma dama de companhia de sua esposa e cujo pai era um nobre espanhol. O pai de Pedro, o rei portugu\u00eas Afonso IV, n\u00e3o aprovou o romance e exilou In\u00eas. Ap\u00f3s a morte da esposa de Pedro, In\u00eas voltou a Portugal, reencontrou o amante e com ele teve quatro filhos.<\/p>\n<p>O rei Afonso seguia insatisfeito com a uni\u00e3o e, em 1335, mandou matar In\u00eas. Pedro jurou vingan\u00e7a e, ap\u00f3s ascender ao trono, executou dois dos assassinos da amada. Ele n\u00e3o parou por a\u00ed e ainda desenterrou o corpo de In\u00eas para lev\u00e1-lo em prociss\u00e3o de Coimbra a Alcoba\u00e7a. No fim, mesmo diante de tamanho esfor\u00e7o, Pedro nada poderia fazer, j\u00e1 que In\u00eas estava morta.<\/p>\n<p>O caso tr\u00e1gico foi contado e recontado em v\u00e1rias obras portuguesas, como Os Lus\u00edadas, de Lu\u00eds de Cam\u00f5es, e multiplicou-se em adapta\u00e7\u00f5es teatrais, ganhando contornos ainda mais incr\u00edveis com o passar do tempo. Construiu-se a vers\u00e3o de que In\u00eas n\u00e3o s\u00f3 foi transferida para uma nova sepultura como o seu cad\u00e1ver teria sido coroado em uma cerim\u00f4nia. Exagerada ou n\u00e3o, o fato \u00e9 que a hist\u00f3ria de In\u00eas cavou espa\u00e7o eterno na cultura portuguesa e, por que n\u00e3o, no nosso dia a dia.<\/p>\n<h6 class=\"wp-block-heading\">A hist\u00f3ria por tr\u00e1s das palavras<\/h6>\n<p>Cada ditado, tem uma hist\u00f3ria. Transforme a sua trajet\u00f3ria, conhecendo novas culturas por meio do interc\u00e2mbio. A Traduzca conta com tradutores juramentados especializados em mais de 26 idiomas para voc\u00ea. <a href=\"https:\/\/traduzca.com\/es\/orcamento\/\">Realize seu or\u00e7amento gratuito hoje mesmo.<\/a>  <\/p>","protected":false},"excerpt":{"rendered":"<p>\u00c9 muito prov\u00e1vel que voc\u00ea j\u00e1 tenha ouvido falar ou at\u00e9 mesmo tenha mencionado a express\u00e3o &#8220;In\u00eas \u00e9 morta&#8221;. Ela costuma ser usada no sentido de &#8220;agora, \u00e9 tarde demais&#8221;. Mas voc\u00ea sabia que a famosa fras&#8230;<\/p>","protected":false},"author":1,"featured_media":0,"comment_status":"closed","ping_status":"closed","sticky":false,"template":"","format":"standard","meta":{"_acf_changed":false,"footnotes":""},"categories":[34,33],"tags":[35,9],"class_list":["post-3565","post","type-post","status-publish","format-standard","hentry","category-blog","category-noticias","tag-blog","tag-noticias"],"acf":[],"yoast_head":"<!-- This site is optimized with the Yoast SEO plugin v26.9 - https:\/\/yoast.com\/product\/yoast-seo-wordpress\/ -->\n<title>Conhe\u00e7a a tr\u00e1gica e real hist\u00f3ria por tr\u00e1s da express\u00e3o &quot;In\u00eas \u00e9 morta&quot; - Traduzca<\/title>\n<meta name=\"robots\" content=\"index, follow, max-snippet:-1, max-image-preview:large, max-video-preview:-1\" \/>\n<link rel=\"canonical\" href=\"https:\/\/traduzca.com\/es\/conheca-a-tragica-e-real-historia-por-tras-da-expressao-ines-e-morta\/\" \/>\n<meta property=\"og:locale\" content=\"es_ES\" \/>\n<meta property=\"og:type\" content=\"article\" \/>\n<meta property=\"og:title\" content=\"Conhe\u00e7a a tr\u00e1gica e real hist\u00f3ria por tr\u00e1s da express\u00e3o &quot;In\u00eas \u00e9 morta&quot; - Traduzca\" \/>\n<meta property=\"og:description\" content=\"\u00c9 muito prov\u00e1vel que voc\u00ea j\u00e1 tenha ouvido falar ou at\u00e9 mesmo tenha mencionado a express\u00e3o &quot;In\u00eas \u00e9 morta&quot;. Ela costuma ser usada no sentido de &quot;agora, \u00e9 tarde demais&quot;. Mas voc\u00ea sabia que a famosa fras...\" \/>\n<meta property=\"og:url\" content=\"https:\/\/traduzca.com\/es\/conheca-a-tragica-e-real-historia-por-tras-da-expressao-ines-e-morta\/\" \/>\n<meta property=\"og:site_name\" content=\"Traduzca\" \/>\n<meta property=\"article:publisher\" content=\"https:\/\/www.facebook.com\/traduzca\" \/>\n<meta property=\"article:published_time\" content=\"2022-07-01T18:25:45+00:00\" \/>\n<meta property=\"article:modified_time\" content=\"2026-02-13T19:02:25+00:00\" \/>\n<meta name=\"author\" content=\"traduzca_admin\" \/>\n<meta name=\"twitter:card\" content=\"summary_large_image\" \/>\n<meta name=\"twitter:label1\" content=\"Written by\" \/>\n\t<meta name=\"twitter:data1\" content=\"traduzca_admin\" \/>\n\t<meta name=\"twitter:label2\" content=\"Est. reading time\" \/>\n\t<meta name=\"twitter:data2\" content=\"2 minutes\" \/>\n<script type=\"application\/ld+json\" class=\"yoast-schema-graph\">{\"@context\":\"https:\/\/schema.org\",\"@graph\":[{\"@type\":\"Article\",\"@id\":\"https:\/\/traduzca.com\/conheca-a-tragica-e-real-historia-por-tras-da-expressao-ines-e-morta\/#article\",\"isPartOf\":{\"@id\":\"https:\/\/traduzca.com\/conheca-a-tragica-e-real-historia-por-tras-da-expressao-ines-e-morta\/\"},\"author\":{\"name\":\"traduzca_admin\",\"@id\":\"https:\/\/traduzca.com\/#\/schema\/person\/b4689f634b68236dfb176043283b2ae8\"},\"headline\":\"Conhe\u00e7a a tr\u00e1gica e real hist\u00f3ria por tr\u00e1s da express\u00e3o &#8220;In\u00eas \u00e9 morta&#8221;\",\"datePublished\":\"2022-07-01T18:25:45+00:00\",\"dateModified\":\"2026-02-13T19:02:25+00:00\",\"mainEntityOfPage\":{\"@id\":\"https:\/\/traduzca.com\/conheca-a-tragica-e-real-historia-por-tras-da-expressao-ines-e-morta\/\"},\"wordCount\":381,\"publisher\":{\"@id\":\"https:\/\/traduzca.com\/#organization\"},\"keywords\":[\"Blog\",\"NOT\u00cdCIAS\"],\"articleSection\":[\"Blog\",\"Not\u00edcias\"],\"inLanguage\":\"es-ES\"},{\"@type\":\"WebPage\",\"@id\":\"https:\/\/traduzca.com\/conheca-a-tragica-e-real-historia-por-tras-da-expressao-ines-e-morta\/\",\"url\":\"https:\/\/traduzca.com\/conheca-a-tragica-e-real-historia-por-tras-da-expressao-ines-e-morta\/\",\"name\":\"Conhe\u00e7a a tr\u00e1gica e real hist\u00f3ria por tr\u00e1s da express\u00e3o \\\"In\u00eas \u00e9 morta\\\" - Traduzca\",\"isPartOf\":{\"@id\":\"https:\/\/traduzca.com\/#website\"},\"datePublished\":\"2022-07-01T18:25:45+00:00\",\"dateModified\":\"2026-02-13T19:02:25+00:00\",\"breadcrumb\":{\"@id\":\"https:\/\/traduzca.com\/conheca-a-tragica-e-real-historia-por-tras-da-expressao-ines-e-morta\/#breadcrumb\"},\"inLanguage\":\"es-ES\",\"potentialAction\":[{\"@type\":\"ReadAction\",\"target\":[\"https:\/\/traduzca.com\/conheca-a-tragica-e-real-historia-por-tras-da-expressao-ines-e-morta\/\"]}]},{\"@type\":\"BreadcrumbList\",\"@id\":\"https:\/\/traduzca.com\/conheca-a-tragica-e-real-historia-por-tras-da-expressao-ines-e-morta\/#breadcrumb\",\"itemListElement\":[{\"@type\":\"ListItem\",\"position\":1,\"name\":\"Home\",\"item\":\"https:\/\/traduzca.com\/\"},{\"@type\":\"ListItem\",\"position\":2,\"name\":\"Conhe\u00e7a a tr\u00e1gica e real hist\u00f3ria por tr\u00e1s da express\u00e3o &#8220;In\u00eas \u00e9 morta&#8221;\"}]},{\"@type\":\"WebSite\",\"@id\":\"https:\/\/traduzca.com\/#website\",\"url\":\"https:\/\/traduzca.com\/\",\"name\":\"Traduzca\",\"description\":\"A Traduzca conecta voc\u00ea a tradutores nativos com expertise t\u00e9cnica. Qualidade, sigilo e pontualidade para romper as barreiras do seu neg\u00f3cio.\",\"publisher\":{\"@id\":\"https:\/\/traduzca.com\/#organization\"},\"potentialAction\":[{\"@type\":\"SearchAction\",\"target\":{\"@type\":\"EntryPoint\",\"urlTemplate\":\"https:\/\/traduzca.com\/?s={search_term_string}\"},\"query-input\":{\"@type\":\"PropertyValueSpecification\",\"valueRequired\":true,\"valueName\":\"search_term_string\"}}],\"inLanguage\":\"es-ES\"},{\"@type\":\"Organization\",\"@id\":\"https:\/\/traduzca.com\/#organization\",\"name\":\"Traduzca\",\"url\":\"https:\/\/traduzca.com\/\",\"logo\":{\"@type\":\"ImageObject\",\"inLanguage\":\"es-ES\",\"@id\":\"https:\/\/traduzca.com\/#\/schema\/logo\/image\/\",\"url\":\"https:\/\/traduzca.com\/wp-content\/uploads\/2026\/02\/cropped-favicon.png\",\"contentUrl\":\"https:\/\/traduzca.com\/wp-content\/uploads\/2026\/02\/cropped-favicon.png\",\"width\":97,\"height\":94,\"caption\":\"Traduzca\"},\"image\":{\"@id\":\"https:\/\/traduzca.com\/#\/schema\/logo\/image\/\"},\"sameAs\":[\"https:\/\/www.facebook.com\/traduzca\"]},{\"@type\":\"Person\",\"@id\":\"https:\/\/traduzca.com\/#\/schema\/person\/b4689f634b68236dfb176043283b2ae8\",\"name\":\"traduzca_admin\",\"image\":{\"@type\":\"ImageObject\",\"inLanguage\":\"es-ES\",\"@id\":\"https:\/\/traduzca.com\/#\/schema\/person\/image\/\",\"url\":\"https:\/\/secure.gravatar.com\/avatar\/3e977bbac939cc66d785e2b0963953e99cf6fed540960c0ef0a9e984e569dd2f?s=96&d=mm&r=g\",\"contentUrl\":\"https:\/\/secure.gravatar.com\/avatar\/3e977bbac939cc66d785e2b0963953e99cf6fed540960c0ef0a9e984e569dd2f?s=96&d=mm&r=g\",\"caption\":\"traduzca_admin\"},\"sameAs\":[\"https:\/\/traduzca.com\"],\"url\":\"https:\/\/traduzca.com\/es\/author\/traduzca_admin\/\"}]}<\/script>\n<!-- \/ Yoast SEO plugin. -->","yoast_head_json":{"title":"Conhe\u00e7a a tr\u00e1gica e real hist\u00f3ria por tr\u00e1s da express\u00e3o \"In\u00eas \u00e9 morta\" - Traduzca","robots":{"index":"index","follow":"follow","max-snippet":"max-snippet:-1","max-image-preview":"max-image-preview:large","max-video-preview":"max-video-preview:-1"},"canonical":"https:\/\/traduzca.com\/es\/conheca-a-tragica-e-real-historia-por-tras-da-expressao-ines-e-morta\/","og_locale":"es_ES","og_type":"article","og_title":"Conhe\u00e7a a tr\u00e1gica e real hist\u00f3ria por tr\u00e1s da express\u00e3o \"In\u00eas \u00e9 morta\" - Traduzca","og_description":"\u00c9 muito prov\u00e1vel que voc\u00ea j\u00e1 tenha ouvido falar ou at\u00e9 mesmo tenha mencionado a express\u00e3o \"In\u00eas \u00e9 morta\". Ela costuma ser usada no sentido de \"agora, \u00e9 tarde demais\". Mas voc\u00ea sabia que a famosa fras...","og_url":"https:\/\/traduzca.com\/es\/conheca-a-tragica-e-real-historia-por-tras-da-expressao-ines-e-morta\/","og_site_name":"Traduzca","article_publisher":"https:\/\/www.facebook.com\/traduzca","article_published_time":"2022-07-01T18:25:45+00:00","article_modified_time":"2026-02-13T19:02:25+00:00","author":"traduzca_admin","twitter_card":"summary_large_image","twitter_misc":{"Written by":"traduzca_admin","Est. reading time":"2 minutes"},"schema":{"@context":"https:\/\/schema.org","@graph":[{"@type":"Article","@id":"https:\/\/traduzca.com\/conheca-a-tragica-e-real-historia-por-tras-da-expressao-ines-e-morta\/#article","isPartOf":{"@id":"https:\/\/traduzca.com\/conheca-a-tragica-e-real-historia-por-tras-da-expressao-ines-e-morta\/"},"author":{"name":"traduzca_admin","@id":"https:\/\/traduzca.com\/#\/schema\/person\/b4689f634b68236dfb176043283b2ae8"},"headline":"Conhe\u00e7a a tr\u00e1gica e real hist\u00f3ria por tr\u00e1s da express\u00e3o &#8220;In\u00eas \u00e9 morta&#8221;","datePublished":"2022-07-01T18:25:45+00:00","dateModified":"2026-02-13T19:02:25+00:00","mainEntityOfPage":{"@id":"https:\/\/traduzca.com\/conheca-a-tragica-e-real-historia-por-tras-da-expressao-ines-e-morta\/"},"wordCount":381,"publisher":{"@id":"https:\/\/traduzca.com\/#organization"},"keywords":["Blog","NOT\u00cdCIAS"],"articleSection":["Blog","Not\u00edcias"],"inLanguage":"es-ES"},{"@type":"WebPage","@id":"https:\/\/traduzca.com\/conheca-a-tragica-e-real-historia-por-tras-da-expressao-ines-e-morta\/","url":"https:\/\/traduzca.com\/conheca-a-tragica-e-real-historia-por-tras-da-expressao-ines-e-morta\/","name":"Conhe\u00e7a a tr\u00e1gica e real hist\u00f3ria por tr\u00e1s da express\u00e3o \"In\u00eas \u00e9 morta\" - Traduzca","isPartOf":{"@id":"https:\/\/traduzca.com\/#website"},"datePublished":"2022-07-01T18:25:45+00:00","dateModified":"2026-02-13T19:02:25+00:00","breadcrumb":{"@id":"https:\/\/traduzca.com\/conheca-a-tragica-e-real-historia-por-tras-da-expressao-ines-e-morta\/#breadcrumb"},"inLanguage":"es-ES","potentialAction":[{"@type":"ReadAction","target":["https:\/\/traduzca.com\/conheca-a-tragica-e-real-historia-por-tras-da-expressao-ines-e-morta\/"]}]},{"@type":"BreadcrumbList","@id":"https:\/\/traduzca.com\/conheca-a-tragica-e-real-historia-por-tras-da-expressao-ines-e-morta\/#breadcrumb","itemListElement":[{"@type":"ListItem","position":1,"name":"Home","item":"https:\/\/traduzca.com\/"},{"@type":"ListItem","position":2,"name":"Conhe\u00e7a a tr\u00e1gica e real hist\u00f3ria por tr\u00e1s da express\u00e3o &#8220;In\u00eas \u00e9 morta&#8221;"}]},{"@type":"WebSite","@id":"https:\/\/traduzca.com\/#website","url":"https:\/\/traduzca.com\/","name":"Traduzca","description":"Traduzca lo conecta con traductores nativos con experiencia t\u00e9cnica. Calidad, confidencialidad y puntualidad para derribar las barreras de su negocio.","publisher":{"@id":"https:\/\/traduzca.com\/#organization"},"potentialAction":[{"@type":"SearchAction","target":{"@type":"EntryPoint","urlTemplate":"https:\/\/traduzca.com\/?s={search_term_string}"},"query-input":{"@type":"PropertyValueSpecification","valueRequired":true,"valueName":"search_term_string"}}],"inLanguage":"es-ES"},{"@type":"Organization","@id":"https:\/\/traduzca.com\/#organization","name":"Traduzca","url":"https:\/\/traduzca.com\/","logo":{"@type":"ImageObject","inLanguage":"es-ES","@id":"https:\/\/traduzca.com\/#\/schema\/logo\/image\/","url":"https:\/\/traduzca.com\/wp-content\/uploads\/2026\/02\/cropped-favicon.png","contentUrl":"https:\/\/traduzca.com\/wp-content\/uploads\/2026\/02\/cropped-favicon.png","width":97,"height":94,"caption":"Traduzca"},"image":{"@id":"https:\/\/traduzca.com\/#\/schema\/logo\/image\/"},"sameAs":["https:\/\/www.facebook.com\/traduzca"]},{"@type":"Person","@id":"https:\/\/traduzca.com\/#\/schema\/person\/b4689f634b68236dfb176043283b2ae8","name":"traduzca_admin","image":{"@type":"ImageObject","inLanguage":"es-ES","@id":"https:\/\/traduzca.com\/#\/schema\/person\/image\/","url":"https:\/\/secure.gravatar.com\/avatar\/3e977bbac939cc66d785e2b0963953e99cf6fed540960c0ef0a9e984e569dd2f?s=96&d=mm&r=g","contentUrl":"https:\/\/secure.gravatar.com\/avatar\/3e977bbac939cc66d785e2b0963953e99cf6fed540960c0ef0a9e984e569dd2f?s=96&d=mm&r=g","caption":"traduzca_admin"},"sameAs":["https:\/\/traduzca.com"],"url":"https:\/\/traduzca.com\/es\/author\/traduzca_admin\/"}]}},"_links":{"self":[{"href":"https:\/\/traduzca.com\/es\/wp-json\/wp\/v2\/posts\/3565","targetHints":{"allow":["GET"]}}],"collection":[{"href":"https:\/\/traduzca.com\/es\/wp-json\/wp\/v2\/posts"}],"about":[{"href":"https:\/\/traduzca.com\/es\/wp-json\/wp\/v2\/types\/post"}],"author":[{"embeddable":true,"href":"https:\/\/traduzca.com\/es\/wp-json\/wp\/v2\/users\/1"}],"replies":[{"embeddable":true,"href":"https:\/\/traduzca.com\/es\/wp-json\/wp\/v2\/comments?post=3565"}],"version-history":[{"count":2,"href":"https:\/\/traduzca.com\/es\/wp-json\/wp\/v2\/posts\/3565\/revisions"}],"predecessor-version":[{"id":3567,"href":"https:\/\/traduzca.com\/es\/wp-json\/wp\/v2\/posts\/3565\/revisions\/3567"}],"wp:attachment":[{"href":"https:\/\/traduzca.com\/es\/wp-json\/wp\/v2\/media?parent=3565"}],"wp:term":[{"taxonomy":"category","embeddable":true,"href":"https:\/\/traduzca.com\/es\/wp-json\/wp\/v2\/categories?post=3565"},{"taxonomy":"post_tag","embeddable":true,"href":"https:\/\/traduzca.com\/es\/wp-json\/wp\/v2\/tags?post=3565"}],"curies":[{"name":"wp","href":"https:\/\/api.w.org\/{rel}","templated":true}]}}